{"id":2261,"date":"2025-01-22T09:12:18","date_gmt":"2025-01-22T09:12:18","guid":{"rendered":"http:\/\/www.aspack.es\/news\/?p=2261"},"modified":"2025-01-22T09:16:41","modified_gmt":"2025-01-22T09:16:41","slug":"tarifas-carton-circular-2025-eficiencia-sostenibilidad-y-transparencia-en-la-gestion-de-residuos-de-envases-industriales","status":"publish","type":"post","link":"https:\/\/www.aspack.es\/news\/tarifas-carton-circular-2025-eficiencia-sostenibilidad-y-transparencia-en-la-gestion-de-residuos-de-envases-industriales\/","title":{"rendered":"Tarifas Cart\u00f3n Circular 2025: eficiencia, sostenibilidad y transparencia en la gesti\u00f3n de residuos de envases industriales"},"content":{"rendered":"\n<p>El compromiso de Cart\u00f3n Circular es ofrecer un modelo operativo sostenible, eficiente y alineado con las necesidades del mercado. Por eso, las&nbsp;tarifas&nbsp;para 2025 est\u00e1n dise\u00f1adas con un enfoque claro: garantizar la eficiencia operativa y el cumplimiento normativo, minimizando el impacto en las empresas adheridas.<\/p>\n\n\n\n<p>La contribuci\u00f3n al Sistema Colectivo de Responsabilidad Ampliada del Productor (SCRAP)&nbsp;ser\u00e1 de 7 euros por tonelada de material, una cifra cuidadosamente calculada para reflejar los costes reales y cubrir las necesidades operativas del sistema.<\/p>\n\n\n\n<p>\u00bfQu\u00e9 garantizan estas tarifas?<\/p>\n\n\n\n<ul class=\"wp-block-list\"><li>Sostenibilidad econ\u00f3mica: Una tarifa justa gracias a un modelo de costes eficientes que minimiza el impacto en las empresas.<\/li><li>Eficiencia operativa: Seguimiento y trazabilidad de los materiales.<\/li><li>Respeto al mercado: Se evitan costes innecesarios al tener en cuenta las altas tasas de reciclado en envases industriales.<\/li><li>Transparencia: basadas en la recopilaci\u00f3n, administraci\u00f3n y comunicaci\u00f3n adecuada de los datos sobre la trazabilidad de los envases y residuos de envases a la Administraci\u00f3n P\u00fablica.<\/li><li>Responsabilidad: Cumplen con las obligaciones legales para que las empresas puedan concentrarse en su actividad principal.<\/li><\/ul>\n\n\n\n<p>Descubre <a href=\"http:\/\/:https:\/\/cartoncircular.es\/tarifas-scrap-carton-circular-2025\/\">aqu\u00ed<\/a> c\u00f3mo desde Cart\u00f3n Circular pueden ayudarte a gestionar los envases y residuos de envases de la forma m\u00e1s responsable y econ\u00f3mica.<\/p>\n","protected":false},"excerpt":{"rendered":"<p>El compromiso de Cart\u00f3n Circular es ofrecer un modelo operativo sostenible, eficiente y alineado con las necesidades del mercado. Por eso, las&nbsp;tarifas&nbsp;para 2025 est\u00e1n dise\u00f1adas con un enfoque claro: garantizar la eficiencia operativa y el cumplimiento normativo, minimizando el impacto en las empresas adheridas. La contribuci\u00f3n al Sistema Colectivo de Responsabilidad Ampliada del Productor (SCRAP)&nbsp;ser\u00e1&hellip;<\/p>\n","protected":false},"author":1,"featured_media":2262,"comment_status":"closed","ping_status":"open","sticky":false,"template":"","format":"standard","meta":{"footnotes":""},"categories":[17,22],"tags":[],"class_list":["post-2261","post","type-post","status-publish","format-standard","has-post-thumbnail","hentry","category-el-sector","category-noticias"],"yoast_head":"<!-- This site is optimized with the Yoast SEO plugin v25.9 - https:\/\/yoast.com\/wordpress\/plugins\/seo\/ -->\n<title>Tarifas Cart\u00f3n Circular 2025: eficiencia, sostenibilidad y transparencia en la gesti\u00f3n de residuos de envases industriales - ASPACK NEWS<\/title>\n<meta name=\"description\" content=\"Cart\u00f3n Circular anuncia sus tarifas para 2025: eficiencia, sostenibilidad y transparencia en la gesti\u00f3n de residuos de envases industriales.\" \/>\n<meta name=\"robots\" content=\"index, follow, max-snippet:-1, max-image-preview:large, max-video-preview:-1\" \/>\n<link rel=\"canonical\" href=\"https:\/\/www.aspack.es\/news\/tarifas-carton-circular-2025-eficiencia-sostenibilidad-y-transparencia-en-la-gestion-de-residuos-de-envases-industriales\/\" \/>\n<meta property=\"og:locale\" content=\"es_ES\" \/>\n<meta property=\"og:type\" content=\"article\" \/>\n<meta property=\"og:title\" content=\"Tarifas Cart\u00f3n Circular 2025: eficiencia, sostenibilidad y transparencia en la gesti\u00f3n de residuos de envases industriales - ASPACK NEWS\" \/>\n<meta property=\"og:description\" content=\"Cart\u00f3n Circular anuncia sus tarifas para 2025: eficiencia, sostenibilidad y transparencia en la gesti\u00f3n de residuos de envases industriales.\" \/>\n<meta property=\"og:url\" content=\"https:\/\/www.aspack.es\/news\/tarifas-carton-circular-2025-eficiencia-sostenibilidad-y-transparencia-en-la-gestion-de-residuos-de-envases-industriales\/\" \/>\n<meta property=\"og:site_name\" content=\"ASPACK NEWS\" \/>\n<meta property=\"article:published_time\" content=\"2025-01-22T09:12:18+00:00\" \/>\n<meta property=\"article:modified_time\" content=\"2025-01-22T09:16:41+00:00\" \/>\n<meta property=\"og:image\" content=\"https:\/\/www.aspack.es\/news\/wp-content\/uploads\/2025\/01\/Presentacion1.jpg\" \/>\n\t<meta property=\"og:image:width\" content=\"1280\" \/>\n\t<meta property=\"og:image:height\" content=\"671\" \/>\n\t<meta property=\"og:image:type\" content=\"image\/jpeg\" \/>\n<meta name=\"author\" content=\"admin\" \/>\n<meta name=\"twitter:card\" content=\"summary_large_image\" \/>\n<meta name=\"twitter:label1\" content=\"Escrito por\" \/>\n\t<meta name=\"twitter:data1\" content=\"admin\" \/>\n\t<meta name=\"twitter:label2\" content=\"Tiempo de lectura\" \/>\n\t<meta name=\"twitter:data2\" content=\"1 minuto\" \/>\n<script type=\"application\/ld+json\" class=\"yoast-schema-graph\">{\"@context\":\"https:\/\/schema.org\",\"@graph\":[{\"@type\":\"WebPage\",\"@id\":\"https:\/\/www.aspack.es\/news\/tarifas-carton-circular-2025-eficiencia-sostenibilidad-y-transparencia-en-la-gestion-de-residuos-de-envases-industriales\/\",\"url\":\"https:\/\/www.aspack.es\/news\/tarifas-carton-circular-2025-eficiencia-sostenibilidad-y-transparencia-en-la-gestion-de-residuos-de-envases-industriales\/\",\"name\":\"Tarifas Cart\u00f3n Circular 2025: eficiencia, sostenibilidad y transparencia en la gesti\u00f3n de residuos de envases industriales - ASPACK NEWS\",\"isPartOf\":{\"@id\":\"http:\/\/www.aspack.es\/news\/#website\"},\"primaryImageOfPage\":{\"@id\":\"https:\/\/www.aspack.es\/news\/tarifas-carton-circular-2025-eficiencia-sostenibilidad-y-transparencia-en-la-gestion-de-residuos-de-envases-industriales\/#primaryimage\"},\"image\":{\"@id\":\"https:\/\/www.aspack.es\/news\/tarifas-carton-circular-2025-eficiencia-sostenibilidad-y-transparencia-en-la-gestion-de-residuos-de-envases-industriales\/#primaryimage\"},\"thumbnailUrl\":\"https:\/\/www.aspack.es\/news\/wp-content\/uploads\/2025\/01\/Presentacion1.jpg\",\"datePublished\":\"2025-01-22T09:12:18+00:00\",\"dateModified\":\"2025-01-22T09:16:41+00:00\",\"author\":{\"@id\":\"http:\/\/www.aspack.es\/news\/#\/schema\/person\/0019098322836346476fc7dfdbd26d95\"},\"description\":\"Cart\u00f3n Circular anuncia sus tarifas para 2025: eficiencia, sostenibilidad y transparencia en la gesti\u00f3n de residuos de envases industriales.\",\"breadcrumb\":{\"@id\":\"https:\/\/www.aspack.es\/news\/tarifas-carton-circular-2025-eficiencia-sostenibilidad-y-transparencia-en-la-gestion-de-residuos-de-envases-industriales\/#breadcrumb\"},\"inLanguage\":\"es\",\"potentialAction\":[{\"@type\":\"ReadAction\",\"target\":[\"https:\/\/www.aspack.es\/news\/tarifas-carton-circular-2025-eficiencia-sostenibilidad-y-transparencia-en-la-gestion-de-residuos-de-envases-industriales\/\"]}]},{\"@type\":\"ImageObject\",\"inLanguage\":\"es\",\"@id\":\"https:\/\/www.aspack.es\/news\/tarifas-carton-circular-2025-eficiencia-sostenibilidad-y-transparencia-en-la-gestion-de-residuos-de-envases-industriales\/#primaryimage\",\"url\":\"https:\/\/www.aspack.es\/news\/wp-content\/uploads\/2025\/01\/Presentacion1.jpg\",\"contentUrl\":\"https:\/\/www.aspack.es\/news\/wp-content\/uploads\/2025\/01\/Presentacion1.jpg\",\"width\":1280,\"height\":671},{\"@type\":\"BreadcrumbList\",\"@id\":\"https:\/\/www.aspack.es\/news\/tarifas-carton-circular-2025-eficiencia-sostenibilidad-y-transparencia-en-la-gestion-de-residuos-de-envases-industriales\/#breadcrumb\",\"itemListElement\":[{\"@type\":\"ListItem\",\"position\":1,\"name\":\"Portada\",\"item\":\"http:\/\/www.aspack.es\/news\/\"},{\"@type\":\"ListItem\",\"position\":2,\"name\":\"Tarifas Cart\u00f3n Circular 2025: eficiencia, sostenibilidad y transparencia en la gesti\u00f3n de residuos de envases industriales\"}]},{\"@type\":\"WebSite\",\"@id\":\"http:\/\/www.aspack.es\/news\/#website\",\"url\":\"http:\/\/www.aspack.es\/news\/\",\"name\":\"ASPACK NEWS\",\"description\":\"El peri?dico digital de los envases de cart?n\",\"potentialAction\":[{\"@type\":\"SearchAction\",\"target\":{\"@type\":\"EntryPoint\",\"urlTemplate\":\"http:\/\/www.aspack.es\/news\/?s={search_term_string}\"},\"query-input\":{\"@type\":\"PropertyValueSpecification\",\"valueRequired\":true,\"valueName\":\"search_term_string\"}}],\"inLanguage\":\"es\"},{\"@type\":\"Person\",\"@id\":\"http:\/\/www.aspack.es\/news\/#\/schema\/person\/0019098322836346476fc7dfdbd26d95\",\"name\":\"admin\",\"image\":{\"@type\":\"ImageObject\",\"inLanguage\":\"es\",\"@id\":\"http:\/\/www.aspack.es\/news\/#\/schema\/person\/image\/\",\"url\":\"https:\/\/secure.gravatar.com\/avatar\/6a6c60542c39a2d052b8b1e8c5145e669bf888b9b229b3da0e43092daac8a32e?s=96&d=mm&r=g\",\"contentUrl\":\"https:\/\/secure.gravatar.com\/avatar\/6a6c60542c39a2d052b8b1e8c5145e669bf888b9b229b3da0e43092daac8a32e?s=96&d=mm&r=g\",\"caption\":\"admin\"},\"url\":\"https:\/\/www.aspack.es\/news\/author\/admin\/\"}]}<\/script>\n<!-- \/ Yoast SEO plugin. -->","yoast_head_json":{"title":"Tarifas Cart\u00f3n Circular 2025: eficiencia, sostenibilidad y transparencia en la gesti\u00f3n de residuos de envases industriales - ASPACK NEWS","description":"Cart\u00f3n Circular anuncia sus tarifas para 2025: eficiencia, sostenibilidad y transparencia en la gesti\u00f3n de residuos de envases industriales.","robots":{"index":"index","follow":"follow","max-snippet":"max-snippet:-1","max-image-preview":"max-image-preview:large","max-video-preview":"max-video-preview:-1"},"canonical":"https:\/\/www.aspack.es\/news\/tarifas-carton-circular-2025-eficiencia-sostenibilidad-y-transparencia-en-la-gestion-de-residuos-de-envases-industriales\/","og_locale":"es_ES","og_type":"article","og_title":"Tarifas Cart\u00f3n Circular 2025: eficiencia, sostenibilidad y transparencia en la gesti\u00f3n de residuos de envases industriales - ASPACK NEWS","og_description":"Cart\u00f3n Circular anuncia sus tarifas para 2025: eficiencia, sostenibilidad y transparencia en la gesti\u00f3n de residuos de envases industriales.","og_url":"https:\/\/www.aspack.es\/news\/tarifas-carton-circular-2025-eficiencia-sostenibilidad-y-transparencia-en-la-gestion-de-residuos-de-envases-industriales\/","og_site_name":"ASPACK NEWS","article_published_time":"2025-01-22T09:12:18+00:00","article_modified_time":"2025-01-22T09:16:41+00:00","og_image":[{"width":1280,"height":671,"url":"https:\/\/www.aspack.es\/news\/wp-content\/uploads\/2025\/01\/Presentacion1.jpg","type":"image\/jpeg"}],"author":"admin","twitter_card":"summary_large_image","twitter_misc":{"Escrito por":"admin","Tiempo de lectura":"1 minuto"},"schema":{"@context":"https:\/\/schema.org","@graph":[{"@type":"WebPage","@id":"https:\/\/www.aspack.es\/news\/tarifas-carton-circular-2025-eficiencia-sostenibilidad-y-transparencia-en-la-gestion-de-residuos-de-envases-industriales\/","url":"https:\/\/www.aspack.es\/news\/tarifas-carton-circular-2025-eficiencia-sostenibilidad-y-transparencia-en-la-gestion-de-residuos-de-envases-industriales\/","name":"Tarifas Cart\u00f3n Circular 2025: eficiencia, sostenibilidad y transparencia en la gesti\u00f3n de residuos de envases industriales - ASPACK NEWS","isPartOf":{"@id":"http:\/\/www.aspack.es\/news\/#website"},"primaryImageOfPage":{"@id":"https:\/\/www.aspack.es\/news\/tarifas-carton-circular-2025-eficiencia-sostenibilidad-y-transparencia-en-la-gestion-de-residuos-de-envases-industriales\/#primaryimage"},"image":{"@id":"https:\/\/www.aspack.es\/news\/tarifas-carton-circular-2025-eficiencia-sostenibilidad-y-transparencia-en-la-gestion-de-residuos-de-envases-industriales\/#primaryimage"},"thumbnailUrl":"https:\/\/www.aspack.es\/news\/wp-content\/uploads\/2025\/01\/Presentacion1.jpg","datePublished":"2025-01-22T09:12:18+00:00","dateModified":"2025-01-22T09:16:41+00:00","author":{"@id":"http:\/\/www.aspack.es\/news\/#\/schema\/person\/0019098322836346476fc7dfdbd26d95"},"description":"Cart\u00f3n Circular anuncia sus tarifas para 2025: eficiencia, sostenibilidad y transparencia en la gesti\u00f3n de residuos de envases industriales.","breadcrumb":{"@id":"https:\/\/www.aspack.es\/news\/tarifas-carton-circular-2025-eficiencia-sostenibilidad-y-transparencia-en-la-gestion-de-residuos-de-envases-industriales\/#breadcrumb"},"inLanguage":"es","potentialAction":[{"@type":"ReadAction","target":["https:\/\/www.aspack.es\/news\/tarifas-carton-circular-2025-eficiencia-sostenibilidad-y-transparencia-en-la-gestion-de-residuos-de-envases-industriales\/"]}]},{"@type":"ImageObject","inLanguage":"es","@id":"https:\/\/www.aspack.es\/news\/tarifas-carton-circular-2025-eficiencia-sostenibilidad-y-transparencia-en-la-gestion-de-residuos-de-envases-industriales\/#primaryimage","url":"https:\/\/www.aspack.es\/news\/wp-content\/uploads\/2025\/01\/Presentacion1.jpg","contentUrl":"https:\/\/www.aspack.es\/news\/wp-content\/uploads\/2025\/01\/Presentacion1.jpg","width":1280,"height":671},{"@type":"BreadcrumbList","@id":"https:\/\/www.aspack.es\/news\/tarifas-carton-circular-2025-eficiencia-sostenibilidad-y-transparencia-en-la-gestion-de-residuos-de-envases-industriales\/#breadcrumb","itemListElement":[{"@type":"ListItem","position":1,"name":"Portada","item":"http:\/\/www.aspack.es\/news\/"},{"@type":"ListItem","position":2,"name":"Tarifas Cart\u00f3n Circular 2025: eficiencia, sostenibilidad y transparencia en la gesti\u00f3n de residuos de envases industriales"}]},{"@type":"WebSite","@id":"http:\/\/www.aspack.es\/news\/#website","url":"http:\/\/www.aspack.es\/news\/","name":"ASPACK NEWS","description":"El peri?dico digital de los envases de cart?n","potentialAction":[{"@type":"SearchAction","target":{"@type":"EntryPoint","urlTemplate":"http:\/\/www.aspack.es\/news\/?s={search_term_string}"},"query-input":{"@type":"PropertyValueSpecification","valueRequired":true,"valueName":"search_term_string"}}],"inLanguage":"es"},{"@type":"Person","@id":"http:\/\/www.aspack.es\/news\/#\/schema\/person\/0019098322836346476fc7dfdbd26d95","name":"admin","image":{"@type":"ImageObject","inLanguage":"es","@id":"http:\/\/www.aspack.es\/news\/#\/schema\/person\/image\/","url":"https:\/\/secure.gravatar.com\/avatar\/6a6c60542c39a2d052b8b1e8c5145e669bf888b9b229b3da0e43092daac8a32e?s=96&d=mm&r=g","contentUrl":"https:\/\/secure.gravatar.com\/avatar\/6a6c60542c39a2d052b8b1e8c5145e669bf888b9b229b3da0e43092daac8a32e?s=96&d=mm&r=g","caption":"admin"},"url":"https:\/\/www.aspack.es\/news\/author\/admin\/"}]}},"_links":{"self":[{"href":"https:\/\/www.aspack.es\/news\/wp-json\/wp\/v2\/posts\/2261","targetHints":{"allow":["GET"]}}],"collection":[{"href":"https:\/\/www.aspack.es\/news\/wp-json\/wp\/v2\/posts"}],"about":[{"href":"https:\/\/www.aspack.es\/news\/wp-json\/wp\/v2\/types\/post"}],"author":[{"embeddable":true,"href":"https:\/\/www.aspack.es\/news\/wp-json\/wp\/v2\/users\/1"}],"replies":[{"embeddable":true,"href":"https:\/\/www.aspack.es\/news\/wp-json\/wp\/v2\/comments?post=2261"}],"version-history":[{"count":1,"href":"https:\/\/www.aspack.es\/news\/wp-json\/wp\/v2\/posts\/2261\/revisions"}],"predecessor-version":[{"id":2263,"href":"https:\/\/www.aspack.es\/news\/wp-json\/wp\/v2\/posts\/2261\/revisions\/2263"}],"wp:featuredmedia":[{"embeddable":true,"href":"https:\/\/www.aspack.es\/news\/wp-json\/wp\/v2\/media\/2262"}],"wp:attachment":[{"href":"https:\/\/www.aspack.es\/news\/wp-json\/wp\/v2\/media?parent=2261"}],"wp:term":[{"taxonomy":"category","embeddable":true,"href":"https:\/\/www.aspack.es\/news\/wp-json\/wp\/v2\/categories?post=2261"},{"taxonomy":"post_tag","embeddable":true,"href":"https:\/\/www.aspack.es\/news\/wp-json\/wp\/v2\/tags?post=2261"}],"curies":[{"name":"wp","href":"https:\/\/api.w.org\/{rel}","templated":true}]}}