{"id":2394,"date":"2025-10-08T08:21:45","date_gmt":"2025-10-08T08:21:45","guid":{"rendered":"https:\/\/www.aspack.es\/news\/?p=2394"},"modified":"2025-10-08T08:21:46","modified_gmt":"2025-10-08T08:21:46","slug":"graficas-lersi-consolida-un-primer-semestre-record-y-anuncia-su-participacion-en-empack-madrid-2025","status":"publish","type":"post","link":"https:\/\/www.aspack.es\/news\/graficas-lersi-consolida-un-primer-semestre-record-y-anuncia-su-participacion-en-empack-madrid-2025\/","title":{"rendered":"Gr\u00e1ficas Lersi consolida un primer semestre r\u00e9cord, y anuncia su participaci\u00f3n en Empack Madrid 2025"},"content":{"rendered":"\n<p>Gr\u00e1ficas Lersi, empresa especializada en soluciones de packaging para los sectores de alimentaci\u00f3n, cosm\u00e9tica y farmacia, ha cerrado el primer semestre de 2025 con un crecimiento del&nbsp;<strong>21,5% en ventas<\/strong>, consolidando su posici\u00f3n en un mercado que ha retrocedido un&nbsp;<strong>5% en volumen<\/strong>. A este desempe\u00f1o se suma su participaci\u00f3n en&nbsp;<strong>Empack Madrid 2025<\/strong>, donde estar\u00e1 presente en el&nbsp;<strong>stand 8D46<\/strong>&nbsp;los d\u00edas&nbsp;<strong>15 y 16 de octubre en IFEMA<\/strong>, para mostrar de cerca sus soluciones m\u00e1s innovadoras.<\/p>\n\n\n\n<p>Este crecimiento sostenido llega en un contexto complejo para el sector, lo que refuerza el valor de los resultados alcanzados. Pese al incremento en costes vinculados a la ampliaci\u00f3n del equipo humano y al aumento en la actividad, la compa\u00f1\u00eda ha logrado optimizar sus cargas fijas, mejorando la eficiencia global. Con ello, Gr\u00e1ficas Lersi prev\u00e9 cerrar el ejercicio&nbsp;<strong>duplicando el EBITDA de 2024<\/strong>, adem\u00e1s de reforzar su capacidad de inversi\u00f3n. La gesti\u00f3n financiera tambi\u00e9n ha sido positiva: se ha reducido el gasto financiero, incluso absorbiendo la necesidad de mayor aprovisionamiento de materias primas para sostener el crecimiento.<\/p>\n\n\n\n<p>En paralelo, Gr\u00e1ficas Lersi avanza en su&nbsp;<strong>plan estrat\u00e9gico<\/strong>&nbsp;con nuevas inversiones industriales: la ampliaci\u00f3n de sus instalaciones en&nbsp;<strong>2.000 m\u00b2 adicionales<\/strong>&nbsp;para reforzar la capacidad log\u00edstica; la incorporaci\u00f3n de una&nbsp;<strong>nueva m\u00e1quina de stamping<\/strong>&nbsp;ya operativa; y la confirmaci\u00f3n para febrero de 2026 de una&nbsp;<strong>nueva l\u00ednea de impresi\u00f3n de \u00faltima generaci\u00f3n<\/strong>&nbsp;junto con otra de troquelado con blanking y striping, dise\u00f1ada para abordar proyectos de gran volumen con mayor rapidez y calidad.<\/p>\n\n\n\n<p>Todas estas inversiones se enmarcan en el&nbsp;<strong>Business Plan 2022\u20132029<\/strong>, impulsado tras la entrada del actual CEO, C\u00e9sar Romero, cuyo objetivo es alcanzar un volumen de negocio de entre&nbsp;<strong>25 y 30 millones de euros<\/strong>&nbsp;y situar a Gr\u00e1ficas Lersi entre las compa\u00f1\u00edas de packaging m\u00e1s completas e innovadoras del panorama nacional.<\/p>\n\n\n\n<p>Durante la feria, los visitantes podr\u00e1n descubrir el&nbsp;<strong>portfolio completo de Gr\u00e1ficas Lersi<\/strong>, que incluye soluciones de impresi\u00f3n de alta calidad, acabados especiales, stamping, troquelado avanzado y packaging adaptado a los requerimientos espec\u00edficos de cada sector. Adem\u00e1s, la compa\u00f1\u00eda ofrecer\u00e1&nbsp;<strong>asesoramiento personalizado<\/strong>, demostrando c\u00f3mo sus innovaciones permiten mejorar la eficiencia, la sostenibilidad y el impacto visual de los envases.<\/p>\n\n\n\n<p>Este enfoque integral asegura que cada visitante pueda&nbsp;<strong>explorar soluciones adaptadas a sus necesidades y proyectos<\/strong>, reforzando la reputaci\u00f3n de la compa\u00f1\u00eda como referente en innovaci\u00f3n, capacidad industrial y excelencia en el sector del packaging nacional.<\/p>\n","protected":false},"excerpt":{"rendered":"<p>Gr\u00e1ficas Lersi, empresa especializada en soluciones de packaging para los sectores de alimentaci\u00f3n, cosm\u00e9tica y farmacia, ha cerrado el primer semestre de 2025 con un crecimiento del&nbsp;21,5% en ventas, consolidando su posici\u00f3n en un mercado que ha retrocedido un&nbsp;5% en volumen. A este desempe\u00f1o se suma su participaci\u00f3n en&nbsp;Empack Madrid 2025, donde estar\u00e1 presente en&hellip;<\/p>\n","protected":false},"author":1,"featured_media":2395,"comment_status":"closed","ping_status":"open","sticky":false,"template":"","format":"standard","meta":{"footnotes":""},"categories":[18,22],"tags":[],"class_list":["post-2394","post","type-post","status-publish","format-standard","has-post-thumbnail","hentry","category-asociados","category-noticias"],"yoast_head":"<!-- This site is optimized with the Yoast SEO plugin v25.9 - https:\/\/yoast.com\/wordpress\/plugins\/seo\/ -->\n<title>Gr\u00e1ficas Lersi consolida un primer semestre r\u00e9cord, y anuncia su participaci\u00f3n en Empack Madrid 2025 - ASPACK NEWS<\/title>\n<meta name=\"description\" content=\"Gr\u00e1ficas Lersi crece un 21,5% en ventas y optimiza su rentabilidad, alcanzando r\u00e9cords en el primer semestre.\" \/>\n<meta name=\"robots\" content=\"index, follow, max-snippet:-1, max-image-preview:large, max-video-preview:-1\" \/>\n<link rel=\"canonical\" href=\"https:\/\/www.aspack.es\/news\/graficas-lersi-consolida-un-primer-semestre-record-y-anuncia-su-participacion-en-empack-madrid-2025\/\" \/>\n<meta property=\"og:locale\" content=\"es_ES\" \/>\n<meta property=\"og:type\" content=\"article\" \/>\n<meta property=\"og:title\" content=\"Gr\u00e1ficas Lersi consolida un primer semestre r\u00e9cord, y anuncia su participaci\u00f3n en Empack Madrid 2025 - ASPACK NEWS\" \/>\n<meta property=\"og:description\" content=\"Gr\u00e1ficas Lersi crece un 21,5% en ventas y optimiza su rentabilidad, alcanzando r\u00e9cords en el primer semestre.\" \/>\n<meta property=\"og:url\" content=\"https:\/\/www.aspack.es\/news\/graficas-lersi-consolida-un-primer-semestre-record-y-anuncia-su-participacion-en-empack-madrid-2025\/\" \/>\n<meta property=\"og:site_name\" content=\"ASPACK NEWS\" \/>\n<meta property=\"article:published_time\" content=\"2025-10-08T08:21:45+00:00\" \/>\n<meta property=\"article:modified_time\" content=\"2025-10-08T08:21:46+00:00\" \/>\n<meta property=\"og:image\" content=\"https:\/\/www.aspack.es\/news\/wp-content\/uploads\/2025\/10\/FotografiasGraficasLersi_141023-89-1024x656.jpg\" \/>\n\t<meta property=\"og:image:width\" content=\"1024\" \/>\n\t<meta property=\"og:image:height\" content=\"656\" \/>\n\t<meta property=\"og:image:type\" content=\"image\/jpeg\" \/>\n<meta name=\"author\" content=\"admin\" \/>\n<meta name=\"twitter:card\" content=\"summary_large_image\" \/>\n<meta name=\"twitter:label1\" content=\"Escrito por\" \/>\n\t<meta name=\"twitter:data1\" content=\"admin\" \/>\n\t<meta name=\"twitter:label2\" content=\"Tiempo de lectura\" \/>\n\t<meta name=\"twitter:data2\" content=\"3 minutos\" \/>\n<script type=\"application\/ld+json\" class=\"yoast-schema-graph\">{\"@context\":\"https:\/\/schema.org\",\"@graph\":[{\"@type\":\"WebPage\",\"@id\":\"https:\/\/www.aspack.es\/news\/graficas-lersi-consolida-un-primer-semestre-record-y-anuncia-su-participacion-en-empack-madrid-2025\/\",\"url\":\"https:\/\/www.aspack.es\/news\/graficas-lersi-consolida-un-primer-semestre-record-y-anuncia-su-participacion-en-empack-madrid-2025\/\",\"name\":\"Gr\u00e1ficas Lersi consolida un primer semestre r\u00e9cord, y anuncia su participaci\u00f3n en Empack Madrid 2025 - ASPACK NEWS\",\"isPartOf\":{\"@id\":\"https:\/\/www.aspack.es\/news\/#website\"},\"primaryImageOfPage\":{\"@id\":\"https:\/\/www.aspack.es\/news\/graficas-lersi-consolida-un-primer-semestre-record-y-anuncia-su-participacion-en-empack-madrid-2025\/#primaryimage\"},\"image\":{\"@id\":\"https:\/\/www.aspack.es\/news\/graficas-lersi-consolida-un-primer-semestre-record-y-anuncia-su-participacion-en-empack-madrid-2025\/#primaryimage\"},\"thumbnailUrl\":\"https:\/\/www.aspack.es\/news\/wp-content\/uploads\/2025\/10\/FotografiasGraficasLersi_141023-89-scaled.jpg\",\"datePublished\":\"2025-10-08T08:21:45+00:00\",\"dateModified\":\"2025-10-08T08:21:46+00:00\",\"author\":{\"@id\":\"https:\/\/www.aspack.es\/news\/#\/schema\/person\/0019098322836346476fc7dfdbd26d95\"},\"description\":\"Gr\u00e1ficas Lersi crece un 21,5% en ventas y optimiza su rentabilidad, alcanzando r\u00e9cords en el primer semestre.\",\"breadcrumb\":{\"@id\":\"https:\/\/www.aspack.es\/news\/graficas-lersi-consolida-un-primer-semestre-record-y-anuncia-su-participacion-en-empack-madrid-2025\/#breadcrumb\"},\"inLanguage\":\"es\",\"potentialAction\":[{\"@type\":\"ReadAction\",\"target\":[\"https:\/\/www.aspack.es\/news\/graficas-lersi-consolida-un-primer-semestre-record-y-anuncia-su-participacion-en-empack-madrid-2025\/\"]}]},{\"@type\":\"ImageObject\",\"inLanguage\":\"es\",\"@id\":\"https:\/\/www.aspack.es\/news\/graficas-lersi-consolida-un-primer-semestre-record-y-anuncia-su-participacion-en-empack-madrid-2025\/#primaryimage\",\"url\":\"https:\/\/www.aspack.es\/news\/wp-content\/uploads\/2025\/10\/FotografiasGraficasLersi_141023-89-scaled.jpg\",\"contentUrl\":\"https:\/\/www.aspack.es\/news\/wp-content\/uploads\/2025\/10\/FotografiasGraficasLersi_141023-89-scaled.jpg\",\"width\":2560,\"height\":1639},{\"@type\":\"BreadcrumbList\",\"@id\":\"https:\/\/www.aspack.es\/news\/graficas-lersi-consolida-un-primer-semestre-record-y-anuncia-su-participacion-en-empack-madrid-2025\/#breadcrumb\",\"itemListElement\":[{\"@type\":\"ListItem\",\"position\":1,\"name\":\"Portada\",\"item\":\"https:\/\/www.aspack.es\/news\/\"},{\"@type\":\"ListItem\",\"position\":2,\"name\":\"Gr\u00e1ficas Lersi consolida un primer semestre r\u00e9cord, y anuncia su participaci\u00f3n en Empack Madrid 2025\"}]},{\"@type\":\"WebSite\",\"@id\":\"https:\/\/www.aspack.es\/news\/#website\",\"url\":\"https:\/\/www.aspack.es\/news\/\",\"name\":\"ASPACK NEWS\",\"description\":\"El peri?dico digital de los envases de cart?n\",\"potentialAction\":[{\"@type\":\"SearchAction\",\"target\":{\"@type\":\"EntryPoint\",\"urlTemplate\":\"https:\/\/www.aspack.es\/news\/?s={search_term_string}\"},\"query-input\":{\"@type\":\"PropertyValueSpecification\",\"valueRequired\":true,\"valueName\":\"search_term_string\"}}],\"inLanguage\":\"es\"},{\"@type\":\"Person\",\"@id\":\"https:\/\/www.aspack.es\/news\/#\/schema\/person\/0019098322836346476fc7dfdbd26d95\",\"name\":\"admin\",\"image\":{\"@type\":\"ImageObject\",\"inLanguage\":\"es\",\"@id\":\"https:\/\/www.aspack.es\/news\/#\/schema\/person\/image\/\",\"url\":\"https:\/\/secure.gravatar.com\/avatar\/6a6c60542c39a2d052b8b1e8c5145e669bf888b9b229b3da0e43092daac8a32e?s=96&d=mm&r=g\",\"contentUrl\":\"https:\/\/secure.gravatar.com\/avatar\/6a6c60542c39a2d052b8b1e8c5145e669bf888b9b229b3da0e43092daac8a32e?s=96&d=mm&r=g\",\"caption\":\"admin\"},\"url\":\"https:\/\/www.aspack.es\/news\/author\/admin\/\"}]}<\/script>\n<!-- \/ Yoast SEO plugin. -->","yoast_head_json":{"title":"Gr\u00e1ficas Lersi consolida un primer semestre r\u00e9cord, y anuncia su participaci\u00f3n en Empack Madrid 2025 - ASPACK NEWS","description":"Gr\u00e1ficas Lersi crece un 21,5% en ventas y optimiza su rentabilidad, alcanzando r\u00e9cords en el primer semestre.","robots":{"index":"index","follow":"follow","max-snippet":"max-snippet:-1","max-image-preview":"max-image-preview:large","max-video-preview":"max-video-preview:-1"},"canonical":"https:\/\/www.aspack.es\/news\/graficas-lersi-consolida-un-primer-semestre-record-y-anuncia-su-participacion-en-empack-madrid-2025\/","og_locale":"es_ES","og_type":"article","og_title":"Gr\u00e1ficas Lersi consolida un primer semestre r\u00e9cord, y anuncia su participaci\u00f3n en Empack Madrid 2025 - ASPACK NEWS","og_description":"Gr\u00e1ficas Lersi crece un 21,5% en ventas y optimiza su rentabilidad, alcanzando r\u00e9cords en el primer semestre.","og_url":"https:\/\/www.aspack.es\/news\/graficas-lersi-consolida-un-primer-semestre-record-y-anuncia-su-participacion-en-empack-madrid-2025\/","og_site_name":"ASPACK NEWS","article_published_time":"2025-10-08T08:21:45+00:00","article_modified_time":"2025-10-08T08:21:46+00:00","og_image":[{"width":1024,"height":656,"url":"https:\/\/www.aspack.es\/news\/wp-content\/uploads\/2025\/10\/FotografiasGraficasLersi_141023-89-1024x656.jpg","type":"image\/jpeg"}],"author":"admin","twitter_card":"summary_large_image","twitter_misc":{"Escrito por":"admin","Tiempo de lectura":"3 minutos"},"schema":{"@context":"https:\/\/schema.org","@graph":[{"@type":"WebPage","@id":"https:\/\/www.aspack.es\/news\/graficas-lersi-consolida-un-primer-semestre-record-y-anuncia-su-participacion-en-empack-madrid-2025\/","url":"https:\/\/www.aspack.es\/news\/graficas-lersi-consolida-un-primer-semestre-record-y-anuncia-su-participacion-en-empack-madrid-2025\/","name":"Gr\u00e1ficas Lersi consolida un primer semestre r\u00e9cord, y anuncia su participaci\u00f3n en Empack Madrid 2025 - ASPACK NEWS","isPartOf":{"@id":"https:\/\/www.aspack.es\/news\/#website"},"primaryImageOfPage":{"@id":"https:\/\/www.aspack.es\/news\/graficas-lersi-consolida-un-primer-semestre-record-y-anuncia-su-participacion-en-empack-madrid-2025\/#primaryimage"},"image":{"@id":"https:\/\/www.aspack.es\/news\/graficas-lersi-consolida-un-primer-semestre-record-y-anuncia-su-participacion-en-empack-madrid-2025\/#primaryimage"},"thumbnailUrl":"https:\/\/www.aspack.es\/news\/wp-content\/uploads\/2025\/10\/FotografiasGraficasLersi_141023-89-scaled.jpg","datePublished":"2025-10-08T08:21:45+00:00","dateModified":"2025-10-08T08:21:46+00:00","author":{"@id":"https:\/\/www.aspack.es\/news\/#\/schema\/person\/0019098322836346476fc7dfdbd26d95"},"description":"Gr\u00e1ficas Lersi crece un 21,5% en ventas y optimiza su rentabilidad, alcanzando r\u00e9cords en el primer semestre.","breadcrumb":{"@id":"https:\/\/www.aspack.es\/news\/graficas-lersi-consolida-un-primer-semestre-record-y-anuncia-su-participacion-en-empack-madrid-2025\/#breadcrumb"},"inLanguage":"es","potentialAction":[{"@type":"ReadAction","target":["https:\/\/www.aspack.es\/news\/graficas-lersi-consolida-un-primer-semestre-record-y-anuncia-su-participacion-en-empack-madrid-2025\/"]}]},{"@type":"ImageObject","inLanguage":"es","@id":"https:\/\/www.aspack.es\/news\/graficas-lersi-consolida-un-primer-semestre-record-y-anuncia-su-participacion-en-empack-madrid-2025\/#primaryimage","url":"https:\/\/www.aspack.es\/news\/wp-content\/uploads\/2025\/10\/FotografiasGraficasLersi_141023-89-scaled.jpg","contentUrl":"https:\/\/www.aspack.es\/news\/wp-content\/uploads\/2025\/10\/FotografiasGraficasLersi_141023-89-scaled.jpg","width":2560,"height":1639},{"@type":"BreadcrumbList","@id":"https:\/\/www.aspack.es\/news\/graficas-lersi-consolida-un-primer-semestre-record-y-anuncia-su-participacion-en-empack-madrid-2025\/#breadcrumb","itemListElement":[{"@type":"ListItem","position":1,"name":"Portada","item":"https:\/\/www.aspack.es\/news\/"},{"@type":"ListItem","position":2,"name":"Gr\u00e1ficas Lersi consolida un primer semestre r\u00e9cord, y anuncia su participaci\u00f3n en Empack Madrid 2025"}]},{"@type":"WebSite","@id":"https:\/\/www.aspack.es\/news\/#website","url":"https:\/\/www.aspack.es\/news\/","name":"ASPACK NEWS","description":"El peri?dico digital de los envases de cart?n","potentialAction":[{"@type":"SearchAction","target":{"@type":"EntryPoint","urlTemplate":"https:\/\/www.aspack.es\/news\/?s={search_term_string}"},"query-input":{"@type":"PropertyValueSpecification","valueRequired":true,"valueName":"search_term_string"}}],"inLanguage":"es"},{"@type":"Person","@id":"https:\/\/www.aspack.es\/news\/#\/schema\/person\/0019098322836346476fc7dfdbd26d95","name":"admin","image":{"@type":"ImageObject","inLanguage":"es","@id":"https:\/\/www.aspack.es\/news\/#\/schema\/person\/image\/","url":"https:\/\/secure.gravatar.com\/avatar\/6a6c60542c39a2d052b8b1e8c5145e669bf888b9b229b3da0e43092daac8a32e?s=96&d=mm&r=g","contentUrl":"https:\/\/secure.gravatar.com\/avatar\/6a6c60542c39a2d052b8b1e8c5145e669bf888b9b229b3da0e43092daac8a32e?s=96&d=mm&r=g","caption":"admin"},"url":"https:\/\/www.aspack.es\/news\/author\/admin\/"}]}},"_links":{"self":[{"href":"https:\/\/www.aspack.es\/news\/wp-json\/wp\/v2\/posts\/2394","targetHints":{"allow":["GET"]}}],"collection":[{"href":"https:\/\/www.aspack.es\/news\/wp-json\/wp\/v2\/posts"}],"about":[{"href":"https:\/\/www.aspack.es\/news\/wp-json\/wp\/v2\/types\/post"}],"author":[{"embeddable":true,"href":"https:\/\/www.aspack.es\/news\/wp-json\/wp\/v2\/users\/1"}],"replies":[{"embeddable":true,"href":"https:\/\/www.aspack.es\/news\/wp-json\/wp\/v2\/comments?post=2394"}],"version-history":[{"count":1,"href":"https:\/\/www.aspack.es\/news\/wp-json\/wp\/v2\/posts\/2394\/revisions"}],"predecessor-version":[{"id":2396,"href":"https:\/\/www.aspack.es\/news\/wp-json\/wp\/v2\/posts\/2394\/revisions\/2396"}],"wp:featuredmedia":[{"embeddable":true,"href":"https:\/\/www.aspack.es\/news\/wp-json\/wp\/v2\/media\/2395"}],"wp:attachment":[{"href":"https:\/\/www.aspack.es\/news\/wp-json\/wp\/v2\/media?parent=2394"}],"wp:term":[{"taxonomy":"category","embeddable":true,"href":"https:\/\/www.aspack.es\/news\/wp-json\/wp\/v2\/categories?post=2394"},{"taxonomy":"post_tag","embeddable":true,"href":"https:\/\/www.aspack.es\/news\/wp-json\/wp\/v2\/tags?post=2394"}],"curies":[{"name":"wp","href":"https:\/\/api.w.org\/{rel}","templated":true}]}}