{"id":2398,"date":"2025-10-16T10:06:17","date_gmt":"2025-10-16T10:06:17","guid":{"rendered":"https:\/\/www.aspack.es\/news\/?p=2398"},"modified":"2025-10-16T10:06:19","modified_gmt":"2025-10-16T10:06:19","slug":"fatecsa-liderpack","status":"publish","type":"post","link":"https:\/\/www.aspack.es\/news\/fatecsa-liderpack\/","title":{"rendered":"FATECSA, reconocida en los Premios LIDERPACK 2025 por su innovaci\u00f3n en packaging sostenible"},"content":{"rendered":"\n<p><a href=\"https:\/\/fatecsa.com\">FATECSA<\/a>, asociados de ASPACK, ha sido galardonada en la edici\u00f3n 2025 de los Premios Liderpack, los reconocimientos m\u00e1s prestigiosos del sector del envase y el embalaje en Espa\u00f1a, organizados por Graphispack Asociaci\u00f3n y el sal\u00f3n Hispack de Fira de Barcelona.<\/p>\n\n\n\n<p>El jurado, reunido en el Palacio de Congresos del recinto Montju\u00efc de Fira de Barcelona el pasado 9 de septiembre, destac\u00f3 el proyecto presentado por Fatecsa en la categor\u00eda al mejor packaging de alimentos: un dispensador cil\u00edndrico para sales y especias fabricado \u00edntegramente en cart\u00f3n reciclable, que apuesta por la sostenibilidad y la innovaci\u00f3n sin renunciar a la funcionalidad y el dise\u00f1o.<\/p>\n\n\n\n<p>Con este premio, Fatecsa consolida su posici\u00f3n como referente nacional en el desarrollo de soluciones de embalaje responsables y eficientes, alineadas con los principios de la econom\u00eda circular. Su propuesta ha sido valorada por su capacidad para sustituir materiales pl\u00e1sticos por alternativas monomateriales reciclables, manteniendo la calidad y mejorando la experiencia del consumidor.<\/p>\n\n\n\n<p>Los Premios Liderpack 2025 han reconocido a 31 empresas por sus propuestas en packaging y publicidad en el lugar de venta (PLV), con un denominador com\u00fan: la sostenibilidad como eje central del dise\u00f1o.<\/p>\n\n\n\n<p>El reconocimiento a Fatecsa refuerza el compromiso de la compa\u00f1\u00eda con la innovaci\u00f3n sostenible y la excelencia t\u00e9cnica en el \u00e1mbito del embalaje industrial y de consumo, demostrando que la creatividad y el respeto por el medio ambiente pueden ir de la mano en cada proyecto.<\/p>\n\n\n\n<p><\/p>\n","protected":false},"excerpt":{"rendered":"<p>FATECSA, asociados de ASPACK, ha sido galardonada en la edici\u00f3n 2025 de los Premios Liderpack, los reconocimientos m\u00e1s prestigiosos del sector del envase y el embalaje en Espa\u00f1a, organizados por Graphispack Asociaci\u00f3n y el sal\u00f3n Hispack de Fira de Barcelona. El jurado, reunido en el Palacio de Congresos del recinto Montju\u00efc de Fira de Barcelona&hellip;<\/p>\n","protected":false},"author":1,"featured_media":2399,"comment_status":"closed","ping_status":"open","sticky":false,"template":"","format":"standard","meta":{"footnotes":""},"categories":[18,22],"tags":[],"class_list":["post-2398","post","type-post","status-publish","format-standard","has-post-thumbnail","hentry","category-asociados","category-noticias"],"yoast_head":"<!-- This site is optimized with the Yoast SEO plugin v25.9 - https:\/\/yoast.com\/wordpress\/plugins\/seo\/ -->\n<title>FATECSA, reconocida en los Premios LIDERPACK 2025 por su innovaci\u00f3n en packaging sostenible - ASPACK NEWS<\/title>\n<meta name=\"description\" content=\"FATECSA, asociados de ASPACK, han sido galardonados en los premios Liderpack 2025 por el mejor packaging de alimentos.\" \/>\n<meta name=\"robots\" content=\"index, follow, max-snippet:-1, max-image-preview:large, max-video-preview:-1\" \/>\n<link rel=\"canonical\" href=\"https:\/\/www.aspack.es\/news\/fatecsa-liderpack\/\" \/>\n<meta property=\"og:locale\" content=\"es_ES\" \/>\n<meta property=\"og:type\" content=\"article\" \/>\n<meta property=\"og:title\" content=\"FATECSA, reconocida en los Premios LIDERPACK 2025 por su innovaci\u00f3n en packaging sostenible - ASPACK NEWS\" \/>\n<meta property=\"og:description\" content=\"FATECSA, asociados de ASPACK, han sido galardonados en los premios Liderpack 2025 por el mejor packaging de alimentos.\" \/>\n<meta property=\"og:url\" content=\"https:\/\/www.aspack.es\/news\/fatecsa-liderpack\/\" \/>\n<meta property=\"og:site_name\" content=\"ASPACK NEWS\" \/>\n<meta property=\"article:published_time\" content=\"2025-10-16T10:06:17+00:00\" \/>\n<meta property=\"article:modified_time\" content=\"2025-10-16T10:06:19+00:00\" \/>\n<meta property=\"og:image\" content=\"https:\/\/www.aspack.es\/news\/wp-content\/uploads\/2025\/10\/FATECSA-scaled.jpg\" \/>\n\t<meta property=\"og:image:width\" content=\"2560\" \/>\n\t<meta property=\"og:image:height\" content=\"1703\" \/>\n\t<meta property=\"og:image:type\" content=\"image\/jpeg\" \/>\n<meta name=\"author\" content=\"admin\" \/>\n<meta name=\"twitter:card\" content=\"summary_large_image\" \/>\n<meta name=\"twitter:label1\" content=\"Escrito por\" \/>\n\t<meta name=\"twitter:data1\" content=\"admin\" \/>\n\t<meta name=\"twitter:label2\" content=\"Tiempo de lectura\" \/>\n\t<meta name=\"twitter:data2\" content=\"2 minutos\" \/>\n<script type=\"application\/ld+json\" class=\"yoast-schema-graph\">{\"@context\":\"https:\/\/schema.org\",\"@graph\":[{\"@type\":\"WebPage\",\"@id\":\"https:\/\/www.aspack.es\/news\/fatecsa-liderpack\/\",\"url\":\"https:\/\/www.aspack.es\/news\/fatecsa-liderpack\/\",\"name\":\"FATECSA, reconocida en los Premios LIDERPACK 2025 por su innovaci\u00f3n en packaging sostenible - ASPACK NEWS\",\"isPartOf\":{\"@id\":\"https:\/\/www.aspack.es\/news\/#website\"},\"primaryImageOfPage\":{\"@id\":\"https:\/\/www.aspack.es\/news\/fatecsa-liderpack\/#primaryimage\"},\"image\":{\"@id\":\"https:\/\/www.aspack.es\/news\/fatecsa-liderpack\/#primaryimage\"},\"thumbnailUrl\":\"https:\/\/www.aspack.es\/news\/wp-content\/uploads\/2025\/10\/FATECSA-scaled.jpg\",\"datePublished\":\"2025-10-16T10:06:17+00:00\",\"dateModified\":\"2025-10-16T10:06:19+00:00\",\"author\":{\"@id\":\"https:\/\/www.aspack.es\/news\/#\/schema\/person\/0019098322836346476fc7dfdbd26d95\"},\"description\":\"FATECSA, asociados de ASPACK, han sido galardonados en los premios Liderpack 2025 por el mejor packaging de alimentos.\",\"breadcrumb\":{\"@id\":\"https:\/\/www.aspack.es\/news\/fatecsa-liderpack\/#breadcrumb\"},\"inLanguage\":\"es\",\"potentialAction\":[{\"@type\":\"ReadAction\",\"target\":[\"https:\/\/www.aspack.es\/news\/fatecsa-liderpack\/\"]}]},{\"@type\":\"ImageObject\",\"inLanguage\":\"es\",\"@id\":\"https:\/\/www.aspack.es\/news\/fatecsa-liderpack\/#primaryimage\",\"url\":\"https:\/\/www.aspack.es\/news\/wp-content\/uploads\/2025\/10\/FATECSA-scaled.jpg\",\"contentUrl\":\"https:\/\/www.aspack.es\/news\/wp-content\/uploads\/2025\/10\/FATECSA-scaled.jpg\",\"width\":2560,\"height\":1703},{\"@type\":\"BreadcrumbList\",\"@id\":\"https:\/\/www.aspack.es\/news\/fatecsa-liderpack\/#breadcrumb\",\"itemListElement\":[{\"@type\":\"ListItem\",\"position\":1,\"name\":\"Portada\",\"item\":\"https:\/\/www.aspack.es\/news\/\"},{\"@type\":\"ListItem\",\"position\":2,\"name\":\"FATECSA, reconocida en los Premios LIDERPACK 2025 por su innovaci\u00f3n en packaging sostenible\"}]},{\"@type\":\"WebSite\",\"@id\":\"https:\/\/www.aspack.es\/news\/#website\",\"url\":\"https:\/\/www.aspack.es\/news\/\",\"name\":\"ASPACK NEWS\",\"description\":\"El peri?dico digital de los envases de cart?n\",\"potentialAction\":[{\"@type\":\"SearchAction\",\"target\":{\"@type\":\"EntryPoint\",\"urlTemplate\":\"https:\/\/www.aspack.es\/news\/?s={search_term_string}\"},\"query-input\":{\"@type\":\"PropertyValueSpecification\",\"valueRequired\":true,\"valueName\":\"search_term_string\"}}],\"inLanguage\":\"es\"},{\"@type\":\"Person\",\"@id\":\"https:\/\/www.aspack.es\/news\/#\/schema\/person\/0019098322836346476fc7dfdbd26d95\",\"name\":\"admin\",\"image\":{\"@type\":\"ImageObject\",\"inLanguage\":\"es\",\"@id\":\"https:\/\/www.aspack.es\/news\/#\/schema\/person\/image\/\",\"url\":\"https:\/\/secure.gravatar.com\/avatar\/6a6c60542c39a2d052b8b1e8c5145e669bf888b9b229b3da0e43092daac8a32e?s=96&d=mm&r=g\",\"contentUrl\":\"https:\/\/secure.gravatar.com\/avatar\/6a6c60542c39a2d052b8b1e8c5145e669bf888b9b229b3da0e43092daac8a32e?s=96&d=mm&r=g\",\"caption\":\"admin\"},\"url\":\"https:\/\/www.aspack.es\/news\/author\/admin\/\"}]}<\/script>\n<!-- \/ Yoast SEO plugin. -->","yoast_head_json":{"title":"FATECSA, reconocida en los Premios LIDERPACK 2025 por su innovaci\u00f3n en packaging sostenible - ASPACK NEWS","description":"FATECSA, asociados de ASPACK, han sido galardonados en los premios Liderpack 2025 por el mejor packaging de alimentos.","robots":{"index":"index","follow":"follow","max-snippet":"max-snippet:-1","max-image-preview":"max-image-preview:large","max-video-preview":"max-video-preview:-1"},"canonical":"https:\/\/www.aspack.es\/news\/fatecsa-liderpack\/","og_locale":"es_ES","og_type":"article","og_title":"FATECSA, reconocida en los Premios LIDERPACK 2025 por su innovaci\u00f3n en packaging sostenible - ASPACK NEWS","og_description":"FATECSA, asociados de ASPACK, han sido galardonados en los premios Liderpack 2025 por el mejor packaging de alimentos.","og_url":"https:\/\/www.aspack.es\/news\/fatecsa-liderpack\/","og_site_name":"ASPACK NEWS","article_published_time":"2025-10-16T10:06:17+00:00","article_modified_time":"2025-10-16T10:06:19+00:00","og_image":[{"width":2560,"height":1703,"url":"https:\/\/www.aspack.es\/news\/wp-content\/uploads\/2025\/10\/FATECSA-scaled.jpg","type":"image\/jpeg"}],"author":"admin","twitter_card":"summary_large_image","twitter_misc":{"Escrito por":"admin","Tiempo de lectura":"2 minutos"},"schema":{"@context":"https:\/\/schema.org","@graph":[{"@type":"WebPage","@id":"https:\/\/www.aspack.es\/news\/fatecsa-liderpack\/","url":"https:\/\/www.aspack.es\/news\/fatecsa-liderpack\/","name":"FATECSA, reconocida en los Premios LIDERPACK 2025 por su innovaci\u00f3n en packaging sostenible - ASPACK NEWS","isPartOf":{"@id":"https:\/\/www.aspack.es\/news\/#website"},"primaryImageOfPage":{"@id":"https:\/\/www.aspack.es\/news\/fatecsa-liderpack\/#primaryimage"},"image":{"@id":"https:\/\/www.aspack.es\/news\/fatecsa-liderpack\/#primaryimage"},"thumbnailUrl":"https:\/\/www.aspack.es\/news\/wp-content\/uploads\/2025\/10\/FATECSA-scaled.jpg","datePublished":"2025-10-16T10:06:17+00:00","dateModified":"2025-10-16T10:06:19+00:00","author":{"@id":"https:\/\/www.aspack.es\/news\/#\/schema\/person\/0019098322836346476fc7dfdbd26d95"},"description":"FATECSA, asociados de ASPACK, han sido galardonados en los premios Liderpack 2025 por el mejor packaging de alimentos.","breadcrumb":{"@id":"https:\/\/www.aspack.es\/news\/fatecsa-liderpack\/#breadcrumb"},"inLanguage":"es","potentialAction":[{"@type":"ReadAction","target":["https:\/\/www.aspack.es\/news\/fatecsa-liderpack\/"]}]},{"@type":"ImageObject","inLanguage":"es","@id":"https:\/\/www.aspack.es\/news\/fatecsa-liderpack\/#primaryimage","url":"https:\/\/www.aspack.es\/news\/wp-content\/uploads\/2025\/10\/FATECSA-scaled.jpg","contentUrl":"https:\/\/www.aspack.es\/news\/wp-content\/uploads\/2025\/10\/FATECSA-scaled.jpg","width":2560,"height":1703},{"@type":"BreadcrumbList","@id":"https:\/\/www.aspack.es\/news\/fatecsa-liderpack\/#breadcrumb","itemListElement":[{"@type":"ListItem","position":1,"name":"Portada","item":"https:\/\/www.aspack.es\/news\/"},{"@type":"ListItem","position":2,"name":"FATECSA, reconocida en los Premios LIDERPACK 2025 por su innovaci\u00f3n en packaging sostenible"}]},{"@type":"WebSite","@id":"https:\/\/www.aspack.es\/news\/#website","url":"https:\/\/www.aspack.es\/news\/","name":"ASPACK NEWS","description":"El peri?dico digital de los envases de cart?n","potentialAction":[{"@type":"SearchAction","target":{"@type":"EntryPoint","urlTemplate":"https:\/\/www.aspack.es\/news\/?s={search_term_string}"},"query-input":{"@type":"PropertyValueSpecification","valueRequired":true,"valueName":"search_term_string"}}],"inLanguage":"es"},{"@type":"Person","@id":"https:\/\/www.aspack.es\/news\/#\/schema\/person\/0019098322836346476fc7dfdbd26d95","name":"admin","image":{"@type":"ImageObject","inLanguage":"es","@id":"https:\/\/www.aspack.es\/news\/#\/schema\/person\/image\/","url":"https:\/\/secure.gravatar.com\/avatar\/6a6c60542c39a2d052b8b1e8c5145e669bf888b9b229b3da0e43092daac8a32e?s=96&d=mm&r=g","contentUrl":"https:\/\/secure.gravatar.com\/avatar\/6a6c60542c39a2d052b8b1e8c5145e669bf888b9b229b3da0e43092daac8a32e?s=96&d=mm&r=g","caption":"admin"},"url":"https:\/\/www.aspack.es\/news\/author\/admin\/"}]}},"_links":{"self":[{"href":"https:\/\/www.aspack.es\/news\/wp-json\/wp\/v2\/posts\/2398","targetHints":{"allow":["GET"]}}],"collection":[{"href":"https:\/\/www.aspack.es\/news\/wp-json\/wp\/v2\/posts"}],"about":[{"href":"https:\/\/www.aspack.es\/news\/wp-json\/wp\/v2\/types\/post"}],"author":[{"embeddable":true,"href":"https:\/\/www.aspack.es\/news\/wp-json\/wp\/v2\/users\/1"}],"replies":[{"embeddable":true,"href":"https:\/\/www.aspack.es\/news\/wp-json\/wp\/v2\/comments?post=2398"}],"version-history":[{"count":1,"href":"https:\/\/www.aspack.es\/news\/wp-json\/wp\/v2\/posts\/2398\/revisions"}],"predecessor-version":[{"id":2400,"href":"https:\/\/www.aspack.es\/news\/wp-json\/wp\/v2\/posts\/2398\/revisions\/2400"}],"wp:featuredmedia":[{"embeddable":true,"href":"https:\/\/www.aspack.es\/news\/wp-json\/wp\/v2\/media\/2399"}],"wp:attachment":[{"href":"https:\/\/www.aspack.es\/news\/wp-json\/wp\/v2\/media?parent=2398"}],"wp:term":[{"taxonomy":"category","embeddable":true,"href":"https:\/\/www.aspack.es\/news\/wp-json\/wp\/v2\/categories?post=2398"},{"taxonomy":"post_tag","embeddable":true,"href":"https:\/\/www.aspack.es\/news\/wp-json\/wp\/v2\/tags?post=2398"}],"curies":[{"name":"wp","href":"https:\/\/api.w.org\/{rel}","templated":true}]}}