{"id":2401,"date":"2025-10-20T13:35:36","date_gmt":"2025-10-20T13:35:36","guid":{"rendered":"https:\/\/www.aspack.es\/news\/?p=2401"},"modified":"2025-10-20T13:36:29","modified_gmt":"2025-10-20T13:36:29","slug":"ma-inks-nuevos-asociados","status":"publish","type":"post","link":"https:\/\/www.aspack.es\/news\/ma-inks-nuevos-asociados\/","title":{"rendered":"La familia de ASPACK crece dando la bienvenida a MA Inks-Martinez Ayala"},"content":{"rendered":"\n<p>Hablamos con Pedro David Mart\u00ednez, director general de <a href=\"https:\/\/ma-inks.com\">MA Inks-Mart\u00ednez Ayala S.A<\/a>, quien&nbsp;nos cuenta m\u00e1s detalles sobre la compa\u00f1\u00eda y los motivos que les impulsaron para unirse a ASPACK.<\/p>\n\n\n\n<p><strong>1.- \u00bfPodr\u00eda presentarnos un breve hist\u00f3rico de su empresa, los mercados para los que trabaja y las l\u00edneas que considera les diferencia de la competencia?&nbsp;<\/strong><\/p>\n\n\n\n<p>MA INKS es una compa\u00f1\u00eda con m\u00e1s de 90 a\u00f1os de trayectoria en el sector de las tintas, nacida con el prop\u00f3sito de ofrecer soluciones innovadoras y de alta calidad para la industria gr\u00e1fica. A lo largo de nuestra historia, hemos evolucionado desde una empresa de car\u00e1cter familiar hacia un referente internacional con presencia en m\u00e1s de 50 pa\u00edses, siempre manteniendo la cercan\u00eda y la atenci\u00f3n personalizada como se\u00f1as de identidad.<\/p>\n\n\n\n<figure class=\"wp-block-image size-large\"><img loading=\"lazy\" decoding=\"async\" width=\"1024\" height=\"574\" src=\"https:\/\/www.aspack.es\/news\/wp-content\/uploads\/2025\/10\/internacionalizacion-ma-inks-1024x574.jpg\" alt=\"\" class=\"wp-image-2403\" srcset=\"https:\/\/www.aspack.es\/news\/wp-content\/uploads\/2025\/10\/internacionalizacion-ma-inks-1024x574.jpg 1024w, https:\/\/www.aspack.es\/news\/wp-content\/uploads\/2025\/10\/internacionalizacion-ma-inks-300x168.jpg 300w, https:\/\/www.aspack.es\/news\/wp-content\/uploads\/2025\/10\/internacionalizacion-ma-inks-768x430.jpg 768w, https:\/\/www.aspack.es\/news\/wp-content\/uploads\/2025\/10\/internacionalizacion-ma-inks-1536x861.jpg 1536w, https:\/\/www.aspack.es\/news\/wp-content\/uploads\/2025\/10\/internacionalizacion-ma-inks-480x269.jpg 480w, https:\/\/www.aspack.es\/news\/wp-content\/uploads\/2025\/10\/internacionalizacion-ma-inks-892x500.jpg 892w, https:\/\/www.aspack.es\/news\/wp-content\/uploads\/2025\/10\/internacionalizacion-ma-inks.jpg 1772w\" sizes=\"auto, (max-width: 1024px) 100vw, 1024px\" \/><\/figure>\n\n\n\n<p>Actualmente trabajamos en diversos mercados, principalmente en los sectores de impresi\u00f3n comercial (peri\u00f3dicos, revistas, folletos), e impresi\u00f3n de envases y embalajes (etiquetas, cajas y envases), colaborando con clientes que demandan no solo rendimiento t\u00e9cnico, sino tambi\u00e9n compromiso en materia de sostenibilidad y adaptaci\u00f3n a nuevas normativas medioambientales.<\/p>\n\n\n\n<p>Lo que realmente nos diferencia en MA INKS son tres pilares clave: la calidad de nuestros productos y nuestra capacidad de innovaci\u00f3n, respaldada por un laboratorio altamente especializado que nos permite desarrollar formulaciones personalizadas seg\u00fan las necesidades de cada cliente, nuestro firme compromiso con la sostenibilidad, trabajando activamente en tintas m\u00e1s respetuosas con el medio ambiente, y un acompa\u00f1amiento t\u00e9cnico cercano y constante, que convierte nuestra relaci\u00f3n con el cliente en una verdadera alianza estrat\u00e9gica para optimizar sus procesos productivos.<\/p>\n\n\n\n<p><strong>2.- Perspectivas<\/strong><\/p>\n\n\n\n<p><strong>\u00bfCu\u00e1les son las metas y proyecciones que su empresa tiene para el pr\u00f3ximo a\u00f1o? \u00bfC\u00f3mo cree que va a evolucionar el sector al que pertenece ASPACK en 2025?<\/strong><\/p>\n\n\n\n<p>Para el pr\u00f3ximo a\u00f1o, en MA INKS hemos definido objetivos claros en tres \u00e1mbitos estrat\u00e9gicos: en primer lugar, consolidar nuestro crecimiento tanto en el mercado nacional, reforzando relaciones con clientes clave y ampliando nuestra presencia en sectores de alto valor a\u00f1adido, como a nivel internacional, con planes de consolidaci\u00f3n y crecimiento en mercados europeos estrat\u00e9gicos como Alemania, Reino Unido, pa\u00edses n\u00f3rdicos, Francia e Italia, as\u00ed como en Am\u00e9rica Latina, Oriente Medio y pa\u00edses emergentes de \u00c1frica. En segundo lugar, intensificaremos nuestra inversi\u00f3n en I+D, enfoc\u00e1ndonos en el desarrollo de nuevas gamas de tintas sostenibles y de alto rendimiento que respondan a las necesidades actuales de nuestros clientes y a las crecientes exigencias regulatorias. Finalmente, buscamos fortalecer nuestra eficiencia operativa, optimizando procesos productivos y log\u00edsticos para mejorar nuestra competitividad en un entorno donde la flexibilidad y la rapidez de respuesta son factores clave.<\/p>\n\n\n\n<p>En cuanto a la evoluci\u00f3n del sector, anticipamos que 2026 ser\u00e1 un a\u00f1o marcado por la transformaci\u00f3n y por desaf\u00edos de gran relevancia. La sostenibilidad continuar\u00e1 siendo el principal motor de cambio, impulsando a toda la cadena de valor hacia soluciones cada vez m\u00e1s respetuosas con el medio ambiente. Paralelamente, el mercado exigir\u00e1 una mayor capacidad de personalizaci\u00f3n y rapidez de respuesta, consecuencia directa de la diversificaci\u00f3n del packaging y de la reducci\u00f3n en los vol\u00famenes de impresi\u00f3n. Asimismo, la digitalizaci\u00f3n y la incorporaci\u00f3n de la inteligencia artificial tendr\u00e1n un papel decisivo, tanto en los procesos productivos como en la interacci\u00f3n con los clientes, aportando eficiencia, trazabilidad y un mayor nivel de calidad en el servicio. En este escenario, las compa\u00f1\u00edas que sepan integrar de forma equilibrada la innovaci\u00f3n, la sostenibilidad y la cercan\u00eda con el cliente ser\u00e1n las que lideren la evoluci\u00f3n del sector en los pr\u00f3ximos a\u00f1os.<\/p>\n\n\n\n<figure class=\"wp-block-image size-large\"><img loading=\"lazy\" decoding=\"async\" width=\"1024\" height=\"790\" src=\"https:\/\/www.aspack.es\/news\/wp-content\/uploads\/2025\/10\/laboratorio-ma-inks-1024x790.jpg\" alt=\"\" class=\"wp-image-2404\" srcset=\"https:\/\/www.aspack.es\/news\/wp-content\/uploads\/2025\/10\/laboratorio-ma-inks-1024x790.jpg 1024w, https:\/\/www.aspack.es\/news\/wp-content\/uploads\/2025\/10\/laboratorio-ma-inks-300x231.jpg 300w, https:\/\/www.aspack.es\/news\/wp-content\/uploads\/2025\/10\/laboratorio-ma-inks-768x592.jpg 768w, https:\/\/www.aspack.es\/news\/wp-content\/uploads\/2025\/10\/laboratorio-ma-inks-1536x1185.jpg 1536w, https:\/\/www.aspack.es\/news\/wp-content\/uploads\/2025\/10\/laboratorio-ma-inks-480x370.jpg 480w, https:\/\/www.aspack.es\/news\/wp-content\/uploads\/2025\/10\/laboratorio-ma-inks-648x500.jpg 648w, https:\/\/www.aspack.es\/news\/wp-content\/uploads\/2025\/10\/laboratorio-ma-inks.jpg 1920w\" sizes=\"auto, (max-width: 1024px) 100vw, 1024px\" \/><\/figure>\n\n\n\n<p><strong>3.- Valor de ASPACK para las empresas del sector<\/strong><\/p>\n\n\n\n<p><strong>\u00bfPor qu\u00e9 considera que es importante para las empresas del sector formar parte de ASPACK y c\u00f3mo ha impactado positivamente en la suya?<\/strong><\/p>\n\n\n\n<p>ASPACK es clave porque brinda a las empresas del sector un espacio com\u00fan para defender intereses, compartir conocimiento y generar alianzas. M\u00e1s all\u00e1 de la competencia, lo que une es el objetivo de fortalecer y profesionalizar la industria del packaging.<\/p>\n\n\n\n<p>Para MA INKS, formar parte de ASPACK representa una oportunidad muy valiosa. Nos brinda acceso a informaci\u00f3n sobre tendencias del mercado, normativa y sostenibilidad, nos permite participar en espacios de di\u00e1logo donde surgen propuestas de gran inter\u00e9s y fortalece nuestra red de relaciones con otras compa\u00f1\u00edas que, al igual que nosotros, ponen en el centro la calidad, la innovaci\u00f3n y el compromiso medioambiental. Asimismo, la proyecci\u00f3n y el reconocimiento que conlleva pertenecer a una asociaci\u00f3n de referencia refuerzan nuestra posici\u00f3n competitiva, tanto en el \u00e1mbito nacional como en el internacional.<\/p>\n","protected":false},"excerpt":{"rendered":"<p>Hablamos con Pedro David Mart\u00ednez, director general de MA Inks-Mart\u00ednez Ayala S.A, quien&nbsp;nos cuenta m\u00e1s detalles sobre la compa\u00f1\u00eda y los motivos que les impulsaron para unirse a ASPACK. 1.- \u00bfPodr\u00eda presentarnos un breve hist\u00f3rico de su empresa, los mercados para los que trabaja y las l\u00edneas que considera les diferencia de la competencia?&nbsp; MA&hellip;<\/p>\n","protected":false},"author":1,"featured_media":2402,"comment_status":"closed","ping_status":"open","sticky":false,"template":"","format":"standard","meta":{"footnotes":""},"categories":[18,22],"tags":[],"class_list":["post-2401","post","type-post","status-publish","format-standard","has-post-thumbnail","hentry","category-asociados","category-noticias"],"yoast_head":"<!-- This site is optimized with the Yoast SEO plugin v25.9 - https:\/\/yoast.com\/wordpress\/plugins\/seo\/ -->\n<title>La familia de ASPACK crece dando la bienvenida a MA Inks-Martinez Ayala - ASPACK NEWS<\/title>\n<meta name=\"description\" content=\"MA Inks Martinez Ayala S.A, nuevos asociados de ASPACK, nos cuentan los motivos que les impulsaron a unirse a la asociaci\u00f3n.\" \/>\n<meta name=\"robots\" content=\"index, follow, max-snippet:-1, max-image-preview:large, max-video-preview:-1\" \/>\n<link rel=\"canonical\" href=\"https:\/\/www.aspack.es\/news\/ma-inks-nuevos-asociados\/\" \/>\n<meta property=\"og:locale\" content=\"es_ES\" \/>\n<meta property=\"og:type\" content=\"article\" \/>\n<meta property=\"og:title\" content=\"La familia de ASPACK crece dando la bienvenida a MA Inks-Martinez Ayala - ASPACK NEWS\" \/>\n<meta property=\"og:description\" content=\"MA Inks Martinez Ayala S.A, nuevos asociados de ASPACK, nos cuentan los motivos que les impulsaron a unirse a la asociaci\u00f3n.\" \/>\n<meta property=\"og:url\" content=\"https:\/\/www.aspack.es\/news\/ma-inks-nuevos-asociados\/\" \/>\n<meta property=\"og:site_name\" content=\"ASPACK NEWS\" \/>\n<meta property=\"article:published_time\" content=\"2025-10-20T13:35:36+00:00\" \/>\n<meta property=\"article:modified_time\" content=\"2025-10-20T13:36:29+00:00\" \/>\n<meta property=\"og:image\" content=\"https:\/\/www.aspack.es\/news\/wp-content\/uploads\/2025\/10\/sin-audio-final-0813-1.jpg\" \/>\n\t<meta property=\"og:image:width\" content=\"1920\" \/>\n\t<meta property=\"og:image:height\" content=\"1080\" \/>\n\t<meta property=\"og:image:type\" content=\"image\/jpeg\" \/>\n<meta name=\"author\" content=\"admin\" \/>\n<meta name=\"twitter:card\" content=\"summary_large_image\" \/>\n<meta name=\"twitter:label1\" content=\"Escrito por\" \/>\n\t<meta name=\"twitter:data1\" content=\"admin\" \/>\n\t<meta name=\"twitter:label2\" content=\"Tiempo de lectura\" \/>\n\t<meta name=\"twitter:data2\" content=\"4 minutos\" \/>\n<script type=\"application\/ld+json\" class=\"yoast-schema-graph\">{\"@context\":\"https:\/\/schema.org\",\"@graph\":[{\"@type\":\"WebPage\",\"@id\":\"https:\/\/www.aspack.es\/news\/ma-inks-nuevos-asociados\/\",\"url\":\"https:\/\/www.aspack.es\/news\/ma-inks-nuevos-asociados\/\",\"name\":\"La familia de ASPACK crece dando la bienvenida a MA Inks-Martinez Ayala - ASPACK NEWS\",\"isPartOf\":{\"@id\":\"https:\/\/www.aspack.es\/news\/#website\"},\"primaryImageOfPage\":{\"@id\":\"https:\/\/www.aspack.es\/news\/ma-inks-nuevos-asociados\/#primaryimage\"},\"image\":{\"@id\":\"https:\/\/www.aspack.es\/news\/ma-inks-nuevos-asociados\/#primaryimage\"},\"thumbnailUrl\":\"https:\/\/www.aspack.es\/news\/wp-content\/uploads\/2025\/10\/sin-audio-final-0813-1.jpg\",\"datePublished\":\"2025-10-20T13:35:36+00:00\",\"dateModified\":\"2025-10-20T13:36:29+00:00\",\"author\":{\"@id\":\"https:\/\/www.aspack.es\/news\/#\/schema\/person\/0019098322836346476fc7dfdbd26d95\"},\"description\":\"MA Inks Martinez Ayala S.A, nuevos asociados de ASPACK, nos cuentan los motivos que les impulsaron a unirse a la asociaci\u00f3n.\",\"breadcrumb\":{\"@id\":\"https:\/\/www.aspack.es\/news\/ma-inks-nuevos-asociados\/#breadcrumb\"},\"inLanguage\":\"es\",\"potentialAction\":[{\"@type\":\"ReadAction\",\"target\":[\"https:\/\/www.aspack.es\/news\/ma-inks-nuevos-asociados\/\"]}]},{\"@type\":\"ImageObject\",\"inLanguage\":\"es\",\"@id\":\"https:\/\/www.aspack.es\/news\/ma-inks-nuevos-asociados\/#primaryimage\",\"url\":\"https:\/\/www.aspack.es\/news\/wp-content\/uploads\/2025\/10\/sin-audio-final-0813-1.jpg\",\"contentUrl\":\"https:\/\/www.aspack.es\/news\/wp-content\/uploads\/2025\/10\/sin-audio-final-0813-1.jpg\",\"width\":1920,\"height\":1080},{\"@type\":\"BreadcrumbList\",\"@id\":\"https:\/\/www.aspack.es\/news\/ma-inks-nuevos-asociados\/#breadcrumb\",\"itemListElement\":[{\"@type\":\"ListItem\",\"position\":1,\"name\":\"Portada\",\"item\":\"https:\/\/www.aspack.es\/news\/\"},{\"@type\":\"ListItem\",\"position\":2,\"name\":\"La familia de ASPACK crece dando la bienvenida a MA Inks-Martinez Ayala\"}]},{\"@type\":\"WebSite\",\"@id\":\"https:\/\/www.aspack.es\/news\/#website\",\"url\":\"https:\/\/www.aspack.es\/news\/\",\"name\":\"ASPACK NEWS\",\"description\":\"El peri?dico digital de los envases de cart?n\",\"potentialAction\":[{\"@type\":\"SearchAction\",\"target\":{\"@type\":\"EntryPoint\",\"urlTemplate\":\"https:\/\/www.aspack.es\/news\/?s={search_term_string}\"},\"query-input\":{\"@type\":\"PropertyValueSpecification\",\"valueRequired\":true,\"valueName\":\"search_term_string\"}}],\"inLanguage\":\"es\"},{\"@type\":\"Person\",\"@id\":\"https:\/\/www.aspack.es\/news\/#\/schema\/person\/0019098322836346476fc7dfdbd26d95\",\"name\":\"admin\",\"image\":{\"@type\":\"ImageObject\",\"inLanguage\":\"es\",\"@id\":\"https:\/\/www.aspack.es\/news\/#\/schema\/person\/image\/\",\"url\":\"https:\/\/secure.gravatar.com\/avatar\/6a6c60542c39a2d052b8b1e8c5145e669bf888b9b229b3da0e43092daac8a32e?s=96&d=mm&r=g\",\"contentUrl\":\"https:\/\/secure.gravatar.com\/avatar\/6a6c60542c39a2d052b8b1e8c5145e669bf888b9b229b3da0e43092daac8a32e?s=96&d=mm&r=g\",\"caption\":\"admin\"},\"url\":\"https:\/\/www.aspack.es\/news\/author\/admin\/\"}]}<\/script>\n<!-- \/ Yoast SEO plugin. -->","yoast_head_json":{"title":"La familia de ASPACK crece dando la bienvenida a MA Inks-Martinez Ayala - ASPACK NEWS","description":"MA Inks Martinez Ayala S.A, nuevos asociados de ASPACK, nos cuentan los motivos que les impulsaron a unirse a la asociaci\u00f3n.","robots":{"index":"index","follow":"follow","max-snippet":"max-snippet:-1","max-image-preview":"max-image-preview:large","max-video-preview":"max-video-preview:-1"},"canonical":"https:\/\/www.aspack.es\/news\/ma-inks-nuevos-asociados\/","og_locale":"es_ES","og_type":"article","og_title":"La familia de ASPACK crece dando la bienvenida a MA Inks-Martinez Ayala - ASPACK NEWS","og_description":"MA Inks Martinez Ayala S.A, nuevos asociados de ASPACK, nos cuentan los motivos que les impulsaron a unirse a la asociaci\u00f3n.","og_url":"https:\/\/www.aspack.es\/news\/ma-inks-nuevos-asociados\/","og_site_name":"ASPACK NEWS","article_published_time":"2025-10-20T13:35:36+00:00","article_modified_time":"2025-10-20T13:36:29+00:00","og_image":[{"width":1920,"height":1080,"url":"https:\/\/www.aspack.es\/news\/wp-content\/uploads\/2025\/10\/sin-audio-final-0813-1.jpg","type":"image\/jpeg"}],"author":"admin","twitter_card":"summary_large_image","twitter_misc":{"Escrito por":"admin","Tiempo de lectura":"4 minutos"},"schema":{"@context":"https:\/\/schema.org","@graph":[{"@type":"WebPage","@id":"https:\/\/www.aspack.es\/news\/ma-inks-nuevos-asociados\/","url":"https:\/\/www.aspack.es\/news\/ma-inks-nuevos-asociados\/","name":"La familia de ASPACK crece dando la bienvenida a MA Inks-Martinez Ayala - ASPACK NEWS","isPartOf":{"@id":"https:\/\/www.aspack.es\/news\/#website"},"primaryImageOfPage":{"@id":"https:\/\/www.aspack.es\/news\/ma-inks-nuevos-asociados\/#primaryimage"},"image":{"@id":"https:\/\/www.aspack.es\/news\/ma-inks-nuevos-asociados\/#primaryimage"},"thumbnailUrl":"https:\/\/www.aspack.es\/news\/wp-content\/uploads\/2025\/10\/sin-audio-final-0813-1.jpg","datePublished":"2025-10-20T13:35:36+00:00","dateModified":"2025-10-20T13:36:29+00:00","author":{"@id":"https:\/\/www.aspack.es\/news\/#\/schema\/person\/0019098322836346476fc7dfdbd26d95"},"description":"MA Inks Martinez Ayala S.A, nuevos asociados de ASPACK, nos cuentan los motivos que les impulsaron a unirse a la asociaci\u00f3n.","breadcrumb":{"@id":"https:\/\/www.aspack.es\/news\/ma-inks-nuevos-asociados\/#breadcrumb"},"inLanguage":"es","potentialAction":[{"@type":"ReadAction","target":["https:\/\/www.aspack.es\/news\/ma-inks-nuevos-asociados\/"]}]},{"@type":"ImageObject","inLanguage":"es","@id":"https:\/\/www.aspack.es\/news\/ma-inks-nuevos-asociados\/#primaryimage","url":"https:\/\/www.aspack.es\/news\/wp-content\/uploads\/2025\/10\/sin-audio-final-0813-1.jpg","contentUrl":"https:\/\/www.aspack.es\/news\/wp-content\/uploads\/2025\/10\/sin-audio-final-0813-1.jpg","width":1920,"height":1080},{"@type":"BreadcrumbList","@id":"https:\/\/www.aspack.es\/news\/ma-inks-nuevos-asociados\/#breadcrumb","itemListElement":[{"@type":"ListItem","position":1,"name":"Portada","item":"https:\/\/www.aspack.es\/news\/"},{"@type":"ListItem","position":2,"name":"La familia de ASPACK crece dando la bienvenida a MA Inks-Martinez Ayala"}]},{"@type":"WebSite","@id":"https:\/\/www.aspack.es\/news\/#website","url":"https:\/\/www.aspack.es\/news\/","name":"ASPACK NEWS","description":"El peri?dico digital de los envases de cart?n","potentialAction":[{"@type":"SearchAction","target":{"@type":"EntryPoint","urlTemplate":"https:\/\/www.aspack.es\/news\/?s={search_term_string}"},"query-input":{"@type":"PropertyValueSpecification","valueRequired":true,"valueName":"search_term_string"}}],"inLanguage":"es"},{"@type":"Person","@id":"https:\/\/www.aspack.es\/news\/#\/schema\/person\/0019098322836346476fc7dfdbd26d95","name":"admin","image":{"@type":"ImageObject","inLanguage":"es","@id":"https:\/\/www.aspack.es\/news\/#\/schema\/person\/image\/","url":"https:\/\/secure.gravatar.com\/avatar\/6a6c60542c39a2d052b8b1e8c5145e669bf888b9b229b3da0e43092daac8a32e?s=96&d=mm&r=g","contentUrl":"https:\/\/secure.gravatar.com\/avatar\/6a6c60542c39a2d052b8b1e8c5145e669bf888b9b229b3da0e43092daac8a32e?s=96&d=mm&r=g","caption":"admin"},"url":"https:\/\/www.aspack.es\/news\/author\/admin\/"}]}},"_links":{"self":[{"href":"https:\/\/www.aspack.es\/news\/wp-json\/wp\/v2\/posts\/2401","targetHints":{"allow":["GET"]}}],"collection":[{"href":"https:\/\/www.aspack.es\/news\/wp-json\/wp\/v2\/posts"}],"about":[{"href":"https:\/\/www.aspack.es\/news\/wp-json\/wp\/v2\/types\/post"}],"author":[{"embeddable":true,"href":"https:\/\/www.aspack.es\/news\/wp-json\/wp\/v2\/users\/1"}],"replies":[{"embeddable":true,"href":"https:\/\/www.aspack.es\/news\/wp-json\/wp\/v2\/comments?post=2401"}],"version-history":[{"count":2,"href":"https:\/\/www.aspack.es\/news\/wp-json\/wp\/v2\/posts\/2401\/revisions"}],"predecessor-version":[{"id":2406,"href":"https:\/\/www.aspack.es\/news\/wp-json\/wp\/v2\/posts\/2401\/revisions\/2406"}],"wp:featuredmedia":[{"embeddable":true,"href":"https:\/\/www.aspack.es\/news\/wp-json\/wp\/v2\/media\/2402"}],"wp:attachment":[{"href":"https:\/\/www.aspack.es\/news\/wp-json\/wp\/v2\/media?parent=2401"}],"wp:term":[{"taxonomy":"category","embeddable":true,"href":"https:\/\/www.aspack.es\/news\/wp-json\/wp\/v2\/categories?post=2401"},{"taxonomy":"post_tag","embeddable":true,"href":"https:\/\/www.aspack.es\/news\/wp-json\/wp\/v2\/tags?post=2401"}],"curies":[{"name":"wp","href":"https:\/\/api.w.org\/{rel}","templated":true}]}}