{"id":550,"date":"2017-12-05T07:30:19","date_gmt":"2017-12-05T07:30:19","guid":{"rendered":"http:\/\/www.aspack.es\/news\/?p=550"},"modified":"2018-01-29T11:56:53","modified_gmt":"2018-01-29T11:56:53","slug":"un-informe-impulsado-por-pro-carton-y-elaborado-por-smithers-pira-pone-en-valor-la-sostenibilidad-en-el-envase-y-el-embalaje-del-carton","status":"publish","type":"post","link":"https:\/\/www.aspack.es\/news\/un-informe-impulsado-por-pro-carton-y-elaborado-por-smithers-pira-pone-en-valor-la-sostenibilidad-en-el-envase-y-el-embalaje-del-carton\/","title":{"rendered":"Un informe impulsado por Pro Cart\u00f3n y elaborado por Smithers Pira pone en valor la sostenibilidad en el envase y el embalaje del cart\u00f3n"},"content":{"rendered":"<p>Este reportaje sintetiza las principales conclusiones de un estudio confeccionado por Smithers Pira, una empresa que es una referencia a escala mundial en el \u00e1mbito del packaging de cart\u00f3n. El estudio se realiz\u00f3 en los cinco principales mercados europeos: Alemania, Reino Unido, Francia, Italia y Espa\u00f1a. El objetivo de la investigaci\u00f3n se centr\u00f3 en analizar las opiniones y actitudes de los principales propietarios de marcas europeas y minoristas sobre la sostenibilidad en los envases y embalajes y su importancia para el negocio minorista.<\/p>\n<p>El impulsor de este estudio es Pro Carton, la Asociaci\u00f3n Europea de Fabricantes de Cart\u00f3n, que encarg\u00f3 a la empresa Smithers Pira que investigara acerca de los beneficios medioambientales de los envases y embalajes de cart\u00f3n. El estudio pone de relieve la reciclabilidad y la renovabilidad de los mismos. En sinton\u00eda con esta apreciaci\u00f3n, casi todos los encuestados para el estudio han considerado que el envasado sostenible es importante para su negocio.<\/p>\n<p><a href=\"http:\/\/www.aspack.es\/news\/wp-content\/uploads\/2017\/12\/reciclado.jpg\" rel=\"attachment wp-att-552\"><img loading=\"lazy\" decoding=\"async\" class=\"aligncenter size-large wp-image-552\" src=\"http:\/\/www.aspack.es\/news\/wp-content\/uploads\/2017\/12\/reciclado-1024x768.jpg\" alt=\"Reciclado de envases.\" width=\"1020\" height=\"765\" srcset=\"https:\/\/www.aspack.es\/news\/wp-content\/uploads\/2017\/12\/reciclado-1024x768.jpg 1024w, https:\/\/www.aspack.es\/news\/wp-content\/uploads\/2017\/12\/reciclado-300x225.jpg 300w, https:\/\/www.aspack.es\/news\/wp-content\/uploads\/2017\/12\/reciclado-768x576.jpg 768w, https:\/\/www.aspack.es\/news\/wp-content\/uploads\/2017\/12\/reciclado-480x360.jpg 480w, https:\/\/www.aspack.es\/news\/wp-content\/uploads\/2017\/12\/reciclado-667x500.jpg 667w, https:\/\/www.aspack.es\/news\/wp-content\/uploads\/2017\/12\/reciclado.jpg 1920w\" sizes=\"auto, (max-width: 1020px) 100vw, 1020px\" \/><\/a><\/p>\n<p>La encuesta ha revelado que el 96% de los encuestados considera que el uso de envases y embalajes sostenibles es importante para su negocio, con algo m\u00e1s de la mitad (52%) diciendo que esta caracter\u00edstica es &#8216;muy importante&#8217; o &#8216;cr\u00edtica&#8217;.<\/p>\n<p>Los criterios m\u00e1s importantes para que los envases y embalajes se consideren \u00absostenibles\u00bb son, ordenados por orden de opiniones mayoritarias, los siguientes:<\/p>\n<ol>\n<li>Es un material reciclable (29,2%).<\/li>\n<li>Utiliza materiales renovables y abundantes (19,6%).<\/li>\n<li>Emplea materiales ligeros m\u00ednimos (15,5% ).<\/li>\n<li>Tiene una huella ecol\u00f3gica baja (8,2%).<\/li>\n<li>Es biodegradable y compostable (5,1%).<\/li>\n<\/ol>\n<p>Adem\u00e1s, resulta muy significativo que los encuestados esperen que la expansi\u00f3n del comercio minorista multicanal impulse un crecimiento m\u00e1s fuerte de los envases de cart\u00f3n plegables durante los pr\u00f3ximos cinco a\u00f1os; \u00e9stos se perciben no s\u00f3lo como la forma m\u00e1s \u201cvers\u00e1til\u201d, sino tambi\u00e9n como la m\u00e1s \u201csostenible\u201d de envase y embalaje primario para canales de distribuci\u00f3n m\u00e1s complejos. La elecci\u00f3n de los envases de cart\u00f3n plegable por los propietarios de marcas como el formato de envasado \u201cm\u00e1s sostenible\u201d se sustenta en su capacidad singular para satisfacer una combinaci\u00f3n de factores ambientales clave. A saber:<\/p>\n<ul>\n<li>Pueden ser elaborados por medio de recursos forestales renovables (y PEFC\/FSC Certified).<\/li>\n<li>Se recogen ampliamente y se reciclan f\u00e1cilmente muchas veces.<\/li>\n<li>Incorporan usualmente un alto porcentaje de materiales reciclados.<\/li>\n<li>Son ligeros y ofrecen una buena protecci\u00f3n del producto y bajos costes (de transporte).<\/li>\n<li>Ofrecen la enorme ventaja de que con el tiempo son biodegradables.<\/li>\n<li>Incluso si se incineran para generar energ\u00eda, pueden ser considerados \u00abneutros en carbono\u00bb.<\/li>\n<\/ul>\n","protected":false},"excerpt":{"rendered":"<p>Este reportaje sintetiza las principales conclusiones de un estudio confeccionado por Smithers Pira, una empresa que es una referencia a escala mundial en el \u00e1mbito del packaging de cart\u00f3n. El estudio se realiz\u00f3 en los cinco principales mercados europeos: Alemania, Reino Unido, Francia, Italia y Espa\u00f1a. El objetivo de la investigaci\u00f3n se centr\u00f3 en analizar&hellip;<\/p>\n","protected":false},"author":1,"featured_media":551,"comment_status":"open","ping_status":"open","sticky":false,"template":"","format":"standard","meta":{"footnotes":""},"categories":[17],"tags":[],"class_list":["post-550","post","type-post","status-publish","format-standard","has-post-thumbnail","hentry","category-el-sector"],"yoast_head":"<!-- This site is optimized with the Yoast SEO plugin v25.9 - https:\/\/yoast.com\/wordpress\/plugins\/seo\/ -->\n<title>Un informe impulsado por Pro Cart\u00f3n y elaborado por Smithers Pira pone en valor la sostenibilidad en el envase y el embalaje del cart\u00f3n - ASPACK NEWS<\/title>\n<meta name=\"robots\" content=\"index, follow, max-snippet:-1, max-image-preview:large, max-video-preview:-1\" \/>\n<link rel=\"canonical\" href=\"https:\/\/www.aspack.es\/news\/un-informe-impulsado-por-pro-carton-y-elaborado-por-smithers-pira-pone-en-valor-la-sostenibilidad-en-el-envase-y-el-embalaje-del-carton\/\" \/>\n<meta property=\"og:locale\" content=\"es_ES\" \/>\n<meta property=\"og:type\" content=\"article\" \/>\n<meta property=\"og:title\" content=\"Un informe impulsado por Pro Cart\u00f3n y elaborado por Smithers Pira pone en valor la sostenibilidad en el envase y el embalaje del cart\u00f3n - ASPACK NEWS\" \/>\n<meta property=\"og:description\" content=\"Este reportaje sintetiza las principales conclusiones de un estudio confeccionado por Smithers Pira, una empresa que es una referencia a escala mundial en el \u00e1mbito del packaging de cart\u00f3n. El estudio se realiz\u00f3 en los cinco principales mercados europeos: Alemania, Reino Unido, Francia, Italia y Espa\u00f1a. El objetivo de la investigaci\u00f3n se centr\u00f3 en analizar&hellip;\" \/>\n<meta property=\"og:url\" content=\"https:\/\/www.aspack.es\/news\/un-informe-impulsado-por-pro-carton-y-elaborado-por-smithers-pira-pone-en-valor-la-sostenibilidad-en-el-envase-y-el-embalaje-del-carton\/\" \/>\n<meta property=\"og:site_name\" content=\"ASPACK NEWS\" \/>\n<meta property=\"article:published_time\" content=\"2017-12-05T07:30:19+00:00\" \/>\n<meta property=\"article:modified_time\" content=\"2018-01-29T11:56:53+00:00\" \/>\n<meta property=\"og:image\" content=\"https:\/\/www.aspack.es\/news\/wp-content\/uploads\/2017\/12\/packaging.jpg\" \/>\n\t<meta property=\"og:image:width\" content=\"1920\" \/>\n\t<meta property=\"og:image:height\" content=\"1280\" \/>\n\t<meta property=\"og:image:type\" content=\"image\/jpeg\" \/>\n<meta name=\"author\" content=\"admin\" \/>\n<meta name=\"twitter:card\" content=\"summary_large_image\" \/>\n<meta name=\"twitter:label1\" content=\"Escrito por\" \/>\n\t<meta name=\"twitter:data1\" content=\"admin\" \/>\n\t<meta name=\"twitter:label2\" content=\"Tiempo de lectura\" \/>\n\t<meta name=\"twitter:data2\" content=\"2 minutos\" \/>\n<script type=\"application\/ld+json\" class=\"yoast-schema-graph\">{\"@context\":\"https:\/\/schema.org\",\"@graph\":[{\"@type\":\"WebPage\",\"@id\":\"https:\/\/www.aspack.es\/news\/un-informe-impulsado-por-pro-carton-y-elaborado-por-smithers-pira-pone-en-valor-la-sostenibilidad-en-el-envase-y-el-embalaje-del-carton\/\",\"url\":\"https:\/\/www.aspack.es\/news\/un-informe-impulsado-por-pro-carton-y-elaborado-por-smithers-pira-pone-en-valor-la-sostenibilidad-en-el-envase-y-el-embalaje-del-carton\/\",\"name\":\"Un informe impulsado por Pro Cart\u00f3n y elaborado por Smithers Pira pone en valor la sostenibilidad en el envase y el embalaje del cart\u00f3n - ASPACK NEWS\",\"isPartOf\":{\"@id\":\"http:\/\/www.aspack.es\/news\/#website\"},\"primaryImageOfPage\":{\"@id\":\"https:\/\/www.aspack.es\/news\/un-informe-impulsado-por-pro-carton-y-elaborado-por-smithers-pira-pone-en-valor-la-sostenibilidad-en-el-envase-y-el-embalaje-del-carton\/#primaryimage\"},\"image\":{\"@id\":\"https:\/\/www.aspack.es\/news\/un-informe-impulsado-por-pro-carton-y-elaborado-por-smithers-pira-pone-en-valor-la-sostenibilidad-en-el-envase-y-el-embalaje-del-carton\/#primaryimage\"},\"thumbnailUrl\":\"https:\/\/www.aspack.es\/news\/wp-content\/uploads\/2017\/12\/packaging.jpg\",\"datePublished\":\"2017-12-05T07:30:19+00:00\",\"dateModified\":\"2018-01-29T11:56:53+00:00\",\"author\":{\"@id\":\"http:\/\/www.aspack.es\/news\/#\/schema\/person\/0019098322836346476fc7dfdbd26d95\"},\"breadcrumb\":{\"@id\":\"https:\/\/www.aspack.es\/news\/un-informe-impulsado-por-pro-carton-y-elaborado-por-smithers-pira-pone-en-valor-la-sostenibilidad-en-el-envase-y-el-embalaje-del-carton\/#breadcrumb\"},\"inLanguage\":\"es\",\"potentialAction\":[{\"@type\":\"ReadAction\",\"target\":[\"https:\/\/www.aspack.es\/news\/un-informe-impulsado-por-pro-carton-y-elaborado-por-smithers-pira-pone-en-valor-la-sostenibilidad-en-el-envase-y-el-embalaje-del-carton\/\"]}]},{\"@type\":\"ImageObject\",\"inLanguage\":\"es\",\"@id\":\"https:\/\/www.aspack.es\/news\/un-informe-impulsado-por-pro-carton-y-elaborado-por-smithers-pira-pone-en-valor-la-sostenibilidad-en-el-envase-y-el-embalaje-del-carton\/#primaryimage\",\"url\":\"https:\/\/www.aspack.es\/news\/wp-content\/uploads\/2017\/12\/packaging.jpg\",\"contentUrl\":\"https:\/\/www.aspack.es\/news\/wp-content\/uploads\/2017\/12\/packaging.jpg\",\"width\":1920,\"height\":1280},{\"@type\":\"BreadcrumbList\",\"@id\":\"https:\/\/www.aspack.es\/news\/un-informe-impulsado-por-pro-carton-y-elaborado-por-smithers-pira-pone-en-valor-la-sostenibilidad-en-el-envase-y-el-embalaje-del-carton\/#breadcrumb\",\"itemListElement\":[{\"@type\":\"ListItem\",\"position\":1,\"name\":\"Portada\",\"item\":\"http:\/\/www.aspack.es\/news\/\"},{\"@type\":\"ListItem\",\"position\":2,\"name\":\"Un informe impulsado por Pro Cart\u00f3n y elaborado por Smithers Pira pone en valor la sostenibilidad en el envase y el embalaje del cart\u00f3n\"}]},{\"@type\":\"WebSite\",\"@id\":\"http:\/\/www.aspack.es\/news\/#website\",\"url\":\"http:\/\/www.aspack.es\/news\/\",\"name\":\"ASPACK NEWS\",\"description\":\"El peri?dico digital de los envases de cart?n\",\"potentialAction\":[{\"@type\":\"SearchAction\",\"target\":{\"@type\":\"EntryPoint\",\"urlTemplate\":\"http:\/\/www.aspack.es\/news\/?s={search_term_string}\"},\"query-input\":{\"@type\":\"PropertyValueSpecification\",\"valueRequired\":true,\"valueName\":\"search_term_string\"}}],\"inLanguage\":\"es\"},{\"@type\":\"Person\",\"@id\":\"http:\/\/www.aspack.es\/news\/#\/schema\/person\/0019098322836346476fc7dfdbd26d95\",\"name\":\"admin\",\"image\":{\"@type\":\"ImageObject\",\"inLanguage\":\"es\",\"@id\":\"http:\/\/www.aspack.es\/news\/#\/schema\/person\/image\/\",\"url\":\"https:\/\/secure.gravatar.com\/avatar\/6a6c60542c39a2d052b8b1e8c5145e669bf888b9b229b3da0e43092daac8a32e?s=96&d=mm&r=g\",\"contentUrl\":\"https:\/\/secure.gravatar.com\/avatar\/6a6c60542c39a2d052b8b1e8c5145e669bf888b9b229b3da0e43092daac8a32e?s=96&d=mm&r=g\",\"caption\":\"admin\"},\"url\":\"https:\/\/www.aspack.es\/news\/author\/admin\/\"}]}<\/script>\n<!-- \/ Yoast SEO plugin. -->","yoast_head_json":{"title":"Un informe impulsado por Pro Cart\u00f3n y elaborado por Smithers Pira pone en valor la sostenibilidad en el envase y el embalaje del cart\u00f3n - ASPACK NEWS","robots":{"index":"index","follow":"follow","max-snippet":"max-snippet:-1","max-image-preview":"max-image-preview:large","max-video-preview":"max-video-preview:-1"},"canonical":"https:\/\/www.aspack.es\/news\/un-informe-impulsado-por-pro-carton-y-elaborado-por-smithers-pira-pone-en-valor-la-sostenibilidad-en-el-envase-y-el-embalaje-del-carton\/","og_locale":"es_ES","og_type":"article","og_title":"Un informe impulsado por Pro Cart\u00f3n y elaborado por Smithers Pira pone en valor la sostenibilidad en el envase y el embalaje del cart\u00f3n - ASPACK NEWS","og_description":"Este reportaje sintetiza las principales conclusiones de un estudio confeccionado por Smithers Pira, una empresa que es una referencia a escala mundial en el \u00e1mbito del packaging de cart\u00f3n. El estudio se realiz\u00f3 en los cinco principales mercados europeos: Alemania, Reino Unido, Francia, Italia y Espa\u00f1a. El objetivo de la investigaci\u00f3n se centr\u00f3 en analizar&hellip;","og_url":"https:\/\/www.aspack.es\/news\/un-informe-impulsado-por-pro-carton-y-elaborado-por-smithers-pira-pone-en-valor-la-sostenibilidad-en-el-envase-y-el-embalaje-del-carton\/","og_site_name":"ASPACK NEWS","article_published_time":"2017-12-05T07:30:19+00:00","article_modified_time":"2018-01-29T11:56:53+00:00","og_image":[{"width":1920,"height":1280,"url":"https:\/\/www.aspack.es\/news\/wp-content\/uploads\/2017\/12\/packaging.jpg","type":"image\/jpeg"}],"author":"admin","twitter_card":"summary_large_image","twitter_misc":{"Escrito por":"admin","Tiempo de lectura":"2 minutos"},"schema":{"@context":"https:\/\/schema.org","@graph":[{"@type":"WebPage","@id":"https:\/\/www.aspack.es\/news\/un-informe-impulsado-por-pro-carton-y-elaborado-por-smithers-pira-pone-en-valor-la-sostenibilidad-en-el-envase-y-el-embalaje-del-carton\/","url":"https:\/\/www.aspack.es\/news\/un-informe-impulsado-por-pro-carton-y-elaborado-por-smithers-pira-pone-en-valor-la-sostenibilidad-en-el-envase-y-el-embalaje-del-carton\/","name":"Un informe impulsado por Pro Cart\u00f3n y elaborado por Smithers Pira pone en valor la sostenibilidad en el envase y el embalaje del cart\u00f3n - ASPACK NEWS","isPartOf":{"@id":"http:\/\/www.aspack.es\/news\/#website"},"primaryImageOfPage":{"@id":"https:\/\/www.aspack.es\/news\/un-informe-impulsado-por-pro-carton-y-elaborado-por-smithers-pira-pone-en-valor-la-sostenibilidad-en-el-envase-y-el-embalaje-del-carton\/#primaryimage"},"image":{"@id":"https:\/\/www.aspack.es\/news\/un-informe-impulsado-por-pro-carton-y-elaborado-por-smithers-pira-pone-en-valor-la-sostenibilidad-en-el-envase-y-el-embalaje-del-carton\/#primaryimage"},"thumbnailUrl":"https:\/\/www.aspack.es\/news\/wp-content\/uploads\/2017\/12\/packaging.jpg","datePublished":"2017-12-05T07:30:19+00:00","dateModified":"2018-01-29T11:56:53+00:00","author":{"@id":"http:\/\/www.aspack.es\/news\/#\/schema\/person\/0019098322836346476fc7dfdbd26d95"},"breadcrumb":{"@id":"https:\/\/www.aspack.es\/news\/un-informe-impulsado-por-pro-carton-y-elaborado-por-smithers-pira-pone-en-valor-la-sostenibilidad-en-el-envase-y-el-embalaje-del-carton\/#breadcrumb"},"inLanguage":"es","potentialAction":[{"@type":"ReadAction","target":["https:\/\/www.aspack.es\/news\/un-informe-impulsado-por-pro-carton-y-elaborado-por-smithers-pira-pone-en-valor-la-sostenibilidad-en-el-envase-y-el-embalaje-del-carton\/"]}]},{"@type":"ImageObject","inLanguage":"es","@id":"https:\/\/www.aspack.es\/news\/un-informe-impulsado-por-pro-carton-y-elaborado-por-smithers-pira-pone-en-valor-la-sostenibilidad-en-el-envase-y-el-embalaje-del-carton\/#primaryimage","url":"https:\/\/www.aspack.es\/news\/wp-content\/uploads\/2017\/12\/packaging.jpg","contentUrl":"https:\/\/www.aspack.es\/news\/wp-content\/uploads\/2017\/12\/packaging.jpg","width":1920,"height":1280},{"@type":"BreadcrumbList","@id":"https:\/\/www.aspack.es\/news\/un-informe-impulsado-por-pro-carton-y-elaborado-por-smithers-pira-pone-en-valor-la-sostenibilidad-en-el-envase-y-el-embalaje-del-carton\/#breadcrumb","itemListElement":[{"@type":"ListItem","position":1,"name":"Portada","item":"http:\/\/www.aspack.es\/news\/"},{"@type":"ListItem","position":2,"name":"Un informe impulsado por Pro Cart\u00f3n y elaborado por Smithers Pira pone en valor la sostenibilidad en el envase y el embalaje del cart\u00f3n"}]},{"@type":"WebSite","@id":"http:\/\/www.aspack.es\/news\/#website","url":"http:\/\/www.aspack.es\/news\/","name":"ASPACK NEWS","description":"El peri?dico digital de los envases de cart?n","potentialAction":[{"@type":"SearchAction","target":{"@type":"EntryPoint","urlTemplate":"http:\/\/www.aspack.es\/news\/?s={search_term_string}"},"query-input":{"@type":"PropertyValueSpecification","valueRequired":true,"valueName":"search_term_string"}}],"inLanguage":"es"},{"@type":"Person","@id":"http:\/\/www.aspack.es\/news\/#\/schema\/person\/0019098322836346476fc7dfdbd26d95","name":"admin","image":{"@type":"ImageObject","inLanguage":"es","@id":"http:\/\/www.aspack.es\/news\/#\/schema\/person\/image\/","url":"https:\/\/secure.gravatar.com\/avatar\/6a6c60542c39a2d052b8b1e8c5145e669bf888b9b229b3da0e43092daac8a32e?s=96&d=mm&r=g","contentUrl":"https:\/\/secure.gravatar.com\/avatar\/6a6c60542c39a2d052b8b1e8c5145e669bf888b9b229b3da0e43092daac8a32e?s=96&d=mm&r=g","caption":"admin"},"url":"https:\/\/www.aspack.es\/news\/author\/admin\/"}]}},"_links":{"self":[{"href":"https:\/\/www.aspack.es\/news\/wp-json\/wp\/v2\/posts\/550","targetHints":{"allow":["GET"]}}],"collection":[{"href":"https:\/\/www.aspack.es\/news\/wp-json\/wp\/v2\/posts"}],"about":[{"href":"https:\/\/www.aspack.es\/news\/wp-json\/wp\/v2\/types\/post"}],"author":[{"embeddable":true,"href":"https:\/\/www.aspack.es\/news\/wp-json\/wp\/v2\/users\/1"}],"replies":[{"embeddable":true,"href":"https:\/\/www.aspack.es\/news\/wp-json\/wp\/v2\/comments?post=550"}],"version-history":[{"count":1,"href":"https:\/\/www.aspack.es\/news\/wp-json\/wp\/v2\/posts\/550\/revisions"}],"predecessor-version":[{"id":553,"href":"https:\/\/www.aspack.es\/news\/wp-json\/wp\/v2\/posts\/550\/revisions\/553"}],"wp:featuredmedia":[{"embeddable":true,"href":"https:\/\/www.aspack.es\/news\/wp-json\/wp\/v2\/media\/551"}],"wp:attachment":[{"href":"https:\/\/www.aspack.es\/news\/wp-json\/wp\/v2\/media?parent=550"}],"wp:term":[{"taxonomy":"category","embeddable":true,"href":"https:\/\/www.aspack.es\/news\/wp-json\/wp\/v2\/categories?post=550"},{"taxonomy":"post_tag","embeddable":true,"href":"https:\/\/www.aspack.es\/news\/wp-json\/wp\/v2\/tags?post=550"}],"curies":[{"name":"wp","href":"https:\/\/api.w.org\/{rel}","templated":true}]}}