{"id":554,"date":"2017-12-05T08:15:22","date_gmt":"2017-12-05T08:15:22","guid":{"rendered":"http:\/\/www.aspack.es\/news\/?p=554"},"modified":"2018-01-29T11:56:44","modified_gmt":"2018-01-29T11:56:44","slug":"la-asamblea-de-aspack-define-los-avances-del-plan-estrategico-y-fija-detalles-del-proximo-congreso-y-del-foro-de-la-cadena-de-valor","status":"publish","type":"post","link":"https:\/\/www.aspack.es\/news\/la-asamblea-de-aspack-define-los-avances-del-plan-estrategico-y-fija-detalles-del-proximo-congreso-y-del-foro-de-la-cadena-de-valor\/","title":{"rendered":"La Asamblea de Aspack define los avances del Plan Estrat\u00e9gico y fija detalles del pr\u00f3ximo Congreso y del Foro de la Cadena de Valor"},"content":{"rendered":"<p>La nueva asamblea de Aspack tuvo lugar el 14 de noviembre en Barcelona. El encuentro fue dirigido por el presidente de nuestra organizaci\u00f3n, Alejandro Garc\u00eda y por Pablo Serrano, Secretario General de Aspack. Durante la asamblea, se aprobaron las cuentas del anterior ejercicio, se presentaron las actividades y proyectos de Aspack durante 2017, as\u00ed como el seguimiento del Plan Estrat\u00e9gico. Adem\u00e1s, se ajustaron detalles del foro de la cadena de valor, que se celebra el pr\u00f3ximo 8 de febrero tambi\u00e9n en la Ciudad Condal, y del pr\u00f3ximo congreso de nuestra entidad, que se desarrollar\u00e1 en Granada en el 2018 que estamos cerca de estrenar.<\/p>\n<p>El Secretario General de Aspack, Pablo Serrano, present\u00f3 el desarrollo de las principales actividades y proyectos, las actividades realizadas durante el a\u00f1o, ajustadas al Plan Estrat\u00e9gico 2016-2019. Adem\u00e1s, inform\u00f3 de los avances realizados en cada una de las siete l\u00edneas estrat\u00e9gicas, habi\u00e9ndose cumplido a un 90% del Plan. En su intervenci\u00f3n, Serrano se centr\u00f3 en el \u00faltimo trimestre, donde se ha desarrollado la propuesta de valor de la Asociaci\u00f3n y las herramientas de comunicaci\u00f3n derivadas que incluyen: la auditor\u00eda de comunicaci\u00f3n, la modernizaci\u00f3n del logo de Aspack, un nuevo folleto de la Asociaci\u00f3n, un novedoso documento pdf interactivo de presentaci\u00f3n y venta de Aspack y el nuevo peri\u00f3dico digital y su newsletter, quedando pendiente la actualizaci\u00f3n de la web, que se concretar\u00e1 durante el primer trimestre del 2018.<\/p>\n<p>En el cap\u00edtulo de presentaciones, se compartieron los estudios del sector: consumo de cart\u00f3n y estudio de la industria 2017.<\/p>\n<p>Los procedimientos de esta reuni\u00f3n se regularon en funci\u00f3n de los requisitos del Manual de Buenas Pr\u00e1cticas de Aspack, que todos los asistentes dijeron conocer, aceptar y cumplir. La primera acci\u00f3n de la asamblea consisti\u00f3 en aprobar el acta de la asamblea anterior. A continuaci\u00f3n, se acord\u00f3 la modificaci\u00f3n del t\u00edtulo V y de los art\u00edculos 53 y SS de los estatutos de la asociaci\u00f3n. Tambi\u00e9n se aprobaron las cuentas del ejercicio del 2016, as\u00ed como el presupuesto para el 2018. Adem\u00e1s, se inform\u00f3 de los puntos finalmente acordados para el Convenio Colectivo del sector, cuya duraci\u00f3n ha sido establecida en dos a\u00f1os, de los que han sido informados todos los asociados en tiempo.<\/p>\n<p>Adem\u00e1s, se comunicaron los pormenores del traslado de fecha del Foro de la Cadena de Valor del Envase de Cart\u00f3n al 8 de febrero, por haber coincido la fecha prevista con uno de los d\u00edas de huelga del sector. En relaci\u00f3n al Congreso de ASPACK 2018, se inform\u00f3 que se desarrollar\u00e1 en Granada los d\u00edas 25 y 26 de octubre.<\/p>\n<p>El Comit\u00e9 Organizador plante\u00f3 un Congreso estructurado con dos d\u00edas de asistencia obligatoria: con la idea de que los asistentes lleguen el jueves y realicen la parte profesional el jueves por la tarde y el viernes, cerrando con visita a la Alhambra y una cena de gala. Con este planteamiento, la idea es dejar la actividad del s\u00e1bado como opcional, pagando una cuota aparte y cerrando en este caso con un almuerzo de despedida para los que asistan, con el prop\u00f3sito de dejar libres el s\u00e1bado por la tarde y el domingo.<\/p>\n<p>En el marco de esta propuesta, se estipul\u00f3 una cuota de Congreso cerrada, que incluya todo: habitaci\u00f3n de hotel, almuerzos y cenas, caf\u00e9s, visitas, documentaci\u00f3n, regalos y costes generales. Tambi\u00e9n en 2018 ASPACK cumple 40 a\u00f1os; una efem\u00e9ride que representa un plus\u00a0de excepcionalidad\u00a0para el Congreso.<\/p>\n","protected":false},"excerpt":{"rendered":"<p>La nueva asamblea de Aspack tuvo lugar el 14 de noviembre en Barcelona. El encuentro fue dirigido por el presidente de nuestra organizaci\u00f3n, Alejandro Garc\u00eda y por Pablo Serrano, Secretario General de Aspack. Durante la asamblea, se aprobaron las cuentas del anterior ejercicio, se presentaron las actividades y proyectos de Aspack durante 2017, as\u00ed como&hellip;<\/p>\n","protected":false},"author":1,"featured_media":557,"comment_status":"open","ping_status":"open","sticky":false,"template":"","format":"standard","meta":{"footnotes":""},"categories":[17,19],"tags":[],"class_list":["post-554","post","type-post","status-publish","format-standard","has-post-thumbnail","hentry","category-el-sector","category-eventos"],"yoast_head":"<!-- This site is optimized with the Yoast SEO plugin v25.9 - https:\/\/yoast.com\/wordpress\/plugins\/seo\/ -->\n<title>La Asamblea de Aspack define los avances del Plan Estrat\u00e9gico y fija detalles del pr\u00f3ximo Congreso y del Foro de la Cadena de Valor - ASPACK NEWS<\/title>\n<meta name=\"robots\" content=\"index, follow, max-snippet:-1, max-image-preview:large, max-video-preview:-1\" \/>\n<link rel=\"canonical\" href=\"https:\/\/www.aspack.es\/news\/la-asamblea-de-aspack-define-los-avances-del-plan-estrategico-y-fija-detalles-del-proximo-congreso-y-del-foro-de-la-cadena-de-valor\/\" \/>\n<meta property=\"og:locale\" content=\"es_ES\" \/>\n<meta property=\"og:type\" content=\"article\" \/>\n<meta property=\"og:title\" content=\"La Asamblea de Aspack define los avances del Plan Estrat\u00e9gico y fija detalles del pr\u00f3ximo Congreso y del Foro de la Cadena de Valor - ASPACK NEWS\" \/>\n<meta property=\"og:description\" content=\"La nueva asamblea de Aspack tuvo lugar el 14 de noviembre en Barcelona. El encuentro fue dirigido por el presidente de nuestra organizaci\u00f3n, Alejandro Garc\u00eda y por Pablo Serrano, Secretario General de Aspack. Durante la asamblea, se aprobaron las cuentas del anterior ejercicio, se presentaron las actividades y proyectos de Aspack durante 2017, as\u00ed como&hellip;\" \/>\n<meta property=\"og:url\" content=\"https:\/\/www.aspack.es\/news\/la-asamblea-de-aspack-define-los-avances-del-plan-estrategico-y-fija-detalles-del-proximo-congreso-y-del-foro-de-la-cadena-de-valor\/\" \/>\n<meta property=\"og:site_name\" content=\"ASPACK NEWS\" \/>\n<meta property=\"article:published_time\" content=\"2017-12-05T08:15:22+00:00\" \/>\n<meta property=\"article:modified_time\" content=\"2018-01-29T11:56:44+00:00\" \/>\n<meta property=\"og:image\" content=\"https:\/\/www.aspack.es\/news\/wp-content\/uploads\/2017\/12\/AsambleaAspack-LogoPantalla1.jpeg\" \/>\n\t<meta property=\"og:image:width\" content=\"1920\" \/>\n\t<meta property=\"og:image:height\" content=\"1440\" \/>\n\t<meta property=\"og:image:type\" content=\"image\/jpeg\" \/>\n<meta name=\"author\" content=\"admin\" \/>\n<meta name=\"twitter:card\" content=\"summary_large_image\" \/>\n<meta name=\"twitter:label1\" content=\"Escrito por\" \/>\n\t<meta name=\"twitter:data1\" content=\"admin\" \/>\n\t<meta name=\"twitter:label2\" content=\"Tiempo de lectura\" \/>\n\t<meta name=\"twitter:data2\" content=\"3 minutos\" \/>\n<script type=\"application\/ld+json\" class=\"yoast-schema-graph\">{\"@context\":\"https:\/\/schema.org\",\"@graph\":[{\"@type\":\"WebPage\",\"@id\":\"https:\/\/www.aspack.es\/news\/la-asamblea-de-aspack-define-los-avances-del-plan-estrategico-y-fija-detalles-del-proximo-congreso-y-del-foro-de-la-cadena-de-valor\/\",\"url\":\"https:\/\/www.aspack.es\/news\/la-asamblea-de-aspack-define-los-avances-del-plan-estrategico-y-fija-detalles-del-proximo-congreso-y-del-foro-de-la-cadena-de-valor\/\",\"name\":\"La Asamblea de Aspack define los avances del Plan Estrat\u00e9gico y fija detalles del pr\u00f3ximo Congreso y del Foro de la Cadena de Valor - ASPACK NEWS\",\"isPartOf\":{\"@id\":\"http:\/\/www.aspack.es\/news\/#website\"},\"primaryImageOfPage\":{\"@id\":\"https:\/\/www.aspack.es\/news\/la-asamblea-de-aspack-define-los-avances-del-plan-estrategico-y-fija-detalles-del-proximo-congreso-y-del-foro-de-la-cadena-de-valor\/#primaryimage\"},\"image\":{\"@id\":\"https:\/\/www.aspack.es\/news\/la-asamblea-de-aspack-define-los-avances-del-plan-estrategico-y-fija-detalles-del-proximo-congreso-y-del-foro-de-la-cadena-de-valor\/#primaryimage\"},\"thumbnailUrl\":\"https:\/\/www.aspack.es\/news\/wp-content\/uploads\/2017\/12\/AsambleaAspack-LogoPantalla1.jpeg\",\"datePublished\":\"2017-12-05T08:15:22+00:00\",\"dateModified\":\"2018-01-29T11:56:44+00:00\",\"author\":{\"@id\":\"http:\/\/www.aspack.es\/news\/#\/schema\/person\/0019098322836346476fc7dfdbd26d95\"},\"breadcrumb\":{\"@id\":\"https:\/\/www.aspack.es\/news\/la-asamblea-de-aspack-define-los-avances-del-plan-estrategico-y-fija-detalles-del-proximo-congreso-y-del-foro-de-la-cadena-de-valor\/#breadcrumb\"},\"inLanguage\":\"es\",\"potentialAction\":[{\"@type\":\"ReadAction\",\"target\":[\"https:\/\/www.aspack.es\/news\/la-asamblea-de-aspack-define-los-avances-del-plan-estrategico-y-fija-detalles-del-proximo-congreso-y-del-foro-de-la-cadena-de-valor\/\"]}]},{\"@type\":\"ImageObject\",\"inLanguage\":\"es\",\"@id\":\"https:\/\/www.aspack.es\/news\/la-asamblea-de-aspack-define-los-avances-del-plan-estrategico-y-fija-detalles-del-proximo-congreso-y-del-foro-de-la-cadena-de-valor\/#primaryimage\",\"url\":\"https:\/\/www.aspack.es\/news\/wp-content\/uploads\/2017\/12\/AsambleaAspack-LogoPantalla1.jpeg\",\"contentUrl\":\"https:\/\/www.aspack.es\/news\/wp-content\/uploads\/2017\/12\/AsambleaAspack-LogoPantalla1.jpeg\",\"width\":1920,\"height\":1440},{\"@type\":\"BreadcrumbList\",\"@id\":\"https:\/\/www.aspack.es\/news\/la-asamblea-de-aspack-define-los-avances-del-plan-estrategico-y-fija-detalles-del-proximo-congreso-y-del-foro-de-la-cadena-de-valor\/#breadcrumb\",\"itemListElement\":[{\"@type\":\"ListItem\",\"position\":1,\"name\":\"Portada\",\"item\":\"http:\/\/www.aspack.es\/news\/\"},{\"@type\":\"ListItem\",\"position\":2,\"name\":\"La Asamblea de Aspack define los avances del Plan Estrat\u00e9gico y fija detalles del pr\u00f3ximo Congreso y del Foro de la Cadena de Valor\"}]},{\"@type\":\"WebSite\",\"@id\":\"http:\/\/www.aspack.es\/news\/#website\",\"url\":\"http:\/\/www.aspack.es\/news\/\",\"name\":\"ASPACK NEWS\",\"description\":\"El peri?dico digital de los envases de cart?n\",\"potentialAction\":[{\"@type\":\"SearchAction\",\"target\":{\"@type\":\"EntryPoint\",\"urlTemplate\":\"http:\/\/www.aspack.es\/news\/?s={search_term_string}\"},\"query-input\":{\"@type\":\"PropertyValueSpecification\",\"valueRequired\":true,\"valueName\":\"search_term_string\"}}],\"inLanguage\":\"es\"},{\"@type\":\"Person\",\"@id\":\"http:\/\/www.aspack.es\/news\/#\/schema\/person\/0019098322836346476fc7dfdbd26d95\",\"name\":\"admin\",\"image\":{\"@type\":\"ImageObject\",\"inLanguage\":\"es\",\"@id\":\"http:\/\/www.aspack.es\/news\/#\/schema\/person\/image\/\",\"url\":\"https:\/\/secure.gravatar.com\/avatar\/6a6c60542c39a2d052b8b1e8c5145e669bf888b9b229b3da0e43092daac8a32e?s=96&d=mm&r=g\",\"contentUrl\":\"https:\/\/secure.gravatar.com\/avatar\/6a6c60542c39a2d052b8b1e8c5145e669bf888b9b229b3da0e43092daac8a32e?s=96&d=mm&r=g\",\"caption\":\"admin\"},\"url\":\"https:\/\/www.aspack.es\/news\/author\/admin\/\"}]}<\/script>\n<!-- \/ Yoast SEO plugin. -->","yoast_head_json":{"title":"La Asamblea de Aspack define los avances del Plan Estrat\u00e9gico y fija detalles del pr\u00f3ximo Congreso y del Foro de la Cadena de Valor - ASPACK NEWS","robots":{"index":"index","follow":"follow","max-snippet":"max-snippet:-1","max-image-preview":"max-image-preview:large","max-video-preview":"max-video-preview:-1"},"canonical":"https:\/\/www.aspack.es\/news\/la-asamblea-de-aspack-define-los-avances-del-plan-estrategico-y-fija-detalles-del-proximo-congreso-y-del-foro-de-la-cadena-de-valor\/","og_locale":"es_ES","og_type":"article","og_title":"La Asamblea de Aspack define los avances del Plan Estrat\u00e9gico y fija detalles del pr\u00f3ximo Congreso y del Foro de la Cadena de Valor - ASPACK NEWS","og_description":"La nueva asamblea de Aspack tuvo lugar el 14 de noviembre en Barcelona. El encuentro fue dirigido por el presidente de nuestra organizaci\u00f3n, Alejandro Garc\u00eda y por Pablo Serrano, Secretario General de Aspack. Durante la asamblea, se aprobaron las cuentas del anterior ejercicio, se presentaron las actividades y proyectos de Aspack durante 2017, as\u00ed como&hellip;","og_url":"https:\/\/www.aspack.es\/news\/la-asamblea-de-aspack-define-los-avances-del-plan-estrategico-y-fija-detalles-del-proximo-congreso-y-del-foro-de-la-cadena-de-valor\/","og_site_name":"ASPACK NEWS","article_published_time":"2017-12-05T08:15:22+00:00","article_modified_time":"2018-01-29T11:56:44+00:00","og_image":[{"width":1920,"height":1440,"url":"https:\/\/www.aspack.es\/news\/wp-content\/uploads\/2017\/12\/AsambleaAspack-LogoPantalla1.jpeg","type":"image\/jpeg"}],"author":"admin","twitter_card":"summary_large_image","twitter_misc":{"Escrito por":"admin","Tiempo de lectura":"3 minutos"},"schema":{"@context":"https:\/\/schema.org","@graph":[{"@type":"WebPage","@id":"https:\/\/www.aspack.es\/news\/la-asamblea-de-aspack-define-los-avances-del-plan-estrategico-y-fija-detalles-del-proximo-congreso-y-del-foro-de-la-cadena-de-valor\/","url":"https:\/\/www.aspack.es\/news\/la-asamblea-de-aspack-define-los-avances-del-plan-estrategico-y-fija-detalles-del-proximo-congreso-y-del-foro-de-la-cadena-de-valor\/","name":"La Asamblea de Aspack define los avances del Plan Estrat\u00e9gico y fija detalles del pr\u00f3ximo Congreso y del Foro de la Cadena de Valor - ASPACK NEWS","isPartOf":{"@id":"http:\/\/www.aspack.es\/news\/#website"},"primaryImageOfPage":{"@id":"https:\/\/www.aspack.es\/news\/la-asamblea-de-aspack-define-los-avances-del-plan-estrategico-y-fija-detalles-del-proximo-congreso-y-del-foro-de-la-cadena-de-valor\/#primaryimage"},"image":{"@id":"https:\/\/www.aspack.es\/news\/la-asamblea-de-aspack-define-los-avances-del-plan-estrategico-y-fija-detalles-del-proximo-congreso-y-del-foro-de-la-cadena-de-valor\/#primaryimage"},"thumbnailUrl":"https:\/\/www.aspack.es\/news\/wp-content\/uploads\/2017\/12\/AsambleaAspack-LogoPantalla1.jpeg","datePublished":"2017-12-05T08:15:22+00:00","dateModified":"2018-01-29T11:56:44+00:00","author":{"@id":"http:\/\/www.aspack.es\/news\/#\/schema\/person\/0019098322836346476fc7dfdbd26d95"},"breadcrumb":{"@id":"https:\/\/www.aspack.es\/news\/la-asamblea-de-aspack-define-los-avances-del-plan-estrategico-y-fija-detalles-del-proximo-congreso-y-del-foro-de-la-cadena-de-valor\/#breadcrumb"},"inLanguage":"es","potentialAction":[{"@type":"ReadAction","target":["https:\/\/www.aspack.es\/news\/la-asamblea-de-aspack-define-los-avances-del-plan-estrategico-y-fija-detalles-del-proximo-congreso-y-del-foro-de-la-cadena-de-valor\/"]}]},{"@type":"ImageObject","inLanguage":"es","@id":"https:\/\/www.aspack.es\/news\/la-asamblea-de-aspack-define-los-avances-del-plan-estrategico-y-fija-detalles-del-proximo-congreso-y-del-foro-de-la-cadena-de-valor\/#primaryimage","url":"https:\/\/www.aspack.es\/news\/wp-content\/uploads\/2017\/12\/AsambleaAspack-LogoPantalla1.jpeg","contentUrl":"https:\/\/www.aspack.es\/news\/wp-content\/uploads\/2017\/12\/AsambleaAspack-LogoPantalla1.jpeg","width":1920,"height":1440},{"@type":"BreadcrumbList","@id":"https:\/\/www.aspack.es\/news\/la-asamblea-de-aspack-define-los-avances-del-plan-estrategico-y-fija-detalles-del-proximo-congreso-y-del-foro-de-la-cadena-de-valor\/#breadcrumb","itemListElement":[{"@type":"ListItem","position":1,"name":"Portada","item":"http:\/\/www.aspack.es\/news\/"},{"@type":"ListItem","position":2,"name":"La Asamblea de Aspack define los avances del Plan Estrat\u00e9gico y fija detalles del pr\u00f3ximo Congreso y del Foro de la Cadena de Valor"}]},{"@type":"WebSite","@id":"http:\/\/www.aspack.es\/news\/#website","url":"http:\/\/www.aspack.es\/news\/","name":"ASPACK NEWS","description":"El peri?dico digital de los envases de cart?n","potentialAction":[{"@type":"SearchAction","target":{"@type":"EntryPoint","urlTemplate":"http:\/\/www.aspack.es\/news\/?s={search_term_string}"},"query-input":{"@type":"PropertyValueSpecification","valueRequired":true,"valueName":"search_term_string"}}],"inLanguage":"es"},{"@type":"Person","@id":"http:\/\/www.aspack.es\/news\/#\/schema\/person\/0019098322836346476fc7dfdbd26d95","name":"admin","image":{"@type":"ImageObject","inLanguage":"es","@id":"http:\/\/www.aspack.es\/news\/#\/schema\/person\/image\/","url":"https:\/\/secure.gravatar.com\/avatar\/6a6c60542c39a2d052b8b1e8c5145e669bf888b9b229b3da0e43092daac8a32e?s=96&d=mm&r=g","contentUrl":"https:\/\/secure.gravatar.com\/avatar\/6a6c60542c39a2d052b8b1e8c5145e669bf888b9b229b3da0e43092daac8a32e?s=96&d=mm&r=g","caption":"admin"},"url":"https:\/\/www.aspack.es\/news\/author\/admin\/"}]}},"_links":{"self":[{"href":"https:\/\/www.aspack.es\/news\/wp-json\/wp\/v2\/posts\/554","targetHints":{"allow":["GET"]}}],"collection":[{"href":"https:\/\/www.aspack.es\/news\/wp-json\/wp\/v2\/posts"}],"about":[{"href":"https:\/\/www.aspack.es\/news\/wp-json\/wp\/v2\/types\/post"}],"author":[{"embeddable":true,"href":"https:\/\/www.aspack.es\/news\/wp-json\/wp\/v2\/users\/1"}],"replies":[{"embeddable":true,"href":"https:\/\/www.aspack.es\/news\/wp-json\/wp\/v2\/comments?post=554"}],"version-history":[{"count":1,"href":"https:\/\/www.aspack.es\/news\/wp-json\/wp\/v2\/posts\/554\/revisions"}],"predecessor-version":[{"id":556,"href":"https:\/\/www.aspack.es\/news\/wp-json\/wp\/v2\/posts\/554\/revisions\/556"}],"wp:featuredmedia":[{"embeddable":true,"href":"https:\/\/www.aspack.es\/news\/wp-json\/wp\/v2\/media\/557"}],"wp:attachment":[{"href":"https:\/\/www.aspack.es\/news\/wp-json\/wp\/v2\/media?parent=554"}],"wp:term":[{"taxonomy":"category","embeddable":true,"href":"https:\/\/www.aspack.es\/news\/wp-json\/wp\/v2\/categories?post=554"},{"taxonomy":"post_tag","embeddable":true,"href":"https:\/\/www.aspack.es\/news\/wp-json\/wp\/v2\/tags?post=554"}],"curies":[{"name":"wp","href":"https:\/\/api.w.org\/{rel}","templated":true}]}}