{"id":558,"date":"2017-12-05T14:17:25","date_gmt":"2017-12-05T14:17:25","guid":{"rendered":"http:\/\/www.aspack.es\/news\/?p=558"},"modified":"2018-01-29T11:56:35","modified_gmt":"2018-01-29T11:56:35","slug":"aspack-estrena-periodico-digital-y-newsletter","status":"publish","type":"post","link":"https:\/\/www.aspack.es\/news\/aspack-estrena-periodico-digital-y-newsletter\/","title":{"rendered":"Aspack estrena peri\u00f3dico digital y newsletter dentro de su nueva estrategia de comunicaci\u00f3n"},"content":{"rendered":"<p>Seguramente lo habr\u00e9is notado al abrir la newsletter o el peri\u00f3dico digital de Aspack: el formato se ha renovado totalmente para que ambas herramientas tengan un dise\u00f1o m\u00e1s moderno y atractivo.<\/p>\n<p><a href=\"http:\/\/www.aspack.es\/news\/wp-content\/uploads\/2017\/12\/nueva-newsletter-aspack.jpg\" rel=\"attachment wp-att-559\"><img loading=\"lazy\" decoding=\"async\" class=\"aligncenter size-large wp-image-559\" src=\"http:\/\/www.aspack.es\/news\/wp-content\/uploads\/2017\/12\/nueva-newsletter-aspack-1024x768.jpg\" alt=\"Nueva newsletter de Aspack.\" width=\"1020\" height=\"765\" srcset=\"https:\/\/www.aspack.es\/news\/wp-content\/uploads\/2017\/12\/nueva-newsletter-aspack-1024x768.jpg 1024w, https:\/\/www.aspack.es\/news\/wp-content\/uploads\/2017\/12\/nueva-newsletter-aspack-300x225.jpg 300w, https:\/\/www.aspack.es\/news\/wp-content\/uploads\/2017\/12\/nueva-newsletter-aspack-768x576.jpg 768w, https:\/\/www.aspack.es\/news\/wp-content\/uploads\/2017\/12\/nueva-newsletter-aspack-480x360.jpg 480w, https:\/\/www.aspack.es\/news\/wp-content\/uploads\/2017\/12\/nueva-newsletter-aspack-667x500.jpg 667w\" sizes=\"auto, (max-width: 1020px) 100vw, 1020px\" \/><\/a><\/p>\n<p>Una de las l\u00edneas del Plan Estrat\u00e9gico 2016-2019 consiste, precisamente, en la puesta en marcha de un Plan de Comunicaci\u00f3n con herramientas acordes a la sociedad de la informaci\u00f3n, en la que la comunicaci\u00f3n es muy importante para cualquier empresa u organizaci\u00f3n ya sea para darse a conocer y ganar notoriedad, para fidelizar a su p\u00fablico o incluso para conseguir m\u00e1s sentimiento de pertenencia entre su personal.<\/p>\n<p>Dentro de esta l\u00ednea estrat\u00e9gica, hemos elaborado una auditor\u00eda de comunicaci\u00f3n para localizar posibles mejoras. Gracias a ella, y tras recibir la aprobaci\u00f3n de la Asamblea de Aspack del 14 de noviembre, se ha modernizado el logo de asociaci\u00f3n y se han renovado el peri\u00f3dico y la newsletter.<\/p>\n<p><strong>Novedades en proceso<\/strong><\/p>\n<p>Estas novedades se suman a las que ya comenzaron en la primera mitad del a\u00f1o, con la puesta en marcha de una estrategia de publicaci\u00f3n de contenido en redes sociales. Se puede encontrar a Aspack en Twitter <a href=\"https:\/\/twitter.com\/aspackcomunica\" target=\"_blank\">aqu\u00ed<\/a>, tambi\u00e9n hay una <a href=\"https:\/\/www.facebook.com\/Aspack-Asociaci%C3%B3n-Espa%C3%B1ola-de-Fabricantes-de-Envases-de-Cart%C3%B3n-160951267821348\/\" target=\"_blank\">p\u00e1gina de la asociaci\u00f3n<\/a> en Facebook y <a href=\"https:\/\/www.linkedin.com\/company\/1101290\/admin\/updates\/\" target=\"_blank\">otra p\u00e1gina<\/a> en Linkedin.<\/p>\n<p>Adem\u00e1s, otra de las principales herramientas de la asociaci\u00f3n para ofrecer informaci\u00f3n, para servir como punto de encuentro entre los asociados y para actuar como escaparate de los servicios que ofrece Aspack a posibles nuevos socios, la p\u00e1gina web, tambi\u00e9n se est\u00e1 renovando.<\/p>\n","protected":false},"excerpt":{"rendered":"<p>Seguramente lo habr\u00e9is notado al abrir la newsletter o el peri\u00f3dico digital de Aspack: el formato se ha renovado totalmente para que ambas herramientas tengan un dise\u00f1o m\u00e1s moderno y atractivo. Una de las l\u00edneas del Plan Estrat\u00e9gico 2016-2019 consiste, precisamente, en la puesta en marcha de un Plan de Comunicaci\u00f3n con herramientas acordes a&hellip;<\/p>\n","protected":false},"author":1,"featured_media":560,"comment_status":"open","ping_status":"open","sticky":false,"template":"","format":"standard","meta":{"footnotes":""},"categories":[17],"tags":[],"class_list":["post-558","post","type-post","status-publish","format-standard","has-post-thumbnail","hentry","category-el-sector"],"yoast_head":"<!-- This site is optimized with the Yoast SEO plugin v25.9 - https:\/\/yoast.com\/wordpress\/plugins\/seo\/ -->\n<title>Aspack estrena peri\u00f3dico digital y newsletter dentro de su nueva estrategia de comunicaci\u00f3n - ASPACK NEWS<\/title>\n<meta name=\"robots\" content=\"index, follow, max-snippet:-1, max-image-preview:large, max-video-preview:-1\" \/>\n<link rel=\"canonical\" href=\"http:\/\/www.aspack.es\/news\/aspack-estrena-periodico-digital-y-newsletter\/\" \/>\n<meta property=\"og:locale\" content=\"es_ES\" \/>\n<meta property=\"og:type\" content=\"article\" \/>\n<meta property=\"og:title\" content=\"Aspack estrena peri\u00f3dico digital y newsletter dentro de su nueva estrategia de comunicaci\u00f3n - ASPACK NEWS\" \/>\n<meta property=\"og:description\" content=\"Seguramente lo habr\u00e9is notado al abrir la newsletter o el peri\u00f3dico digital de Aspack: el formato se ha renovado totalmente para que ambas herramientas tengan un dise\u00f1o m\u00e1s moderno y atractivo. Una de las l\u00edneas del Plan Estrat\u00e9gico 2016-2019 consiste, precisamente, en la puesta en marcha de un Plan de Comunicaci\u00f3n con herramientas acordes a&hellip;\" \/>\n<meta property=\"og:url\" content=\"http:\/\/www.aspack.es\/news\/aspack-estrena-periodico-digital-y-newsletter\/\" \/>\n<meta property=\"og:site_name\" content=\"ASPACK NEWS\" \/>\n<meta property=\"article:published_time\" content=\"2017-12-05T14:17:25+00:00\" \/>\n<meta property=\"article:modified_time\" content=\"2018-01-29T11:56:35+00:00\" \/>\n<meta property=\"og:image\" content=\"http:\/\/www.aspack.es\/news\/wp-content\/uploads\/2017\/12\/nueva-newsletter-aspack2-1024x768.jpg\" \/>\n\t<meta property=\"og:image:width\" content=\"1024\" \/>\n\t<meta property=\"og:image:height\" content=\"768\" \/>\n\t<meta property=\"og:image:type\" content=\"image\/jpeg\" \/>\n<meta name=\"author\" content=\"admin\" \/>\n<meta name=\"twitter:card\" content=\"summary_large_image\" \/>\n<meta name=\"twitter:label1\" content=\"Escrito por\" \/>\n\t<meta name=\"twitter:data1\" content=\"admin\" \/>\n\t<meta name=\"twitter:label2\" content=\"Tiempo de lectura\" \/>\n\t<meta name=\"twitter:data2\" content=\"1 minuto\" \/>\n<script type=\"application\/ld+json\" class=\"yoast-schema-graph\">{\"@context\":\"https:\/\/schema.org\",\"@graph\":[{\"@type\":\"WebPage\",\"@id\":\"http:\/\/www.aspack.es\/news\/aspack-estrena-periodico-digital-y-newsletter\/\",\"url\":\"http:\/\/www.aspack.es\/news\/aspack-estrena-periodico-digital-y-newsletter\/\",\"name\":\"Aspack estrena peri\u00f3dico digital y newsletter dentro de su nueva estrategia de comunicaci\u00f3n - ASPACK NEWS\",\"isPartOf\":{\"@id\":\"https:\/\/www.aspack.es\/news\/#website\"},\"primaryImageOfPage\":{\"@id\":\"http:\/\/www.aspack.es\/news\/aspack-estrena-periodico-digital-y-newsletter\/#primaryimage\"},\"image\":{\"@id\":\"http:\/\/www.aspack.es\/news\/aspack-estrena-periodico-digital-y-newsletter\/#primaryimage\"},\"thumbnailUrl\":\"https:\/\/www.aspack.es\/news\/wp-content\/uploads\/2017\/12\/nueva-newsletter-aspack2.jpg\",\"datePublished\":\"2017-12-05T14:17:25+00:00\",\"dateModified\":\"2018-01-29T11:56:35+00:00\",\"author\":{\"@id\":\"https:\/\/www.aspack.es\/news\/#\/schema\/person\/0019098322836346476fc7dfdbd26d95\"},\"breadcrumb\":{\"@id\":\"http:\/\/www.aspack.es\/news\/aspack-estrena-periodico-digital-y-newsletter\/#breadcrumb\"},\"inLanguage\":\"es\",\"potentialAction\":[{\"@type\":\"ReadAction\",\"target\":[\"http:\/\/www.aspack.es\/news\/aspack-estrena-periodico-digital-y-newsletter\/\"]}]},{\"@type\":\"ImageObject\",\"inLanguage\":\"es\",\"@id\":\"http:\/\/www.aspack.es\/news\/aspack-estrena-periodico-digital-y-newsletter\/#primaryimage\",\"url\":\"https:\/\/www.aspack.es\/news\/wp-content\/uploads\/2017\/12\/nueva-newsletter-aspack2.jpg\",\"contentUrl\":\"https:\/\/www.aspack.es\/news\/wp-content\/uploads\/2017\/12\/nueva-newsletter-aspack2.jpg\",\"width\":4032,\"height\":3024},{\"@type\":\"BreadcrumbList\",\"@id\":\"http:\/\/www.aspack.es\/news\/aspack-estrena-periodico-digital-y-newsletter\/#breadcrumb\",\"itemListElement\":[{\"@type\":\"ListItem\",\"position\":1,\"name\":\"Portada\",\"item\":\"https:\/\/www.aspack.es\/news\/\"},{\"@type\":\"ListItem\",\"position\":2,\"name\":\"Aspack estrena peri\u00f3dico digital y newsletter dentro de su nueva estrategia de comunicaci\u00f3n\"}]},{\"@type\":\"WebSite\",\"@id\":\"https:\/\/www.aspack.es\/news\/#website\",\"url\":\"https:\/\/www.aspack.es\/news\/\",\"name\":\"ASPACK NEWS\",\"description\":\"El peri?dico digital de los envases de cart?n\",\"potentialAction\":[{\"@type\":\"SearchAction\",\"target\":{\"@type\":\"EntryPoint\",\"urlTemplate\":\"https:\/\/www.aspack.es\/news\/?s={search_term_string}\"},\"query-input\":{\"@type\":\"PropertyValueSpecification\",\"valueRequired\":true,\"valueName\":\"search_term_string\"}}],\"inLanguage\":\"es\"},{\"@type\":\"Person\",\"@id\":\"https:\/\/www.aspack.es\/news\/#\/schema\/person\/0019098322836346476fc7dfdbd26d95\",\"name\":\"admin\",\"image\":{\"@type\":\"ImageObject\",\"inLanguage\":\"es\",\"@id\":\"https:\/\/www.aspack.es\/news\/#\/schema\/person\/image\/\",\"url\":\"https:\/\/secure.gravatar.com\/avatar\/6a6c60542c39a2d052b8b1e8c5145e669bf888b9b229b3da0e43092daac8a32e?s=96&d=mm&r=g\",\"contentUrl\":\"https:\/\/secure.gravatar.com\/avatar\/6a6c60542c39a2d052b8b1e8c5145e669bf888b9b229b3da0e43092daac8a32e?s=96&d=mm&r=g\",\"caption\":\"admin\"},\"url\":\"https:\/\/www.aspack.es\/news\/author\/admin\/\"}]}<\/script>\n<!-- \/ Yoast SEO plugin. -->","yoast_head_json":{"title":"Aspack estrena peri\u00f3dico digital y newsletter dentro de su nueva estrategia de comunicaci\u00f3n - ASPACK NEWS","robots":{"index":"index","follow":"follow","max-snippet":"max-snippet:-1","max-image-preview":"max-image-preview:large","max-video-preview":"max-video-preview:-1"},"canonical":"http:\/\/www.aspack.es\/news\/aspack-estrena-periodico-digital-y-newsletter\/","og_locale":"es_ES","og_type":"article","og_title":"Aspack estrena peri\u00f3dico digital y newsletter dentro de su nueva estrategia de comunicaci\u00f3n - ASPACK NEWS","og_description":"Seguramente lo habr\u00e9is notado al abrir la newsletter o el peri\u00f3dico digital de Aspack: el formato se ha renovado totalmente para que ambas herramientas tengan un dise\u00f1o m\u00e1s moderno y atractivo. Una de las l\u00edneas del Plan Estrat\u00e9gico 2016-2019 consiste, precisamente, en la puesta en marcha de un Plan de Comunicaci\u00f3n con herramientas acordes a&hellip;","og_url":"http:\/\/www.aspack.es\/news\/aspack-estrena-periodico-digital-y-newsletter\/","og_site_name":"ASPACK NEWS","article_published_time":"2017-12-05T14:17:25+00:00","article_modified_time":"2018-01-29T11:56:35+00:00","og_image":[{"width":1024,"height":768,"url":"http:\/\/www.aspack.es\/news\/wp-content\/uploads\/2017\/12\/nueva-newsletter-aspack2-1024x768.jpg","type":"image\/jpeg"}],"author":"admin","twitter_card":"summary_large_image","twitter_misc":{"Escrito por":"admin","Tiempo de lectura":"1 minuto"},"schema":{"@context":"https:\/\/schema.org","@graph":[{"@type":"WebPage","@id":"http:\/\/www.aspack.es\/news\/aspack-estrena-periodico-digital-y-newsletter\/","url":"http:\/\/www.aspack.es\/news\/aspack-estrena-periodico-digital-y-newsletter\/","name":"Aspack estrena peri\u00f3dico digital y newsletter dentro de su nueva estrategia de comunicaci\u00f3n - ASPACK NEWS","isPartOf":{"@id":"https:\/\/www.aspack.es\/news\/#website"},"primaryImageOfPage":{"@id":"http:\/\/www.aspack.es\/news\/aspack-estrena-periodico-digital-y-newsletter\/#primaryimage"},"image":{"@id":"http:\/\/www.aspack.es\/news\/aspack-estrena-periodico-digital-y-newsletter\/#primaryimage"},"thumbnailUrl":"https:\/\/www.aspack.es\/news\/wp-content\/uploads\/2017\/12\/nueva-newsletter-aspack2.jpg","datePublished":"2017-12-05T14:17:25+00:00","dateModified":"2018-01-29T11:56:35+00:00","author":{"@id":"https:\/\/www.aspack.es\/news\/#\/schema\/person\/0019098322836346476fc7dfdbd26d95"},"breadcrumb":{"@id":"http:\/\/www.aspack.es\/news\/aspack-estrena-periodico-digital-y-newsletter\/#breadcrumb"},"inLanguage":"es","potentialAction":[{"@type":"ReadAction","target":["http:\/\/www.aspack.es\/news\/aspack-estrena-periodico-digital-y-newsletter\/"]}]},{"@type":"ImageObject","inLanguage":"es","@id":"http:\/\/www.aspack.es\/news\/aspack-estrena-periodico-digital-y-newsletter\/#primaryimage","url":"https:\/\/www.aspack.es\/news\/wp-content\/uploads\/2017\/12\/nueva-newsletter-aspack2.jpg","contentUrl":"https:\/\/www.aspack.es\/news\/wp-content\/uploads\/2017\/12\/nueva-newsletter-aspack2.jpg","width":4032,"height":3024},{"@type":"BreadcrumbList","@id":"http:\/\/www.aspack.es\/news\/aspack-estrena-periodico-digital-y-newsletter\/#breadcrumb","itemListElement":[{"@type":"ListItem","position":1,"name":"Portada","item":"https:\/\/www.aspack.es\/news\/"},{"@type":"ListItem","position":2,"name":"Aspack estrena peri\u00f3dico digital y newsletter dentro de su nueva estrategia de comunicaci\u00f3n"}]},{"@type":"WebSite","@id":"https:\/\/www.aspack.es\/news\/#website","url":"https:\/\/www.aspack.es\/news\/","name":"ASPACK NEWS","description":"El peri?dico digital de los envases de cart?n","potentialAction":[{"@type":"SearchAction","target":{"@type":"EntryPoint","urlTemplate":"https:\/\/www.aspack.es\/news\/?s={search_term_string}"},"query-input":{"@type":"PropertyValueSpecification","valueRequired":true,"valueName":"search_term_string"}}],"inLanguage":"es"},{"@type":"Person","@id":"https:\/\/www.aspack.es\/news\/#\/schema\/person\/0019098322836346476fc7dfdbd26d95","name":"admin","image":{"@type":"ImageObject","inLanguage":"es","@id":"https:\/\/www.aspack.es\/news\/#\/schema\/person\/image\/","url":"https:\/\/secure.gravatar.com\/avatar\/6a6c60542c39a2d052b8b1e8c5145e669bf888b9b229b3da0e43092daac8a32e?s=96&d=mm&r=g","contentUrl":"https:\/\/secure.gravatar.com\/avatar\/6a6c60542c39a2d052b8b1e8c5145e669bf888b9b229b3da0e43092daac8a32e?s=96&d=mm&r=g","caption":"admin"},"url":"https:\/\/www.aspack.es\/news\/author\/admin\/"}]}},"_links":{"self":[{"href":"https:\/\/www.aspack.es\/news\/wp-json\/wp\/v2\/posts\/558","targetHints":{"allow":["GET"]}}],"collection":[{"href":"https:\/\/www.aspack.es\/news\/wp-json\/wp\/v2\/posts"}],"about":[{"href":"https:\/\/www.aspack.es\/news\/wp-json\/wp\/v2\/types\/post"}],"author":[{"embeddable":true,"href":"https:\/\/www.aspack.es\/news\/wp-json\/wp\/v2\/users\/1"}],"replies":[{"embeddable":true,"href":"https:\/\/www.aspack.es\/news\/wp-json\/wp\/v2\/comments?post=558"}],"version-history":[{"count":4,"href":"https:\/\/www.aspack.es\/news\/wp-json\/wp\/v2\/posts\/558\/revisions"}],"predecessor-version":[{"id":564,"href":"https:\/\/www.aspack.es\/news\/wp-json\/wp\/v2\/posts\/558\/revisions\/564"}],"wp:featuredmedia":[{"embeddable":true,"href":"https:\/\/www.aspack.es\/news\/wp-json\/wp\/v2\/media\/560"}],"wp:attachment":[{"href":"https:\/\/www.aspack.es\/news\/wp-json\/wp\/v2\/media?parent=558"}],"wp:term":[{"taxonomy":"category","embeddable":true,"href":"https:\/\/www.aspack.es\/news\/wp-json\/wp\/v2\/categories?post=558"},{"taxonomy":"post_tag","embeddable":true,"href":"https:\/\/www.aspack.es\/news\/wp-json\/wp\/v2\/tags?post=558"}],"curies":[{"name":"wp","href":"https:\/\/api.w.org\/{rel}","templated":true}]}}