{"id":579,"date":"2018-01-23T08:57:50","date_gmt":"2018-01-23T08:57:50","guid":{"rendered":"http:\/\/www.aspack.es\/news\/?p=579"},"modified":"2018-02-14T10:43:03","modified_gmt":"2018-02-14T10:43:03","slug":"hay-que-concienciar-sobre-las-ventajas-del-carton-un-producto-sostenible-y-respetuoso-con-la-naturaleza","status":"publish","type":"post","link":"https:\/\/www.aspack.es\/news\/hay-que-concienciar-sobre-las-ventajas-del-carton-un-producto-sostenible-y-respetuoso-con-la-naturaleza\/","title":{"rendered":"\u201cHay que concienciar sobre las ventajas del cart\u00f3n: un producto sostenible y respetuoso con la naturaleza\u201d"},"content":{"rendered":"<p>Miguel Mor\u00e1n es Board Manager en APP (Asia Pulp and Paper). Entrevistamos a Mor\u00e1n en relaci\u00f3n a su participaci\u00f3n en el Foro de la Cadena de Valor del Envase de Cart\u00f3n, que tendr\u00e1 lugar el pr\u00f3ximo 8 de febrero en Barcelona. Sus respuestas son did\u00e1cticas y pedag\u00f3gicas en relaci\u00f3n a las posibilidades que abren el cart\u00f3n y el papel para la econom\u00eda de nuestro pa\u00eds y para la sociedad en general.<\/p>\n<p><strong>\u00bfCu\u00e1les son las claves del caso de \u00e9xito que vas a compartir en el Foro de la Cadena de Valor del Envase de cart\u00f3n? <\/strong><\/p>\n<p>Nos centramos en la constante inversi\u00f3n en tecnolog\u00eda de \u00faltima generaci\u00f3n para desarrollar productos adaptados al mercado y a las necesidades cambiantes de los clientes. As\u00ed mismo, hemos desarrollado un nuevo concepto de relaci\u00f3n medioambiental con el entorno, basado en caracter\u00edsticas \u00fanicas, por las que hemos sido el \u00fanico fabricante invitado al Foro de las Naciones Unidas de 2016.<\/p>\n<p><strong><br \/>\n\u00bfDe qu\u00e9 manera Asia Pulp and Paper est\u00e1 contribuyendo a desarrollar el sector en nuestro pa\u00eds? <\/strong><\/p>\n<p>Ofreciendo una enorme variedad de productos en distintos canales, que permiten utilizarlos a nuestros clientes y ser competitivos en el entorno nacional e internacional.<\/p>\n<p><strong><br \/>\n\u00bfQu\u00e9 elementos consideras que hace falta fortalecer en la cadena de valor del envase de cart\u00f3n?<\/strong><\/p>\n<p>Una labor de concienciaci\u00f3n m\u00e1s profunda a\u00fan, que convenza al usuario final sobre las ventajas de consumir un producto sostenible, respetuoso con la naturaleza y que supone un soporte muy importante de la econom\u00eda. Hay que desterrar la falsa imagen que se creado sobre el sector del papel y cart\u00f3n como da\u00f1ino para los bosques y el medio ambiente, cuando lo que ha sido es un instrumento de grandes empresas para reducir costes con un mensaje enga\u00f1oso.<\/p>\n<p><strong><br \/>\n\u00bfPor d\u00f3nde crees que pasa el futuro del sector en el corto y el medio plazo? <\/strong><\/p>\n<p>Adaptaci\u00f3n a los cambios derivados del respeto al medio ambiente, conservando los valores t\u00e9cnicos de los productos, y satisfaciendo necesidades nuevas de consumo, especialmente relacionadas con el sector de la alimentaci\u00f3n.<br \/>\n<strong>\u00bfC\u00f3mo valor\u00e1is vuestra experiencia como asociados de Aspack?<\/strong><\/p>\n<p>Positiva. Nos permite canalizar de forma amplia y directa nuestro mensaje y valores.<\/p>\n","protected":false},"excerpt":{"rendered":"<p>Miguel Mor\u00e1n es Board Manager en APP (Asia Pulp and Paper). Entrevistamos a Mor\u00e1n en relaci\u00f3n a su participaci\u00f3n en el Foro de la Cadena de Valor del Envase de Cart\u00f3n, que tendr\u00e1 lugar el pr\u00f3ximo 8 de febrero en Barcelona. Sus respuestas son did\u00e1cticas y pedag\u00f3gicas en relaci\u00f3n a las posibilidades que abren el&hellip;<\/p>\n","protected":false},"author":1,"featured_media":580,"comment_status":"open","ping_status":"open","sticky":false,"template":"","format":"standard","meta":{"footnotes":""},"categories":[18,17,20],"tags":[],"class_list":["post-579","post","type-post","status-publish","format-standard","has-post-thumbnail","hentry","category-asociados","category-el-sector","category-entrevistas"],"yoast_head":"<!-- This site is optimized with the Yoast SEO plugin v25.9 - https:\/\/yoast.com\/wordpress\/plugins\/seo\/ -->\n<title>\u201cHay que concienciar sobre las ventajas del cart\u00f3n: un producto sostenible y respetuoso con la naturaleza\u201d - ASPACK NEWS<\/title>\n<meta name=\"robots\" content=\"index, follow, max-snippet:-1, max-image-preview:large, max-video-preview:-1\" \/>\n<link rel=\"canonical\" href=\"http:\/\/www.aspack.es\/news\/hay-que-concienciar-sobre-las-ventajas-del-carton-un-producto-sostenible-y-respetuoso-con-la-naturaleza\/\" \/>\n<meta property=\"og:locale\" content=\"es_ES\" \/>\n<meta property=\"og:type\" content=\"article\" \/>\n<meta property=\"og:title\" content=\"\u201cHay que concienciar sobre las ventajas del cart\u00f3n: un producto sostenible y respetuoso con la naturaleza\u201d - ASPACK NEWS\" \/>\n<meta property=\"og:description\" content=\"Miguel Mor\u00e1n es Board Manager en APP (Asia Pulp and Paper). Entrevistamos a Mor\u00e1n en relaci\u00f3n a su participaci\u00f3n en el Foro de la Cadena de Valor del Envase de Cart\u00f3n, que tendr\u00e1 lugar el pr\u00f3ximo 8 de febrero en Barcelona. Sus respuestas son did\u00e1cticas y pedag\u00f3gicas en relaci\u00f3n a las posibilidades que abren el&hellip;\" \/>\n<meta property=\"og:url\" content=\"http:\/\/www.aspack.es\/news\/hay-que-concienciar-sobre-las-ventajas-del-carton-un-producto-sostenible-y-respetuoso-con-la-naturaleza\/\" \/>\n<meta property=\"og:site_name\" content=\"ASPACK NEWS\" \/>\n<meta property=\"article:published_time\" content=\"2018-01-23T08:57:50+00:00\" \/>\n<meta property=\"article:modified_time\" content=\"2018-02-14T10:43:03+00:00\" \/>\n<meta property=\"og:image\" content=\"http:\/\/www.aspack.es\/news\/wp-content\/uploads\/2018\/01\/miguelmoran.jpg\" \/>\n\t<meta property=\"og:image:width\" content=\"298\" \/>\n\t<meta property=\"og:image:height\" content=\"298\" \/>\n\t<meta property=\"og:image:type\" content=\"image\/jpeg\" \/>\n<meta name=\"author\" content=\"admin\" \/>\n<meta name=\"twitter:card\" content=\"summary_large_image\" \/>\n<meta name=\"twitter:label1\" content=\"Escrito por\" \/>\n\t<meta name=\"twitter:data1\" content=\"admin\" \/>\n\t<meta name=\"twitter:label2\" content=\"Tiempo de lectura\" \/>\n\t<meta name=\"twitter:data2\" content=\"2 minutos\" \/>\n<script type=\"application\/ld+json\" class=\"yoast-schema-graph\">{\"@context\":\"https:\/\/schema.org\",\"@graph\":[{\"@type\":\"WebPage\",\"@id\":\"http:\/\/www.aspack.es\/news\/hay-que-concienciar-sobre-las-ventajas-del-carton-un-producto-sostenible-y-respetuoso-con-la-naturaleza\/\",\"url\":\"http:\/\/www.aspack.es\/news\/hay-que-concienciar-sobre-las-ventajas-del-carton-un-producto-sostenible-y-respetuoso-con-la-naturaleza\/\",\"name\":\"\u201cHay que concienciar sobre las ventajas del cart\u00f3n: un producto sostenible y respetuoso con la naturaleza\u201d - ASPACK NEWS\",\"isPartOf\":{\"@id\":\"http:\/\/www.aspack.es\/news\/#website\"},\"primaryImageOfPage\":{\"@id\":\"http:\/\/www.aspack.es\/news\/hay-que-concienciar-sobre-las-ventajas-del-carton-un-producto-sostenible-y-respetuoso-con-la-naturaleza\/#primaryimage\"},\"image\":{\"@id\":\"http:\/\/www.aspack.es\/news\/hay-que-concienciar-sobre-las-ventajas-del-carton-un-producto-sostenible-y-respetuoso-con-la-naturaleza\/#primaryimage\"},\"thumbnailUrl\":\"https:\/\/www.aspack.es\/news\/wp-content\/uploads\/2018\/01\/miguelmoran.jpg\",\"datePublished\":\"2018-01-23T08:57:50+00:00\",\"dateModified\":\"2018-02-14T10:43:03+00:00\",\"author\":{\"@id\":\"http:\/\/www.aspack.es\/news\/#\/schema\/person\/0019098322836346476fc7dfdbd26d95\"},\"breadcrumb\":{\"@id\":\"http:\/\/www.aspack.es\/news\/hay-que-concienciar-sobre-las-ventajas-del-carton-un-producto-sostenible-y-respetuoso-con-la-naturaleza\/#breadcrumb\"},\"inLanguage\":\"es\",\"potentialAction\":[{\"@type\":\"ReadAction\",\"target\":[\"http:\/\/www.aspack.es\/news\/hay-que-concienciar-sobre-las-ventajas-del-carton-un-producto-sostenible-y-respetuoso-con-la-naturaleza\/\"]}]},{\"@type\":\"ImageObject\",\"inLanguage\":\"es\",\"@id\":\"http:\/\/www.aspack.es\/news\/hay-que-concienciar-sobre-las-ventajas-del-carton-un-producto-sostenible-y-respetuoso-con-la-naturaleza\/#primaryimage\",\"url\":\"https:\/\/www.aspack.es\/news\/wp-content\/uploads\/2018\/01\/miguelmoran.jpg\",\"contentUrl\":\"https:\/\/www.aspack.es\/news\/wp-content\/uploads\/2018\/01\/miguelmoran.jpg\",\"width\":298,\"height\":298},{\"@type\":\"BreadcrumbList\",\"@id\":\"http:\/\/www.aspack.es\/news\/hay-que-concienciar-sobre-las-ventajas-del-carton-un-producto-sostenible-y-respetuoso-con-la-naturaleza\/#breadcrumb\",\"itemListElement\":[{\"@type\":\"ListItem\",\"position\":1,\"name\":\"Portada\",\"item\":\"http:\/\/www.aspack.es\/news\/\"},{\"@type\":\"ListItem\",\"position\":2,\"name\":\"\u201cHay que concienciar sobre las ventajas del cart\u00f3n: un producto sostenible y respetuoso con la naturaleza\u201d\"}]},{\"@type\":\"WebSite\",\"@id\":\"http:\/\/www.aspack.es\/news\/#website\",\"url\":\"http:\/\/www.aspack.es\/news\/\",\"name\":\"ASPACK NEWS\",\"description\":\"El peri?dico digital de los envases de cart?n\",\"potentialAction\":[{\"@type\":\"SearchAction\",\"target\":{\"@type\":\"EntryPoint\",\"urlTemplate\":\"http:\/\/www.aspack.es\/news\/?s={search_term_string}\"},\"query-input\":{\"@type\":\"PropertyValueSpecification\",\"valueRequired\":true,\"valueName\":\"search_term_string\"}}],\"inLanguage\":\"es\"},{\"@type\":\"Person\",\"@id\":\"http:\/\/www.aspack.es\/news\/#\/schema\/person\/0019098322836346476fc7dfdbd26d95\",\"name\":\"admin\",\"image\":{\"@type\":\"ImageObject\",\"inLanguage\":\"es\",\"@id\":\"http:\/\/www.aspack.es\/news\/#\/schema\/person\/image\/\",\"url\":\"https:\/\/secure.gravatar.com\/avatar\/6a6c60542c39a2d052b8b1e8c5145e669bf888b9b229b3da0e43092daac8a32e?s=96&d=mm&r=g\",\"contentUrl\":\"https:\/\/secure.gravatar.com\/avatar\/6a6c60542c39a2d052b8b1e8c5145e669bf888b9b229b3da0e43092daac8a32e?s=96&d=mm&r=g\",\"caption\":\"admin\"},\"url\":\"https:\/\/www.aspack.es\/news\/author\/admin\/\"}]}<\/script>\n<!-- \/ Yoast SEO plugin. -->","yoast_head_json":{"title":"\u201cHay que concienciar sobre las ventajas del cart\u00f3n: un producto sostenible y respetuoso con la naturaleza\u201d - ASPACK NEWS","robots":{"index":"index","follow":"follow","max-snippet":"max-snippet:-1","max-image-preview":"max-image-preview:large","max-video-preview":"max-video-preview:-1"},"canonical":"http:\/\/www.aspack.es\/news\/hay-que-concienciar-sobre-las-ventajas-del-carton-un-producto-sostenible-y-respetuoso-con-la-naturaleza\/","og_locale":"es_ES","og_type":"article","og_title":"\u201cHay que concienciar sobre las ventajas del cart\u00f3n: un producto sostenible y respetuoso con la naturaleza\u201d - ASPACK NEWS","og_description":"Miguel Mor\u00e1n es Board Manager en APP (Asia Pulp and Paper). Entrevistamos a Mor\u00e1n en relaci\u00f3n a su participaci\u00f3n en el Foro de la Cadena de Valor del Envase de Cart\u00f3n, que tendr\u00e1 lugar el pr\u00f3ximo 8 de febrero en Barcelona. Sus respuestas son did\u00e1cticas y pedag\u00f3gicas en relaci\u00f3n a las posibilidades que abren el&hellip;","og_url":"http:\/\/www.aspack.es\/news\/hay-que-concienciar-sobre-las-ventajas-del-carton-un-producto-sostenible-y-respetuoso-con-la-naturaleza\/","og_site_name":"ASPACK NEWS","article_published_time":"2018-01-23T08:57:50+00:00","article_modified_time":"2018-02-14T10:43:03+00:00","og_image":[{"width":298,"height":298,"url":"http:\/\/www.aspack.es\/news\/wp-content\/uploads\/2018\/01\/miguelmoran.jpg","type":"image\/jpeg"}],"author":"admin","twitter_card":"summary_large_image","twitter_misc":{"Escrito por":"admin","Tiempo de lectura":"2 minutos"},"schema":{"@context":"https:\/\/schema.org","@graph":[{"@type":"WebPage","@id":"http:\/\/www.aspack.es\/news\/hay-que-concienciar-sobre-las-ventajas-del-carton-un-producto-sostenible-y-respetuoso-con-la-naturaleza\/","url":"http:\/\/www.aspack.es\/news\/hay-que-concienciar-sobre-las-ventajas-del-carton-un-producto-sostenible-y-respetuoso-con-la-naturaleza\/","name":"\u201cHay que concienciar sobre las ventajas del cart\u00f3n: un producto sostenible y respetuoso con la naturaleza\u201d - ASPACK NEWS","isPartOf":{"@id":"http:\/\/www.aspack.es\/news\/#website"},"primaryImageOfPage":{"@id":"http:\/\/www.aspack.es\/news\/hay-que-concienciar-sobre-las-ventajas-del-carton-un-producto-sostenible-y-respetuoso-con-la-naturaleza\/#primaryimage"},"image":{"@id":"http:\/\/www.aspack.es\/news\/hay-que-concienciar-sobre-las-ventajas-del-carton-un-producto-sostenible-y-respetuoso-con-la-naturaleza\/#primaryimage"},"thumbnailUrl":"https:\/\/www.aspack.es\/news\/wp-content\/uploads\/2018\/01\/miguelmoran.jpg","datePublished":"2018-01-23T08:57:50+00:00","dateModified":"2018-02-14T10:43:03+00:00","author":{"@id":"http:\/\/www.aspack.es\/news\/#\/schema\/person\/0019098322836346476fc7dfdbd26d95"},"breadcrumb":{"@id":"http:\/\/www.aspack.es\/news\/hay-que-concienciar-sobre-las-ventajas-del-carton-un-producto-sostenible-y-respetuoso-con-la-naturaleza\/#breadcrumb"},"inLanguage":"es","potentialAction":[{"@type":"ReadAction","target":["http:\/\/www.aspack.es\/news\/hay-que-concienciar-sobre-las-ventajas-del-carton-un-producto-sostenible-y-respetuoso-con-la-naturaleza\/"]}]},{"@type":"ImageObject","inLanguage":"es","@id":"http:\/\/www.aspack.es\/news\/hay-que-concienciar-sobre-las-ventajas-del-carton-un-producto-sostenible-y-respetuoso-con-la-naturaleza\/#primaryimage","url":"https:\/\/www.aspack.es\/news\/wp-content\/uploads\/2018\/01\/miguelmoran.jpg","contentUrl":"https:\/\/www.aspack.es\/news\/wp-content\/uploads\/2018\/01\/miguelmoran.jpg","width":298,"height":298},{"@type":"BreadcrumbList","@id":"http:\/\/www.aspack.es\/news\/hay-que-concienciar-sobre-las-ventajas-del-carton-un-producto-sostenible-y-respetuoso-con-la-naturaleza\/#breadcrumb","itemListElement":[{"@type":"ListItem","position":1,"name":"Portada","item":"http:\/\/www.aspack.es\/news\/"},{"@type":"ListItem","position":2,"name":"\u201cHay que concienciar sobre las ventajas del cart\u00f3n: un producto sostenible y respetuoso con la naturaleza\u201d"}]},{"@type":"WebSite","@id":"http:\/\/www.aspack.es\/news\/#website","url":"http:\/\/www.aspack.es\/news\/","name":"ASPACK NEWS","description":"El peri?dico digital de los envases de cart?n","potentialAction":[{"@type":"SearchAction","target":{"@type":"EntryPoint","urlTemplate":"http:\/\/www.aspack.es\/news\/?s={search_term_string}"},"query-input":{"@type":"PropertyValueSpecification","valueRequired":true,"valueName":"search_term_string"}}],"inLanguage":"es"},{"@type":"Person","@id":"http:\/\/www.aspack.es\/news\/#\/schema\/person\/0019098322836346476fc7dfdbd26d95","name":"admin","image":{"@type":"ImageObject","inLanguage":"es","@id":"http:\/\/www.aspack.es\/news\/#\/schema\/person\/image\/","url":"https:\/\/secure.gravatar.com\/avatar\/6a6c60542c39a2d052b8b1e8c5145e669bf888b9b229b3da0e43092daac8a32e?s=96&d=mm&r=g","contentUrl":"https:\/\/secure.gravatar.com\/avatar\/6a6c60542c39a2d052b8b1e8c5145e669bf888b9b229b3da0e43092daac8a32e?s=96&d=mm&r=g","caption":"admin"},"url":"https:\/\/www.aspack.es\/news\/author\/admin\/"}]}},"_links":{"self":[{"href":"https:\/\/www.aspack.es\/news\/wp-json\/wp\/v2\/posts\/579","targetHints":{"allow":["GET"]}}],"collection":[{"href":"https:\/\/www.aspack.es\/news\/wp-json\/wp\/v2\/posts"}],"about":[{"href":"https:\/\/www.aspack.es\/news\/wp-json\/wp\/v2\/types\/post"}],"author":[{"embeddable":true,"href":"https:\/\/www.aspack.es\/news\/wp-json\/wp\/v2\/users\/1"}],"replies":[{"embeddable":true,"href":"https:\/\/www.aspack.es\/news\/wp-json\/wp\/v2\/comments?post=579"}],"version-history":[{"count":1,"href":"https:\/\/www.aspack.es\/news\/wp-json\/wp\/v2\/posts\/579\/revisions"}],"predecessor-version":[{"id":581,"href":"https:\/\/www.aspack.es\/news\/wp-json\/wp\/v2\/posts\/579\/revisions\/581"}],"wp:featuredmedia":[{"embeddable":true,"href":"https:\/\/www.aspack.es\/news\/wp-json\/wp\/v2\/media\/580"}],"wp:attachment":[{"href":"https:\/\/www.aspack.es\/news\/wp-json\/wp\/v2\/media?parent=579"}],"wp:term":[{"taxonomy":"category","embeddable":true,"href":"https:\/\/www.aspack.es\/news\/wp-json\/wp\/v2\/categories?post=579"},{"taxonomy":"post_tag","embeddable":true,"href":"https:\/\/www.aspack.es\/news\/wp-json\/wp\/v2\/tags?post=579"}],"curies":[{"name":"wp","href":"https:\/\/api.w.org\/{rel}","templated":true}]}}