{"id":584,"date":"2018-01-29T11:55:24","date_gmt":"2018-01-29T11:55:24","guid":{"rendered":"http:\/\/www.aspack.es\/news\/?p=584"},"modified":"2018-02-14T10:42:46","modified_gmt":"2018-02-14T10:42:46","slug":"el-grupo-de-responsables-de-calidad-de-aspack-celebra-su-primera-reunion-del-ano-en-la-sede-de-barcelona-cartonboard","status":"publish","type":"post","link":"https:\/\/www.aspack.es\/news\/el-grupo-de-responsables-de-calidad-de-aspack-celebra-su-primera-reunion-del-ano-en-la-sede-de-barcelona-cartonboard\/","title":{"rendered":"El Grupo de Responsables de Calidad de Aspack celebra su primera reuni\u00f3n del a\u00f1o en la sede de Barcelona Cartonboard"},"content":{"rendered":"<p>El Grupo de Responsables de Calidad de Aspack ha celebrado su primera reuni\u00f3n de este 2018 el 25 de enero en la sede de Barcelona Cartonboard, donde los participantes tambi\u00e9n han tenido la oportunidad de hacer una visita a la f\u00e1brica de uno de los principales proveedores del sector.<\/p>\n<p>El CEO de la empresa, Miguel S\u00e1nchez, dio la bienvenida al grupo a las instalaciones de Barcelona Carton, una compa\u00f1\u00eda que, en sus palabras, pretende ser un proveedor \u201cestable y fiable\u201d. S\u00e1nchez valor\u00f3 muy positivamente el trabajo de este grupo porque, asegura, \u201csin calidad no hay producto\u201d.<\/p>\n<p>En las dos horas que dur\u00f3 la reuni\u00f3n de Responsables de calidad, los 12 participantes \u2013procedentes de Alzamora Packaging, EGISA, Drimpak, Policolor Offset, Saica Pack, Gaez, Igamo Packaging, David Recio SL, DS Smith y LECA Packaging\u2013 pusieron en com\u00fan problemas e incidencias con los que se han encontrado en el proceso de producci\u00f3n de envases y comentaron las distintas soluciones que han adoptado. Igualmente, propusieron ideas para que las empresas de Aspack pueda unirse y trabajar juntas, utilizando el poder de la asociaci\u00f3n, para solucionar incidencias con proveedores.<\/p>\n<p><a href=\"http:\/\/www.aspack.es\/news\/wp-content\/uploads\/2018\/01\/Reunion2_GrupoCaildad_25-01-18.jpg\" rel=\"attachment wp-att-586\"><img loading=\"lazy\" decoding=\"async\" class=\"aligncenter size-large wp-image-586\" src=\"http:\/\/www.aspack.es\/news\/wp-content\/uploads\/2018\/01\/Reunion2_GrupoCaildad_25-01-18-1024x683.jpg\" alt=\"Grupo de Responsables de Calidad de Aspack.\" width=\"1020\" height=\"680\" srcset=\"https:\/\/www.aspack.es\/news\/wp-content\/uploads\/2018\/01\/Reunion2_GrupoCaildad_25-01-18-1024x683.jpg 1024w, https:\/\/www.aspack.es\/news\/wp-content\/uploads\/2018\/01\/Reunion2_GrupoCaildad_25-01-18-300x200.jpg 300w, https:\/\/www.aspack.es\/news\/wp-content\/uploads\/2018\/01\/Reunion2_GrupoCaildad_25-01-18-768x512.jpg 768w, https:\/\/www.aspack.es\/news\/wp-content\/uploads\/2018\/01\/Reunion2_GrupoCaildad_25-01-18-480x320.jpg 480w, https:\/\/www.aspack.es\/news\/wp-content\/uploads\/2018\/01\/Reunion2_GrupoCaildad_25-01-18-750x500.jpg 750w, https:\/\/www.aspack.es\/news\/wp-content\/uploads\/2018\/01\/Reunion2_GrupoCaildad_25-01-18.jpg 1270w\" sizes=\"auto, (max-width: 1020px) 100vw, 1020px\" \/><\/a><\/p>\n<p>\u201cEs un grupo de trabajo muy \u00fatil porque ponemos en com\u00fan inquietudes que todos tenemos \u2013afirma Lucas Iglesias, coordinador de Calidad de LECA Graphics\u2013 y buscamos soluciones o posiciones comunes frente a problemas que tenemos todos\u201d. Para \u00e9l, este Grupo de Responsables de Calidad permite a las empresas tener una posici\u00f3n m\u00e1s fuerte al estar respaldados por ASPACK. \u201cEl peso que tiene una empresa concreta no es el mismo que podemos tener todos juntos\u201d.<\/p>\n<p>Dori Jim\u00e9nez, responsable de Calidad de Alzamora Packaging est\u00e1 de acuerdo. \u201cEste grupo supone un apoyo para solventar las dudas que tenemos en el d\u00eda a d\u00eda de nuestro trabajo. Es un medio de compartirlas con hom\u00f3logos nuestros y solventarlas. Nos ayudamos mutuamente\u201d.<\/p>\n<p>La segunda parte de la reuni\u00f3n se dedic\u00f3 a la revisi\u00f3n de la gu\u00eda de defectos internos elaborada por Aspack hace varios a\u00f1os y que ahora el Grupo de Responsables de Calidad va a actualizar. Esta gu\u00eda trata siete secciones: materias primas, preimpresi\u00f3n, impresi\u00f3n, troquelado, plegado y pegado, contracolado y acabados. Los participantes del grupo se las han repartido para presentar sus conclusiones en la pr\u00f3xima reuni\u00f3n, que tendr\u00e1 lugar el 8 de mayo por videoconferencia. El objetivo del grupo de trabajo es que esta gu\u00eda sirva para crear un est\u00e1ndar dentro de la asociaci\u00f3n (y del sector) que pueda tener peso en el mercado, ya que actualmente no lo hay.<\/p>\n<p><strong>Visita a las instalaciones de Barcelona Cartonboard<\/strong><\/p>\n<p>Tras la reuni\u00f3n, el grupo tuvo la oportunidad de conocer la f\u00e1brica de Barcelona Cartonboard, en una visita guiada por Carmen Escudero, del departamento de asistencia t\u00e9cnica al cliente. El recorrido comenz\u00f3 en el mirador desde donde se ve la materia prima que compran. \u201cDespu\u00e9s he comentado c\u00f3mo tratamos este material \u2013explica Carmen\u2013 desde la dispersi\u00f3n en agua, la depuraci\u00f3n, hasta que llega a la cabeza de m\u00e1quina, donde formamos la hoja, la secamos, la estucamos, la enrollamos y finalmente la enviamos al cliente\u201d.<\/p>\n<p><a href=\"http:\/\/www.aspack.es\/news\/wp-content\/uploads\/2018\/01\/Fabrica7_GrupoCaildad_25-01-18.jpg\" rel=\"attachment wp-att-587\"><img loading=\"lazy\" decoding=\"async\" class=\"aligncenter size-large wp-image-587\" src=\"http:\/\/www.aspack.es\/news\/wp-content\/uploads\/2018\/01\/Fabrica7_GrupoCaildad_25-01-18-1024x683.jpg\" alt=\"Visita a la f\u00e1brica de Barcelona Cartonboard\" width=\"1020\" height=\"680\" srcset=\"https:\/\/www.aspack.es\/news\/wp-content\/uploads\/2018\/01\/Fabrica7_GrupoCaildad_25-01-18-1024x683.jpg 1024w, https:\/\/www.aspack.es\/news\/wp-content\/uploads\/2018\/01\/Fabrica7_GrupoCaildad_25-01-18-300x200.jpg 300w, https:\/\/www.aspack.es\/news\/wp-content\/uploads\/2018\/01\/Fabrica7_GrupoCaildad_25-01-18-768x512.jpg 768w, https:\/\/www.aspack.es\/news\/wp-content\/uploads\/2018\/01\/Fabrica7_GrupoCaildad_25-01-18-480x320.jpg 480w, https:\/\/www.aspack.es\/news\/wp-content\/uploads\/2018\/01\/Fabrica7_GrupoCaildad_25-01-18-750x500.jpg 750w, https:\/\/www.aspack.es\/news\/wp-content\/uploads\/2018\/01\/Fabrica7_GrupoCaildad_25-01-18.jpg 1270w\" sizes=\"auto, (max-width: 1020px) 100vw, 1020px\" \/><\/a><\/p>\n<p>\u201cNosotros siempre damos la bienvenida al sector y cuando Aspack nos propuso venir con el Grupo de Responsables de Calidad lo preparamos enseguida\u201d, afirma Juan Torras, director comercial de Barcelona Cartonboard. \u201cAqu\u00ed no hay secretismo, somos transparentes y no cerramos las puertas a cualquier visita de nuestros clientes\u201d.<\/p>\n<p>Las visitas a empresas proveedoras son una actividad que ASPACK est\u00e1 potenciando actualmente para facilitar el encuentro entre las empresas de la asociaci\u00f3n, potenciar el networking y para generar canales de comunicaci\u00f3n que permitan mejorar los procesos a lo largo de toda la cadena de valor del envase de cart\u00f3n.<\/p>\n","protected":false},"excerpt":{"rendered":"<p>El Grupo de Responsables de Calidad de Aspack ha celebrado su primera reuni\u00f3n de este 2018 el 25 de enero en la sede de Barcelona Cartonboard, donde los participantes tambi\u00e9n han tenido la oportunidad de hacer una visita a la f\u00e1brica de uno de los principales proveedores del sector. El CEO de la empresa, Miguel&hellip;<\/p>\n","protected":false},"author":1,"featured_media":585,"comment_status":"open","ping_status":"open","sticky":false,"template":"","format":"standard","meta":{"footnotes":""},"categories":[18,17,19],"tags":[],"class_list":["post-584","post","type-post","status-publish","format-standard","has-post-thumbnail","hentry","category-asociados","category-el-sector","category-eventos"],"yoast_head":"<!-- This site is optimized with the Yoast SEO plugin v25.9 - https:\/\/yoast.com\/wordpress\/plugins\/seo\/ -->\n<title>El Grupo de Responsables de Calidad de Aspack celebra su primera reuni\u00f3n del a\u00f1o en la sede de Barcelona Cartonboard - ASPACK NEWS<\/title>\n<meta name=\"robots\" content=\"index, follow, max-snippet:-1, max-image-preview:large, max-video-preview:-1\" \/>\n<link rel=\"canonical\" href=\"https:\/\/www.aspack.es\/news\/el-grupo-de-responsables-de-calidad-de-aspack-celebra-su-primera-reunion-del-ano-en-la-sede-de-barcelona-cartonboard\/\" \/>\n<meta property=\"og:locale\" content=\"es_ES\" \/>\n<meta property=\"og:type\" content=\"article\" \/>\n<meta property=\"og:title\" content=\"El Grupo de Responsables de Calidad de Aspack celebra su primera reuni\u00f3n del a\u00f1o en la sede de Barcelona Cartonboard - ASPACK NEWS\" \/>\n<meta property=\"og:description\" content=\"El Grupo de Responsables de Calidad de Aspack ha celebrado su primera reuni\u00f3n de este 2018 el 25 de enero en la sede de Barcelona Cartonboard, donde los participantes tambi\u00e9n han tenido la oportunidad de hacer una visita a la f\u00e1brica de uno de los principales proveedores del sector. El CEO de la empresa, Miguel&hellip;\" \/>\n<meta property=\"og:url\" content=\"https:\/\/www.aspack.es\/news\/el-grupo-de-responsables-de-calidad-de-aspack-celebra-su-primera-reunion-del-ano-en-la-sede-de-barcelona-cartonboard\/\" \/>\n<meta property=\"og:site_name\" content=\"ASPACK NEWS\" \/>\n<meta property=\"article:published_time\" content=\"2018-01-29T11:55:24+00:00\" \/>\n<meta property=\"article:modified_time\" content=\"2018-02-14T10:42:46+00:00\" \/>\n<meta property=\"og:image\" content=\"https:\/\/www.aspack.es\/news\/wp-content\/uploads\/2018\/01\/FotoGrupo_GrupoCaildad_25-01-18.jpg\" \/>\n\t<meta property=\"og:image:width\" content=\"1270\" \/>\n\t<meta property=\"og:image:height\" content=\"847\" \/>\n\t<meta property=\"og:image:type\" content=\"image\/jpeg\" \/>\n<meta name=\"author\" content=\"admin\" \/>\n<meta name=\"twitter:card\" content=\"summary_large_image\" \/>\n<meta name=\"twitter:label1\" content=\"Escrito por\" \/>\n\t<meta name=\"twitter:data1\" content=\"admin\" \/>\n\t<meta name=\"twitter:label2\" content=\"Tiempo de lectura\" \/>\n\t<meta name=\"twitter:data2\" content=\"3 minutos\" \/>\n<script type=\"application\/ld+json\" class=\"yoast-schema-graph\">{\"@context\":\"https:\/\/schema.org\",\"@graph\":[{\"@type\":\"WebPage\",\"@id\":\"https:\/\/www.aspack.es\/news\/el-grupo-de-responsables-de-calidad-de-aspack-celebra-su-primera-reunion-del-ano-en-la-sede-de-barcelona-cartonboard\/\",\"url\":\"https:\/\/www.aspack.es\/news\/el-grupo-de-responsables-de-calidad-de-aspack-celebra-su-primera-reunion-del-ano-en-la-sede-de-barcelona-cartonboard\/\",\"name\":\"El Grupo de Responsables de Calidad de Aspack celebra su primera reuni\u00f3n del a\u00f1o en la sede de Barcelona Cartonboard - ASPACK NEWS\",\"isPartOf\":{\"@id\":\"http:\/\/www.aspack.es\/news\/#website\"},\"primaryImageOfPage\":{\"@id\":\"https:\/\/www.aspack.es\/news\/el-grupo-de-responsables-de-calidad-de-aspack-celebra-su-primera-reunion-del-ano-en-la-sede-de-barcelona-cartonboard\/#primaryimage\"},\"image\":{\"@id\":\"https:\/\/www.aspack.es\/news\/el-grupo-de-responsables-de-calidad-de-aspack-celebra-su-primera-reunion-del-ano-en-la-sede-de-barcelona-cartonboard\/#primaryimage\"},\"thumbnailUrl\":\"https:\/\/www.aspack.es\/news\/wp-content\/uploads\/2018\/01\/FotoGrupo_GrupoCaildad_25-01-18.jpg\",\"datePublished\":\"2018-01-29T11:55:24+00:00\",\"dateModified\":\"2018-02-14T10:42:46+00:00\",\"author\":{\"@id\":\"http:\/\/www.aspack.es\/news\/#\/schema\/person\/0019098322836346476fc7dfdbd26d95\"},\"breadcrumb\":{\"@id\":\"https:\/\/www.aspack.es\/news\/el-grupo-de-responsables-de-calidad-de-aspack-celebra-su-primera-reunion-del-ano-en-la-sede-de-barcelona-cartonboard\/#breadcrumb\"},\"inLanguage\":\"es\",\"potentialAction\":[{\"@type\":\"ReadAction\",\"target\":[\"https:\/\/www.aspack.es\/news\/el-grupo-de-responsables-de-calidad-de-aspack-celebra-su-primera-reunion-del-ano-en-la-sede-de-barcelona-cartonboard\/\"]}]},{\"@type\":\"ImageObject\",\"inLanguage\":\"es\",\"@id\":\"https:\/\/www.aspack.es\/news\/el-grupo-de-responsables-de-calidad-de-aspack-celebra-su-primera-reunion-del-ano-en-la-sede-de-barcelona-cartonboard\/#primaryimage\",\"url\":\"https:\/\/www.aspack.es\/news\/wp-content\/uploads\/2018\/01\/FotoGrupo_GrupoCaildad_25-01-18.jpg\",\"contentUrl\":\"https:\/\/www.aspack.es\/news\/wp-content\/uploads\/2018\/01\/FotoGrupo_GrupoCaildad_25-01-18.jpg\",\"width\":1270,\"height\":847},{\"@type\":\"BreadcrumbList\",\"@id\":\"https:\/\/www.aspack.es\/news\/el-grupo-de-responsables-de-calidad-de-aspack-celebra-su-primera-reunion-del-ano-en-la-sede-de-barcelona-cartonboard\/#breadcrumb\",\"itemListElement\":[{\"@type\":\"ListItem\",\"position\":1,\"name\":\"Portada\",\"item\":\"http:\/\/www.aspack.es\/news\/\"},{\"@type\":\"ListItem\",\"position\":2,\"name\":\"El Grupo de Responsables de Calidad de Aspack celebra su primera reuni\u00f3n del a\u00f1o en la sede de Barcelona Cartonboard\"}]},{\"@type\":\"WebSite\",\"@id\":\"http:\/\/www.aspack.es\/news\/#website\",\"url\":\"http:\/\/www.aspack.es\/news\/\",\"name\":\"ASPACK NEWS\",\"description\":\"El peri?dico digital de los envases de cart?n\",\"potentialAction\":[{\"@type\":\"SearchAction\",\"target\":{\"@type\":\"EntryPoint\",\"urlTemplate\":\"http:\/\/www.aspack.es\/news\/?s={search_term_string}\"},\"query-input\":{\"@type\":\"PropertyValueSpecification\",\"valueRequired\":true,\"valueName\":\"search_term_string\"}}],\"inLanguage\":\"es\"},{\"@type\":\"Person\",\"@id\":\"http:\/\/www.aspack.es\/news\/#\/schema\/person\/0019098322836346476fc7dfdbd26d95\",\"name\":\"admin\",\"image\":{\"@type\":\"ImageObject\",\"inLanguage\":\"es\",\"@id\":\"http:\/\/www.aspack.es\/news\/#\/schema\/person\/image\/\",\"url\":\"https:\/\/secure.gravatar.com\/avatar\/6a6c60542c39a2d052b8b1e8c5145e669bf888b9b229b3da0e43092daac8a32e?s=96&d=mm&r=g\",\"contentUrl\":\"https:\/\/secure.gravatar.com\/avatar\/6a6c60542c39a2d052b8b1e8c5145e669bf888b9b229b3da0e43092daac8a32e?s=96&d=mm&r=g\",\"caption\":\"admin\"},\"url\":\"https:\/\/www.aspack.es\/news\/author\/admin\/\"}]}<\/script>\n<!-- \/ Yoast SEO plugin. -->","yoast_head_json":{"title":"El Grupo de Responsables de Calidad de Aspack celebra su primera reuni\u00f3n del a\u00f1o en la sede de Barcelona Cartonboard - ASPACK NEWS","robots":{"index":"index","follow":"follow","max-snippet":"max-snippet:-1","max-image-preview":"max-image-preview:large","max-video-preview":"max-video-preview:-1"},"canonical":"https:\/\/www.aspack.es\/news\/el-grupo-de-responsables-de-calidad-de-aspack-celebra-su-primera-reunion-del-ano-en-la-sede-de-barcelona-cartonboard\/","og_locale":"es_ES","og_type":"article","og_title":"El Grupo de Responsables de Calidad de Aspack celebra su primera reuni\u00f3n del a\u00f1o en la sede de Barcelona Cartonboard - ASPACK NEWS","og_description":"El Grupo de Responsables de Calidad de Aspack ha celebrado su primera reuni\u00f3n de este 2018 el 25 de enero en la sede de Barcelona Cartonboard, donde los participantes tambi\u00e9n han tenido la oportunidad de hacer una visita a la f\u00e1brica de uno de los principales proveedores del sector. El CEO de la empresa, Miguel&hellip;","og_url":"https:\/\/www.aspack.es\/news\/el-grupo-de-responsables-de-calidad-de-aspack-celebra-su-primera-reunion-del-ano-en-la-sede-de-barcelona-cartonboard\/","og_site_name":"ASPACK NEWS","article_published_time":"2018-01-29T11:55:24+00:00","article_modified_time":"2018-02-14T10:42:46+00:00","og_image":[{"width":1270,"height":847,"url":"https:\/\/www.aspack.es\/news\/wp-content\/uploads\/2018\/01\/FotoGrupo_GrupoCaildad_25-01-18.jpg","type":"image\/jpeg"}],"author":"admin","twitter_card":"summary_large_image","twitter_misc":{"Escrito por":"admin","Tiempo de lectura":"3 minutos"},"schema":{"@context":"https:\/\/schema.org","@graph":[{"@type":"WebPage","@id":"https:\/\/www.aspack.es\/news\/el-grupo-de-responsables-de-calidad-de-aspack-celebra-su-primera-reunion-del-ano-en-la-sede-de-barcelona-cartonboard\/","url":"https:\/\/www.aspack.es\/news\/el-grupo-de-responsables-de-calidad-de-aspack-celebra-su-primera-reunion-del-ano-en-la-sede-de-barcelona-cartonboard\/","name":"El Grupo de Responsables de Calidad de Aspack celebra su primera reuni\u00f3n del a\u00f1o en la sede de Barcelona Cartonboard - ASPACK NEWS","isPartOf":{"@id":"http:\/\/www.aspack.es\/news\/#website"},"primaryImageOfPage":{"@id":"https:\/\/www.aspack.es\/news\/el-grupo-de-responsables-de-calidad-de-aspack-celebra-su-primera-reunion-del-ano-en-la-sede-de-barcelona-cartonboard\/#primaryimage"},"image":{"@id":"https:\/\/www.aspack.es\/news\/el-grupo-de-responsables-de-calidad-de-aspack-celebra-su-primera-reunion-del-ano-en-la-sede-de-barcelona-cartonboard\/#primaryimage"},"thumbnailUrl":"https:\/\/www.aspack.es\/news\/wp-content\/uploads\/2018\/01\/FotoGrupo_GrupoCaildad_25-01-18.jpg","datePublished":"2018-01-29T11:55:24+00:00","dateModified":"2018-02-14T10:42:46+00:00","author":{"@id":"http:\/\/www.aspack.es\/news\/#\/schema\/person\/0019098322836346476fc7dfdbd26d95"},"breadcrumb":{"@id":"https:\/\/www.aspack.es\/news\/el-grupo-de-responsables-de-calidad-de-aspack-celebra-su-primera-reunion-del-ano-en-la-sede-de-barcelona-cartonboard\/#breadcrumb"},"inLanguage":"es","potentialAction":[{"@type":"ReadAction","target":["https:\/\/www.aspack.es\/news\/el-grupo-de-responsables-de-calidad-de-aspack-celebra-su-primera-reunion-del-ano-en-la-sede-de-barcelona-cartonboard\/"]}]},{"@type":"ImageObject","inLanguage":"es","@id":"https:\/\/www.aspack.es\/news\/el-grupo-de-responsables-de-calidad-de-aspack-celebra-su-primera-reunion-del-ano-en-la-sede-de-barcelona-cartonboard\/#primaryimage","url":"https:\/\/www.aspack.es\/news\/wp-content\/uploads\/2018\/01\/FotoGrupo_GrupoCaildad_25-01-18.jpg","contentUrl":"https:\/\/www.aspack.es\/news\/wp-content\/uploads\/2018\/01\/FotoGrupo_GrupoCaildad_25-01-18.jpg","width":1270,"height":847},{"@type":"BreadcrumbList","@id":"https:\/\/www.aspack.es\/news\/el-grupo-de-responsables-de-calidad-de-aspack-celebra-su-primera-reunion-del-ano-en-la-sede-de-barcelona-cartonboard\/#breadcrumb","itemListElement":[{"@type":"ListItem","position":1,"name":"Portada","item":"http:\/\/www.aspack.es\/news\/"},{"@type":"ListItem","position":2,"name":"El Grupo de Responsables de Calidad de Aspack celebra su primera reuni\u00f3n del a\u00f1o en la sede de Barcelona Cartonboard"}]},{"@type":"WebSite","@id":"http:\/\/www.aspack.es\/news\/#website","url":"http:\/\/www.aspack.es\/news\/","name":"ASPACK NEWS","description":"El peri?dico digital de los envases de cart?n","potentialAction":[{"@type":"SearchAction","target":{"@type":"EntryPoint","urlTemplate":"http:\/\/www.aspack.es\/news\/?s={search_term_string}"},"query-input":{"@type":"PropertyValueSpecification","valueRequired":true,"valueName":"search_term_string"}}],"inLanguage":"es"},{"@type":"Person","@id":"http:\/\/www.aspack.es\/news\/#\/schema\/person\/0019098322836346476fc7dfdbd26d95","name":"admin","image":{"@type":"ImageObject","inLanguage":"es","@id":"http:\/\/www.aspack.es\/news\/#\/schema\/person\/image\/","url":"https:\/\/secure.gravatar.com\/avatar\/6a6c60542c39a2d052b8b1e8c5145e669bf888b9b229b3da0e43092daac8a32e?s=96&d=mm&r=g","contentUrl":"https:\/\/secure.gravatar.com\/avatar\/6a6c60542c39a2d052b8b1e8c5145e669bf888b9b229b3da0e43092daac8a32e?s=96&d=mm&r=g","caption":"admin"},"url":"https:\/\/www.aspack.es\/news\/author\/admin\/"}]}},"_links":{"self":[{"href":"https:\/\/www.aspack.es\/news\/wp-json\/wp\/v2\/posts\/584","targetHints":{"allow":["GET"]}}],"collection":[{"href":"https:\/\/www.aspack.es\/news\/wp-json\/wp\/v2\/posts"}],"about":[{"href":"https:\/\/www.aspack.es\/news\/wp-json\/wp\/v2\/types\/post"}],"author":[{"embeddable":true,"href":"https:\/\/www.aspack.es\/news\/wp-json\/wp\/v2\/users\/1"}],"replies":[{"embeddable":true,"href":"https:\/\/www.aspack.es\/news\/wp-json\/wp\/v2\/comments?post=584"}],"version-history":[{"count":1,"href":"https:\/\/www.aspack.es\/news\/wp-json\/wp\/v2\/posts\/584\/revisions"}],"predecessor-version":[{"id":588,"href":"https:\/\/www.aspack.es\/news\/wp-json\/wp\/v2\/posts\/584\/revisions\/588"}],"wp:featuredmedia":[{"embeddable":true,"href":"https:\/\/www.aspack.es\/news\/wp-json\/wp\/v2\/media\/585"}],"wp:attachment":[{"href":"https:\/\/www.aspack.es\/news\/wp-json\/wp\/v2\/media?parent=584"}],"wp:term":[{"taxonomy":"category","embeddable":true,"href":"https:\/\/www.aspack.es\/news\/wp-json\/wp\/v2\/categories?post=584"},{"taxonomy":"post_tag","embeddable":true,"href":"https:\/\/www.aspack.es\/news\/wp-json\/wp\/v2\/tags?post=584"}],"curies":[{"name":"wp","href":"https:\/\/api.w.org\/{rel}","templated":true}]}}