{"id":682,"date":"2018-06-26T05:00:10","date_gmt":"2018-06-26T05:00:10","guid":{"rendered":"http:\/\/www.aspack.es\/news\/?p=682"},"modified":"2018-07-02T04:39:51","modified_gmt":"2018-07-02T04:39:51","slug":"ya-esta-abierto-el-plazo-de-inscripcion-para-el-ix-congreso-de-aspack","status":"publish","type":"post","link":"https:\/\/www.aspack.es\/news\/ya-esta-abierto-el-plazo-de-inscripcion-para-el-ix-congreso-de-aspack\/","title":{"rendered":"Ya est\u00e1 abierto el plazo de inscripci\u00f3n para el IX Congreso de ASPACK"},"content":{"rendered":"<p>El noveno congreso de ASPACK se va a celebrar lo d\u00edas 25 y 26 de octubre en el hotel Alhambra Palace Granada y las inscripciones ya est\u00e1n abiertas en la p\u00e1gina web que ha creado la asociaci\u00f3n para este evento, <a href=\"http:\/\/aspack.es\/congreso2018\/\" target=\"_blank\">aspack.es\/congreso2018<\/a>.<\/p>\n<p>Bajo el t\u00edtulo <em>Mirando al futuro en nuestro 40 aniversario<\/em>, el congreso va a combinar actividades profesionales y sociales y va a poner el foco en la industria 4.0, la innovaci\u00f3n, la comunicaci\u00f3n y las ventajas que ofrece el envase de cart\u00f3n frente a otros materiales, sobre todo en materia de sostenibilidad.<\/p>\n<p>El congreso comenzar\u00e1 el jueves 25 con la celebraci\u00f3n de la Asamblea General de ASPACK y una reuni\u00f3n de seguimiento del plan estrat\u00e9gico \u2013<em>Estrategia, avanzando hacia la excelencia<\/em>\u2013 en la que los miembros de la Junta Directiva presentar\u00e1n los avances en las distintas l\u00edneas estrat\u00e9gicas de la asociaci\u00f3n con la moderaci\u00f3n de Val\u00e9rie Guillotte, socia directora de Kolokio International.<\/p>\n<p>El viernes tendr\u00e1 lugar el grueso del programa profesional del encuentro, con ponencias centradas en la innovaci\u00f3n, comunicaci\u00f3n o las ventajas del envase de cart\u00f3n frente a materiales como el pl\u00e1stico. Sobre este tema versar\u00e1 la charla de Tony F. Hitchin, General Manager de ProCarton. Tambi\u00e9n se presentar\u00e1 el Bar\u00f3metro de la Industria del Envase de Cart\u00f3n y hablaremos sobre la Industria 4.0 y su implantaci\u00f3n en el sector en un panel en el que participar\u00e1n Bego\u00f1a Cristeto, Secretaria General de Industria y Pyme, y Aurelio Mendiguchia, Director del M\u00e1ster de Industria Gr\u00e1fica en el Instituto Tajamar.<\/p>\n<p>La ma\u00f1ana terminar\u00e1 con la celebraci\u00f3n de las mesas de negocios \u2013o Speedy meetings\u2013 en las que pondremos en contacto a fabricantes y proveedores para fomentar el networking; y las ponencia de Jaume Mora, Director de Compras de Nestl\u00e9 Iberia y Sebasti\u00e1n Sol\u00eds, Presidente de Repacar. El primero hablar\u00e1 sobre el posicionamiento del envase de cart\u00f3n frente a las nuevas estrategias del sector cliente y Sol\u00eds explicar\u00e1 la nueva legislaci\u00f3n del papel y el cart\u00f3n recuperado y su impacto en el mercado del envase de cart\u00f3n.<\/p>\n<p>Tras el almuerzo, la jornada de tarde estar\u00e1 centrada en la comunicaci\u00f3n y la direcci\u00f3n de empresas. Javier Cebreiros, Doctor en Comunicaci\u00f3n, m\u00e1ster IESIDE y bloguero del Huffington Post, ofrecer\u00e1 una visi\u00f3n sobre la comunicaci\u00f3n centrada en la motivaci\u00f3n y las emociones. El Doctor en Econom\u00eda, conferenciante, coach y profesor Jos\u00e9 Mar\u00eda Gasalla, hablar\u00e1 sobre una nueva forma de dirigir las empresas, la direcci\u00f3n por confianza.<\/p>\n<p><strong>Celebraci\u00f3n del 40 aniversario de ASPACK<\/strong><\/p>\n<p>Pero adem\u00e1s del programa profesional, las actividades sociales tienen tambi\u00e9n un peso muy importante en este noveno Congreso de ASPACK. Entre ellas, el viernes por la tarde habr\u00e1 una visita privada a la Alhambra \u2013los Palacios Nazar\u00edes y el Generalife\u2013 el viernes por la tarde. Despu\u00e9s de la visita, la habr\u00e1 una cena en Cortijo de En medio en la que, adem\u00e1s, celebraremos los 40 a\u00f1os de historia de ASPACK con el Golden Apple Quartet, un grupo humor\u00edstico, teatral y musical que va a ofrecer una actuaci\u00f3n muy especial para homenajear las cuatro d\u00e9cadas de trabajo de la asociaci\u00f3n.<\/p>\n<p><a href=\"http:\/\/www.aspack.es\/news\/wp-content\/uploads\/2018\/06\/Alhambra.png\" rel=\"attachment wp-att-683\"><img loading=\"lazy\" decoding=\"async\" class=\"aligncenter size-full wp-image-683\" src=\"http:\/\/www.aspack.es\/news\/wp-content\/uploads\/2018\/06\/Alhambra.png\" alt=\"Alhambra\" width=\"580\" height=\"440\" srcset=\"https:\/\/www.aspack.es\/news\/wp-content\/uploads\/2018\/06\/Alhambra.png 580w, https:\/\/www.aspack.es\/news\/wp-content\/uploads\/2018\/06\/Alhambra-300x228.png 300w, https:\/\/www.aspack.es\/news\/wp-content\/uploads\/2018\/06\/Alhambra-480x364.png 480w\" sizes=\"auto, (max-width: 580px) 100vw, 580px\" \/><\/a><\/p>\n<p>Las inscripciones al noveno Congreso de ASPACK pueden realizarse en la p\u00e1gina web del evento, en <a href=\"http:\/\/aspack.es\/congreso2018\/inscripcion\/\" target=\"_blank\">este enlace<\/a>. El programa completo del evento puede consultarse <a href=\"http:\/\/aspack.es\/congreso2018\/programa\/\" target=\"_blank\">aqu\u00ed<\/a>.<\/p>\n","protected":false},"excerpt":{"rendered":"<p>El noveno congreso de ASPACK se va a celebrar lo d\u00edas 25 y 26 de octubre en el hotel Alhambra Palace Granada y las inscripciones ya est\u00e1n abiertas en la p\u00e1gina web que ha creado la asociaci\u00f3n para este evento, aspack.es\/congreso2018. Bajo el t\u00edtulo Mirando al futuro en nuestro 40 aniversario, el congreso va a&hellip;<\/p>\n","protected":false},"author":1,"featured_media":613,"comment_status":"open","ping_status":"open","sticky":false,"template":"","format":"standard","meta":{"footnotes":""},"categories":[17,19],"tags":[],"class_list":["post-682","post","type-post","status-publish","format-standard","has-post-thumbnail","hentry","category-el-sector","category-eventos"],"yoast_head":"<!-- This site is optimized with the Yoast SEO plugin v25.9 - https:\/\/yoast.com\/wordpress\/plugins\/seo\/ -->\n<title>Ya est\u00e1 abierto el plazo de inscripci\u00f3n para el IX Congreso de ASPACK - ASPACK NEWS<\/title>\n<meta name=\"robots\" content=\"index, follow, max-snippet:-1, max-image-preview:large, max-video-preview:-1\" \/>\n<link rel=\"canonical\" href=\"https:\/\/www.aspack.es\/news\/ya-esta-abierto-el-plazo-de-inscripcion-para-el-ix-congreso-de-aspack\/\" \/>\n<meta property=\"og:locale\" content=\"es_ES\" \/>\n<meta property=\"og:type\" content=\"article\" \/>\n<meta property=\"og:title\" content=\"Ya est\u00e1 abierto el plazo de inscripci\u00f3n para el IX Congreso de ASPACK - ASPACK NEWS\" \/>\n<meta property=\"og:description\" content=\"El noveno congreso de ASPACK se va a celebrar lo d\u00edas 25 y 26 de octubre en el hotel Alhambra Palace Granada y las inscripciones ya est\u00e1n abiertas en la p\u00e1gina web que ha creado la asociaci\u00f3n para este evento, aspack.es\/congreso2018. Bajo el t\u00edtulo Mirando al futuro en nuestro 40 aniversario, el congreso va a&hellip;\" \/>\n<meta property=\"og:url\" content=\"https:\/\/www.aspack.es\/news\/ya-esta-abierto-el-plazo-de-inscripcion-para-el-ix-congreso-de-aspack\/\" \/>\n<meta property=\"og:site_name\" content=\"ASPACK NEWS\" \/>\n<meta property=\"article:published_time\" content=\"2018-06-26T05:00:10+00:00\" \/>\n<meta property=\"article:modified_time\" content=\"2018-07-02T04:39:51+00:00\" \/>\n<meta property=\"og:image\" content=\"https:\/\/www.aspack.es\/news\/wp-content\/uploads\/2018\/02\/imagen-congreso-ASPACK.png\" \/>\n\t<meta property=\"og:image:width\" content=\"767\" \/>\n\t<meta property=\"og:image:height\" content=\"387\" \/>\n\t<meta property=\"og:image:type\" content=\"image\/png\" \/>\n<meta name=\"author\" content=\"admin\" \/>\n<meta name=\"twitter:card\" content=\"summary_large_image\" \/>\n<meta name=\"twitter:label1\" content=\"Escrito por\" \/>\n\t<meta name=\"twitter:data1\" content=\"admin\" \/>\n\t<meta name=\"twitter:label2\" content=\"Tiempo de lectura\" \/>\n\t<meta name=\"twitter:data2\" content=\"3 minutos\" \/>\n<script type=\"application\/ld+json\" class=\"yoast-schema-graph\">{\"@context\":\"https:\/\/schema.org\",\"@graph\":[{\"@type\":\"WebPage\",\"@id\":\"https:\/\/www.aspack.es\/news\/ya-esta-abierto-el-plazo-de-inscripcion-para-el-ix-congreso-de-aspack\/\",\"url\":\"https:\/\/www.aspack.es\/news\/ya-esta-abierto-el-plazo-de-inscripcion-para-el-ix-congreso-de-aspack\/\",\"name\":\"Ya est\u00e1 abierto el plazo de inscripci\u00f3n para el IX Congreso de ASPACK - ASPACK NEWS\",\"isPartOf\":{\"@id\":\"http:\/\/www.aspack.es\/news\/#website\"},\"primaryImageOfPage\":{\"@id\":\"https:\/\/www.aspack.es\/news\/ya-esta-abierto-el-plazo-de-inscripcion-para-el-ix-congreso-de-aspack\/#primaryimage\"},\"image\":{\"@id\":\"https:\/\/www.aspack.es\/news\/ya-esta-abierto-el-plazo-de-inscripcion-para-el-ix-congreso-de-aspack\/#primaryimage\"},\"thumbnailUrl\":\"https:\/\/www.aspack.es\/news\/wp-content\/uploads\/2018\/02\/imagen-congreso-ASPACK.png\",\"datePublished\":\"2018-06-26T05:00:10+00:00\",\"dateModified\":\"2018-07-02T04:39:51+00:00\",\"author\":{\"@id\":\"http:\/\/www.aspack.es\/news\/#\/schema\/person\/0019098322836346476fc7dfdbd26d95\"},\"breadcrumb\":{\"@id\":\"https:\/\/www.aspack.es\/news\/ya-esta-abierto-el-plazo-de-inscripcion-para-el-ix-congreso-de-aspack\/#breadcrumb\"},\"inLanguage\":\"es\",\"potentialAction\":[{\"@type\":\"ReadAction\",\"target\":[\"https:\/\/www.aspack.es\/news\/ya-esta-abierto-el-plazo-de-inscripcion-para-el-ix-congreso-de-aspack\/\"]}]},{\"@type\":\"ImageObject\",\"inLanguage\":\"es\",\"@id\":\"https:\/\/www.aspack.es\/news\/ya-esta-abierto-el-plazo-de-inscripcion-para-el-ix-congreso-de-aspack\/#primaryimage\",\"url\":\"https:\/\/www.aspack.es\/news\/wp-content\/uploads\/2018\/02\/imagen-congreso-ASPACK.png\",\"contentUrl\":\"https:\/\/www.aspack.es\/news\/wp-content\/uploads\/2018\/02\/imagen-congreso-ASPACK.png\",\"width\":767,\"height\":387},{\"@type\":\"BreadcrumbList\",\"@id\":\"https:\/\/www.aspack.es\/news\/ya-esta-abierto-el-plazo-de-inscripcion-para-el-ix-congreso-de-aspack\/#breadcrumb\",\"itemListElement\":[{\"@type\":\"ListItem\",\"position\":1,\"name\":\"Portada\",\"item\":\"http:\/\/www.aspack.es\/news\/\"},{\"@type\":\"ListItem\",\"position\":2,\"name\":\"Ya est\u00e1 abierto el plazo de inscripci\u00f3n para el IX Congreso de ASPACK\"}]},{\"@type\":\"WebSite\",\"@id\":\"http:\/\/www.aspack.es\/news\/#website\",\"url\":\"http:\/\/www.aspack.es\/news\/\",\"name\":\"ASPACK NEWS\",\"description\":\"El peri?dico digital de los envases de cart?n\",\"potentialAction\":[{\"@type\":\"SearchAction\",\"target\":{\"@type\":\"EntryPoint\",\"urlTemplate\":\"http:\/\/www.aspack.es\/news\/?s={search_term_string}\"},\"query-input\":{\"@type\":\"PropertyValueSpecification\",\"valueRequired\":true,\"valueName\":\"search_term_string\"}}],\"inLanguage\":\"es\"},{\"@type\":\"Person\",\"@id\":\"http:\/\/www.aspack.es\/news\/#\/schema\/person\/0019098322836346476fc7dfdbd26d95\",\"name\":\"admin\",\"image\":{\"@type\":\"ImageObject\",\"inLanguage\":\"es\",\"@id\":\"http:\/\/www.aspack.es\/news\/#\/schema\/person\/image\/\",\"url\":\"https:\/\/secure.gravatar.com\/avatar\/6a6c60542c39a2d052b8b1e8c5145e669bf888b9b229b3da0e43092daac8a32e?s=96&d=mm&r=g\",\"contentUrl\":\"https:\/\/secure.gravatar.com\/avatar\/6a6c60542c39a2d052b8b1e8c5145e669bf888b9b229b3da0e43092daac8a32e?s=96&d=mm&r=g\",\"caption\":\"admin\"},\"url\":\"https:\/\/www.aspack.es\/news\/author\/admin\/\"}]}<\/script>\n<!-- \/ Yoast SEO plugin. -->","yoast_head_json":{"title":"Ya est\u00e1 abierto el plazo de inscripci\u00f3n para el IX Congreso de ASPACK - ASPACK NEWS","robots":{"index":"index","follow":"follow","max-snippet":"max-snippet:-1","max-image-preview":"max-image-preview:large","max-video-preview":"max-video-preview:-1"},"canonical":"https:\/\/www.aspack.es\/news\/ya-esta-abierto-el-plazo-de-inscripcion-para-el-ix-congreso-de-aspack\/","og_locale":"es_ES","og_type":"article","og_title":"Ya est\u00e1 abierto el plazo de inscripci\u00f3n para el IX Congreso de ASPACK - ASPACK NEWS","og_description":"El noveno congreso de ASPACK se va a celebrar lo d\u00edas 25 y 26 de octubre en el hotel Alhambra Palace Granada y las inscripciones ya est\u00e1n abiertas en la p\u00e1gina web que ha creado la asociaci\u00f3n para este evento, aspack.es\/congreso2018. Bajo el t\u00edtulo Mirando al futuro en nuestro 40 aniversario, el congreso va a&hellip;","og_url":"https:\/\/www.aspack.es\/news\/ya-esta-abierto-el-plazo-de-inscripcion-para-el-ix-congreso-de-aspack\/","og_site_name":"ASPACK NEWS","article_published_time":"2018-06-26T05:00:10+00:00","article_modified_time":"2018-07-02T04:39:51+00:00","og_image":[{"width":767,"height":387,"url":"https:\/\/www.aspack.es\/news\/wp-content\/uploads\/2018\/02\/imagen-congreso-ASPACK.png","type":"image\/png"}],"author":"admin","twitter_card":"summary_large_image","twitter_misc":{"Escrito por":"admin","Tiempo de lectura":"3 minutos"},"schema":{"@context":"https:\/\/schema.org","@graph":[{"@type":"WebPage","@id":"https:\/\/www.aspack.es\/news\/ya-esta-abierto-el-plazo-de-inscripcion-para-el-ix-congreso-de-aspack\/","url":"https:\/\/www.aspack.es\/news\/ya-esta-abierto-el-plazo-de-inscripcion-para-el-ix-congreso-de-aspack\/","name":"Ya est\u00e1 abierto el plazo de inscripci\u00f3n para el IX Congreso de ASPACK - ASPACK NEWS","isPartOf":{"@id":"http:\/\/www.aspack.es\/news\/#website"},"primaryImageOfPage":{"@id":"https:\/\/www.aspack.es\/news\/ya-esta-abierto-el-plazo-de-inscripcion-para-el-ix-congreso-de-aspack\/#primaryimage"},"image":{"@id":"https:\/\/www.aspack.es\/news\/ya-esta-abierto-el-plazo-de-inscripcion-para-el-ix-congreso-de-aspack\/#primaryimage"},"thumbnailUrl":"https:\/\/www.aspack.es\/news\/wp-content\/uploads\/2018\/02\/imagen-congreso-ASPACK.png","datePublished":"2018-06-26T05:00:10+00:00","dateModified":"2018-07-02T04:39:51+00:00","author":{"@id":"http:\/\/www.aspack.es\/news\/#\/schema\/person\/0019098322836346476fc7dfdbd26d95"},"breadcrumb":{"@id":"https:\/\/www.aspack.es\/news\/ya-esta-abierto-el-plazo-de-inscripcion-para-el-ix-congreso-de-aspack\/#breadcrumb"},"inLanguage":"es","potentialAction":[{"@type":"ReadAction","target":["https:\/\/www.aspack.es\/news\/ya-esta-abierto-el-plazo-de-inscripcion-para-el-ix-congreso-de-aspack\/"]}]},{"@type":"ImageObject","inLanguage":"es","@id":"https:\/\/www.aspack.es\/news\/ya-esta-abierto-el-plazo-de-inscripcion-para-el-ix-congreso-de-aspack\/#primaryimage","url":"https:\/\/www.aspack.es\/news\/wp-content\/uploads\/2018\/02\/imagen-congreso-ASPACK.png","contentUrl":"https:\/\/www.aspack.es\/news\/wp-content\/uploads\/2018\/02\/imagen-congreso-ASPACK.png","width":767,"height":387},{"@type":"BreadcrumbList","@id":"https:\/\/www.aspack.es\/news\/ya-esta-abierto-el-plazo-de-inscripcion-para-el-ix-congreso-de-aspack\/#breadcrumb","itemListElement":[{"@type":"ListItem","position":1,"name":"Portada","item":"http:\/\/www.aspack.es\/news\/"},{"@type":"ListItem","position":2,"name":"Ya est\u00e1 abierto el plazo de inscripci\u00f3n para el IX Congreso de ASPACK"}]},{"@type":"WebSite","@id":"http:\/\/www.aspack.es\/news\/#website","url":"http:\/\/www.aspack.es\/news\/","name":"ASPACK NEWS","description":"El peri?dico digital de los envases de cart?n","potentialAction":[{"@type":"SearchAction","target":{"@type":"EntryPoint","urlTemplate":"http:\/\/www.aspack.es\/news\/?s={search_term_string}"},"query-input":{"@type":"PropertyValueSpecification","valueRequired":true,"valueName":"search_term_string"}}],"inLanguage":"es"},{"@type":"Person","@id":"http:\/\/www.aspack.es\/news\/#\/schema\/person\/0019098322836346476fc7dfdbd26d95","name":"admin","image":{"@type":"ImageObject","inLanguage":"es","@id":"http:\/\/www.aspack.es\/news\/#\/schema\/person\/image\/","url":"https:\/\/secure.gravatar.com\/avatar\/6a6c60542c39a2d052b8b1e8c5145e669bf888b9b229b3da0e43092daac8a32e?s=96&d=mm&r=g","contentUrl":"https:\/\/secure.gravatar.com\/avatar\/6a6c60542c39a2d052b8b1e8c5145e669bf888b9b229b3da0e43092daac8a32e?s=96&d=mm&r=g","caption":"admin"},"url":"https:\/\/www.aspack.es\/news\/author\/admin\/"}]}},"_links":{"self":[{"href":"https:\/\/www.aspack.es\/news\/wp-json\/wp\/v2\/posts\/682","targetHints":{"allow":["GET"]}}],"collection":[{"href":"https:\/\/www.aspack.es\/news\/wp-json\/wp\/v2\/posts"}],"about":[{"href":"https:\/\/www.aspack.es\/news\/wp-json\/wp\/v2\/types\/post"}],"author":[{"embeddable":true,"href":"https:\/\/www.aspack.es\/news\/wp-json\/wp\/v2\/users\/1"}],"replies":[{"embeddable":true,"href":"https:\/\/www.aspack.es\/news\/wp-json\/wp\/v2\/comments?post=682"}],"version-history":[{"count":1,"href":"https:\/\/www.aspack.es\/news\/wp-json\/wp\/v2\/posts\/682\/revisions"}],"predecessor-version":[{"id":684,"href":"https:\/\/www.aspack.es\/news\/wp-json\/wp\/v2\/posts\/682\/revisions\/684"}],"wp:featuredmedia":[{"embeddable":true,"href":"https:\/\/www.aspack.es\/news\/wp-json\/wp\/v2\/media\/613"}],"wp:attachment":[{"href":"https:\/\/www.aspack.es\/news\/wp-json\/wp\/v2\/media?parent=682"}],"wp:term":[{"taxonomy":"category","embeddable":true,"href":"https:\/\/www.aspack.es\/news\/wp-json\/wp\/v2\/categories?post=682"},{"taxonomy":"post_tag","embeddable":true,"href":"https:\/\/www.aspack.es\/news\/wp-json\/wp\/v2\/tags?post=682"}],"curies":[{"name":"wp","href":"https:\/\/api.w.org\/{rel}","templated":true}]}}