{"id":695,"date":"2018-06-25T04:56:22","date_gmt":"2018-06-25T04:56:22","guid":{"rendered":"http:\/\/www.aspack.es\/news\/?p=695"},"modified":"2018-07-02T04:40:04","modified_gmt":"2018-07-02T04:40:04","slug":"aspack-da-la-bienvenida-a-cinco-nuevos-asociados","status":"publish","type":"post","link":"https:\/\/www.aspack.es\/news\/aspack-da-la-bienvenida-a-cinco-nuevos-asociados\/","title":{"rendered":"ASPACK da la bienvenida a cinco nuevos asociados"},"content":{"rendered":"<p>Cinco empresas se han sumado al proyecto de ASPACK en el \u00faltimo mes y desde la asociaci\u00f3n queremos darles la bienvenida e informar a todos los dem\u00e1s asociados de estas nuevas incorporaciones.<\/p>\n<p>De las cinco empresas, una, <a href=\"http:\/\/www.fedrigoni.es\/\" target=\"_blank\">Fedrigoni Espa\u00f1a<\/a>, se ha dado de alta como Socio Colaborador Premium. Dos, <a href=\"https:\/\/www.mm-karton.com\/\" target=\"_blank\">MM Karton<\/a> y <a href=\"http:\/\/www.troquelestag.com\/es\/inicio\" target=\"_blank\">Troqueles TAG<\/a>, lo han hecho como Socios Colaboradores y otras dos, <a href=\"http:\/\/www.graficasdigraf.com\/\" target=\"_blank\">Gr\u00e1ficas Digraf<\/a> y <a href=\"https:\/\/nekicesa.com\/es\/\" target=\"_blank\">Nekicesa Packaging<\/a>, como asociados.<\/p>\n<p>El grupo Fedrigoni tiene m\u00e1s de 125 a\u00f1os de historia y es uno de los principales fabricantes de papel de Europa. Actualmente est\u00e1 presente en m\u00e1s de 80 pa\u00edses en los cinco continentes y produce y distribuye papeles creativos, offset, estucados cl\u00e1sicos y cartulinas gr\u00e1ficas. MM Karton se dedica a la producci\u00f3n de cart\u00f3n y revestimientos para la industria del embalaje y la pulpa de madera. El \u00faltimo socio colaborador nuevo es Troqueles TAG, que, como su nombre indica, ofrecen troqueles as\u00ed como sus complementos para la industria gr\u00e1fica, fabricantes de cajas de cart\u00f3n y para transformadores de pl\u00e1stico. En sus instalaciones \u2013en Aduna, Guipuzkoa\u2013 desarrollan todo el proceso, desde el dise\u00f1o inicial hasta la fabricaci\u00f3n del producto.<\/p>\n<p><a href=\"http:\/\/www.aspack.es\/news\/wp-content\/uploads\/2018\/06\/trabajo-equipo.jpg\" rel=\"attachment wp-att-697\"><img loading=\"lazy\" decoding=\"async\" class=\"aligncenter size-large wp-image-697\" src=\"http:\/\/www.aspack.es\/news\/wp-content\/uploads\/2018\/06\/trabajo-equipo-1024x699.jpg\" alt=\"trabajo equipo\" width=\"1020\" height=\"696\" srcset=\"https:\/\/www.aspack.es\/news\/wp-content\/uploads\/2018\/06\/trabajo-equipo-1024x699.jpg 1024w, https:\/\/www.aspack.es\/news\/wp-content\/uploads\/2018\/06\/trabajo-equipo-300x205.jpg 300w, https:\/\/www.aspack.es\/news\/wp-content\/uploads\/2018\/06\/trabajo-equipo-768x524.jpg 768w, https:\/\/www.aspack.es\/news\/wp-content\/uploads\/2018\/06\/trabajo-equipo-480x328.jpg 480w, https:\/\/www.aspack.es\/news\/wp-content\/uploads\/2018\/06\/trabajo-equipo-733x500.jpg 733w, https:\/\/www.aspack.es\/news\/wp-content\/uploads\/2018\/06\/trabajo-equipo.jpg 1920w\" sizes=\"auto, (max-width: 1020px) 100vw, 1020px\" \/><\/a><\/p>\n<p>Gr\u00e1ficas Digraf se dedica a la impresi\u00f3n de envases y PLV. Tambi\u00e9n fabrican estucher\u00eda y est\u00e1n especializados en estuches para vino y para productos de gran consumo. El \u00faltimo asociado al que hemos dado la bienvenida en los \u00faltimos d\u00edas es Nekicesa Packaging, una compa\u00f1\u00eda situada en Gri\u00f1\u00f3n (Madrid) y dedicada al packaging farmac\u00e9utico y cosm\u00e9tico, especializada en la producci\u00f3n de estuches de cart\u00f3n, prospectos y etiquetas.<\/p>\n<p>Estas empresas se han sumado a ASPACK, un proyecto en el que los asociados aportan su experiencia y donde encuentran un foro para compartir ideas y conocimientos y buscar soluciones comunes a los problemas que surgen en el d\u00eda a d\u00eda del sector. Sumar asociados no solo es una muestra del buen trabajo de la asociaci\u00f3n, sino un garant\u00eda de que nuestra capacidad de influencia ante las instituciones ser\u00e1 mayor cada d\u00eda.<\/p>\n","protected":false},"excerpt":{"rendered":"<p>Cinco empresas se han sumado al proyecto de ASPACK en el \u00faltimo mes y desde la asociaci\u00f3n queremos darles la bienvenida e informar a todos los dem\u00e1s asociados de estas nuevas incorporaciones. De las cinco empresas, una, Fedrigoni Espa\u00f1a, se ha dado de alta como Socio Colaborador Premium. Dos, MM Karton y Troqueles TAG, lo&hellip;<\/p>\n","protected":false},"author":1,"featured_media":696,"comment_status":"open","ping_status":"open","sticky":false,"template":"","format":"standard","meta":{"footnotes":""},"categories":[18,17],"tags":[],"class_list":["post-695","post","type-post","status-publish","format-standard","has-post-thumbnail","hentry","category-asociados","category-el-sector"],"yoast_head":"<!-- This site is optimized with the Yoast SEO plugin v25.9 - https:\/\/yoast.com\/wordpress\/plugins\/seo\/ -->\n<title>ASPACK da la bienvenida a cinco nuevos asociados - ASPACK NEWS<\/title>\n<meta name=\"robots\" content=\"index, follow, max-snippet:-1, max-image-preview:large, max-video-preview:-1\" \/>\n<link rel=\"canonical\" href=\"https:\/\/www.aspack.es\/news\/aspack-da-la-bienvenida-a-cinco-nuevos-asociados\/\" \/>\n<meta property=\"og:locale\" content=\"es_ES\" \/>\n<meta property=\"og:type\" content=\"article\" \/>\n<meta property=\"og:title\" content=\"ASPACK da la bienvenida a cinco nuevos asociados - ASPACK NEWS\" \/>\n<meta property=\"og:description\" content=\"Cinco empresas se han sumado al proyecto de ASPACK en el \u00faltimo mes y desde la asociaci\u00f3n queremos darles la bienvenida e informar a todos los dem\u00e1s asociados de estas nuevas incorporaciones. De las cinco empresas, una, Fedrigoni Espa\u00f1a, se ha dado de alta como Socio Colaborador Premium. Dos, MM Karton y Troqueles TAG, lo&hellip;\" \/>\n<meta property=\"og:url\" content=\"https:\/\/www.aspack.es\/news\/aspack-da-la-bienvenida-a-cinco-nuevos-asociados\/\" \/>\n<meta property=\"og:site_name\" content=\"ASPACK NEWS\" \/>\n<meta property=\"article:published_time\" content=\"2018-06-25T04:56:22+00:00\" \/>\n<meta property=\"article:modified_time\" content=\"2018-07-02T04:40:04+00:00\" \/>\n<meta property=\"og:image\" content=\"https:\/\/www.aspack.es\/news\/wp-content\/uploads\/2018\/06\/trabajo-equipo2.jpg\" \/>\n\t<meta property=\"og:image:width\" content=\"1920\" \/>\n\t<meta property=\"og:image:height\" content=\"1210\" \/>\n\t<meta property=\"og:image:type\" content=\"image\/jpeg\" \/>\n<meta name=\"author\" content=\"admin\" \/>\n<meta name=\"twitter:card\" content=\"summary_large_image\" \/>\n<meta name=\"twitter:label1\" content=\"Escrito por\" \/>\n\t<meta name=\"twitter:data1\" content=\"admin\" \/>\n\t<meta name=\"twitter:label2\" content=\"Tiempo de lectura\" \/>\n\t<meta name=\"twitter:data2\" content=\"2 minutos\" \/>\n<script type=\"application\/ld+json\" class=\"yoast-schema-graph\">{\"@context\":\"https:\/\/schema.org\",\"@graph\":[{\"@type\":\"WebPage\",\"@id\":\"https:\/\/www.aspack.es\/news\/aspack-da-la-bienvenida-a-cinco-nuevos-asociados\/\",\"url\":\"https:\/\/www.aspack.es\/news\/aspack-da-la-bienvenida-a-cinco-nuevos-asociados\/\",\"name\":\"ASPACK da la bienvenida a cinco nuevos asociados - ASPACK NEWS\",\"isPartOf\":{\"@id\":\"http:\/\/www.aspack.es\/news\/#website\"},\"primaryImageOfPage\":{\"@id\":\"https:\/\/www.aspack.es\/news\/aspack-da-la-bienvenida-a-cinco-nuevos-asociados\/#primaryimage\"},\"image\":{\"@id\":\"https:\/\/www.aspack.es\/news\/aspack-da-la-bienvenida-a-cinco-nuevos-asociados\/#primaryimage\"},\"thumbnailUrl\":\"https:\/\/www.aspack.es\/news\/wp-content\/uploads\/2018\/06\/trabajo-equipo2.jpg\",\"datePublished\":\"2018-06-25T04:56:22+00:00\",\"dateModified\":\"2018-07-02T04:40:04+00:00\",\"author\":{\"@id\":\"http:\/\/www.aspack.es\/news\/#\/schema\/person\/0019098322836346476fc7dfdbd26d95\"},\"breadcrumb\":{\"@id\":\"https:\/\/www.aspack.es\/news\/aspack-da-la-bienvenida-a-cinco-nuevos-asociados\/#breadcrumb\"},\"inLanguage\":\"es\",\"potentialAction\":[{\"@type\":\"ReadAction\",\"target\":[\"https:\/\/www.aspack.es\/news\/aspack-da-la-bienvenida-a-cinco-nuevos-asociados\/\"]}]},{\"@type\":\"ImageObject\",\"inLanguage\":\"es\",\"@id\":\"https:\/\/www.aspack.es\/news\/aspack-da-la-bienvenida-a-cinco-nuevos-asociados\/#primaryimage\",\"url\":\"https:\/\/www.aspack.es\/news\/wp-content\/uploads\/2018\/06\/trabajo-equipo2.jpg\",\"contentUrl\":\"https:\/\/www.aspack.es\/news\/wp-content\/uploads\/2018\/06\/trabajo-equipo2.jpg\",\"width\":1920,\"height\":1210},{\"@type\":\"BreadcrumbList\",\"@id\":\"https:\/\/www.aspack.es\/news\/aspack-da-la-bienvenida-a-cinco-nuevos-asociados\/#breadcrumb\",\"itemListElement\":[{\"@type\":\"ListItem\",\"position\":1,\"name\":\"Portada\",\"item\":\"http:\/\/www.aspack.es\/news\/\"},{\"@type\":\"ListItem\",\"position\":2,\"name\":\"ASPACK da la bienvenida a cinco nuevos asociados\"}]},{\"@type\":\"WebSite\",\"@id\":\"http:\/\/www.aspack.es\/news\/#website\",\"url\":\"http:\/\/www.aspack.es\/news\/\",\"name\":\"ASPACK NEWS\",\"description\":\"El peri?dico digital de los envases de cart?n\",\"potentialAction\":[{\"@type\":\"SearchAction\",\"target\":{\"@type\":\"EntryPoint\",\"urlTemplate\":\"http:\/\/www.aspack.es\/news\/?s={search_term_string}\"},\"query-input\":{\"@type\":\"PropertyValueSpecification\",\"valueRequired\":true,\"valueName\":\"search_term_string\"}}],\"inLanguage\":\"es\"},{\"@type\":\"Person\",\"@id\":\"http:\/\/www.aspack.es\/news\/#\/schema\/person\/0019098322836346476fc7dfdbd26d95\",\"name\":\"admin\",\"image\":{\"@type\":\"ImageObject\",\"inLanguage\":\"es\",\"@id\":\"http:\/\/www.aspack.es\/news\/#\/schema\/person\/image\/\",\"url\":\"https:\/\/secure.gravatar.com\/avatar\/6a6c60542c39a2d052b8b1e8c5145e669bf888b9b229b3da0e43092daac8a32e?s=96&d=mm&r=g\",\"contentUrl\":\"https:\/\/secure.gravatar.com\/avatar\/6a6c60542c39a2d052b8b1e8c5145e669bf888b9b229b3da0e43092daac8a32e?s=96&d=mm&r=g\",\"caption\":\"admin\"},\"url\":\"https:\/\/www.aspack.es\/news\/author\/admin\/\"}]}<\/script>\n<!-- \/ Yoast SEO plugin. -->","yoast_head_json":{"title":"ASPACK da la bienvenida a cinco nuevos asociados - ASPACK NEWS","robots":{"index":"index","follow":"follow","max-snippet":"max-snippet:-1","max-image-preview":"max-image-preview:large","max-video-preview":"max-video-preview:-1"},"canonical":"https:\/\/www.aspack.es\/news\/aspack-da-la-bienvenida-a-cinco-nuevos-asociados\/","og_locale":"es_ES","og_type":"article","og_title":"ASPACK da la bienvenida a cinco nuevos asociados - ASPACK NEWS","og_description":"Cinco empresas se han sumado al proyecto de ASPACK en el \u00faltimo mes y desde la asociaci\u00f3n queremos darles la bienvenida e informar a todos los dem\u00e1s asociados de estas nuevas incorporaciones. De las cinco empresas, una, Fedrigoni Espa\u00f1a, se ha dado de alta como Socio Colaborador Premium. Dos, MM Karton y Troqueles TAG, lo&hellip;","og_url":"https:\/\/www.aspack.es\/news\/aspack-da-la-bienvenida-a-cinco-nuevos-asociados\/","og_site_name":"ASPACK NEWS","article_published_time":"2018-06-25T04:56:22+00:00","article_modified_time":"2018-07-02T04:40:04+00:00","og_image":[{"width":1920,"height":1210,"url":"https:\/\/www.aspack.es\/news\/wp-content\/uploads\/2018\/06\/trabajo-equipo2.jpg","type":"image\/jpeg"}],"author":"admin","twitter_card":"summary_large_image","twitter_misc":{"Escrito por":"admin","Tiempo de lectura":"2 minutos"},"schema":{"@context":"https:\/\/schema.org","@graph":[{"@type":"WebPage","@id":"https:\/\/www.aspack.es\/news\/aspack-da-la-bienvenida-a-cinco-nuevos-asociados\/","url":"https:\/\/www.aspack.es\/news\/aspack-da-la-bienvenida-a-cinco-nuevos-asociados\/","name":"ASPACK da la bienvenida a cinco nuevos asociados - ASPACK NEWS","isPartOf":{"@id":"http:\/\/www.aspack.es\/news\/#website"},"primaryImageOfPage":{"@id":"https:\/\/www.aspack.es\/news\/aspack-da-la-bienvenida-a-cinco-nuevos-asociados\/#primaryimage"},"image":{"@id":"https:\/\/www.aspack.es\/news\/aspack-da-la-bienvenida-a-cinco-nuevos-asociados\/#primaryimage"},"thumbnailUrl":"https:\/\/www.aspack.es\/news\/wp-content\/uploads\/2018\/06\/trabajo-equipo2.jpg","datePublished":"2018-06-25T04:56:22+00:00","dateModified":"2018-07-02T04:40:04+00:00","author":{"@id":"http:\/\/www.aspack.es\/news\/#\/schema\/person\/0019098322836346476fc7dfdbd26d95"},"breadcrumb":{"@id":"https:\/\/www.aspack.es\/news\/aspack-da-la-bienvenida-a-cinco-nuevos-asociados\/#breadcrumb"},"inLanguage":"es","potentialAction":[{"@type":"ReadAction","target":["https:\/\/www.aspack.es\/news\/aspack-da-la-bienvenida-a-cinco-nuevos-asociados\/"]}]},{"@type":"ImageObject","inLanguage":"es","@id":"https:\/\/www.aspack.es\/news\/aspack-da-la-bienvenida-a-cinco-nuevos-asociados\/#primaryimage","url":"https:\/\/www.aspack.es\/news\/wp-content\/uploads\/2018\/06\/trabajo-equipo2.jpg","contentUrl":"https:\/\/www.aspack.es\/news\/wp-content\/uploads\/2018\/06\/trabajo-equipo2.jpg","width":1920,"height":1210},{"@type":"BreadcrumbList","@id":"https:\/\/www.aspack.es\/news\/aspack-da-la-bienvenida-a-cinco-nuevos-asociados\/#breadcrumb","itemListElement":[{"@type":"ListItem","position":1,"name":"Portada","item":"http:\/\/www.aspack.es\/news\/"},{"@type":"ListItem","position":2,"name":"ASPACK da la bienvenida a cinco nuevos asociados"}]},{"@type":"WebSite","@id":"http:\/\/www.aspack.es\/news\/#website","url":"http:\/\/www.aspack.es\/news\/","name":"ASPACK NEWS","description":"El peri?dico digital de los envases de cart?n","potentialAction":[{"@type":"SearchAction","target":{"@type":"EntryPoint","urlTemplate":"http:\/\/www.aspack.es\/news\/?s={search_term_string}"},"query-input":{"@type":"PropertyValueSpecification","valueRequired":true,"valueName":"search_term_string"}}],"inLanguage":"es"},{"@type":"Person","@id":"http:\/\/www.aspack.es\/news\/#\/schema\/person\/0019098322836346476fc7dfdbd26d95","name":"admin","image":{"@type":"ImageObject","inLanguage":"es","@id":"http:\/\/www.aspack.es\/news\/#\/schema\/person\/image\/","url":"https:\/\/secure.gravatar.com\/avatar\/6a6c60542c39a2d052b8b1e8c5145e669bf888b9b229b3da0e43092daac8a32e?s=96&d=mm&r=g","contentUrl":"https:\/\/secure.gravatar.com\/avatar\/6a6c60542c39a2d052b8b1e8c5145e669bf888b9b229b3da0e43092daac8a32e?s=96&d=mm&r=g","caption":"admin"},"url":"https:\/\/www.aspack.es\/news\/author\/admin\/"}]}},"_links":{"self":[{"href":"https:\/\/www.aspack.es\/news\/wp-json\/wp\/v2\/posts\/695","targetHints":{"allow":["GET"]}}],"collection":[{"href":"https:\/\/www.aspack.es\/news\/wp-json\/wp\/v2\/posts"}],"about":[{"href":"https:\/\/www.aspack.es\/news\/wp-json\/wp\/v2\/types\/post"}],"author":[{"embeddable":true,"href":"https:\/\/www.aspack.es\/news\/wp-json\/wp\/v2\/users\/1"}],"replies":[{"embeddable":true,"href":"https:\/\/www.aspack.es\/news\/wp-json\/wp\/v2\/comments?post=695"}],"version-history":[{"count":1,"href":"https:\/\/www.aspack.es\/news\/wp-json\/wp\/v2\/posts\/695\/revisions"}],"predecessor-version":[{"id":698,"href":"https:\/\/www.aspack.es\/news\/wp-json\/wp\/v2\/posts\/695\/revisions\/698"}],"wp:featuredmedia":[{"embeddable":true,"href":"https:\/\/www.aspack.es\/news\/wp-json\/wp\/v2\/media\/696"}],"wp:attachment":[{"href":"https:\/\/www.aspack.es\/news\/wp-json\/wp\/v2\/media?parent=695"}],"wp:term":[{"taxonomy":"category","embeddable":true,"href":"https:\/\/www.aspack.es\/news\/wp-json\/wp\/v2\/categories?post=695"},{"taxonomy":"post_tag","embeddable":true,"href":"https:\/\/www.aspack.es\/news\/wp-json\/wp\/v2\/tags?post=695"}],"curies":[{"name":"wp","href":"https:\/\/api.w.org\/{rel}","templated":true}]}}