{"id":699,"date":"2018-06-25T12:59:39","date_gmt":"2018-06-25T12:59:39","guid":{"rendered":"http:\/\/www.aspack.es\/news\/?p=699"},"modified":"2018-07-02T04:39:57","modified_gmt":"2018-07-02T04:39:57","slug":"hp-inicia-su-serie-de-retratos-de-exito-con-alex-lopez-lopez-en-madrid","status":"publish","type":"post","link":"https:\/\/www.aspack.es\/news\/hp-inicia-su-serie-de-retratos-de-exito-con-alex-lopez-lopez-en-madrid\/","title":{"rendered":"HP inicia su serie de Retratos de \u00c9xito con \u00c1lex L\u00f3pez L\u00f3pez en Madrid"},"content":{"rendered":"<p>\u00bfC\u00f3mo podemos aprovechar las oportunidades que ofrecen las redes sociales para nuestra empresa o nuestra marca? Esta es la pregunta que se ha planteado en el primer encuentro <em>Retratos de \u00c9xito<\/em> organizado por HP el 19 de junio en el madrile\u00f1o Mercado de San Ildefonso. El encargado de responder a esta pregunta fue \u00c1lex L\u00f3pez L\u00f3pez, experto en social selling y profesor en IESE Business School, ISDI y ESADE.<\/p>\n<p>En un entorno cada vez m\u00e1s digital, donde ya nadie duda de que para cualquier empresa es imprescindible contar con una p\u00e1gina web adaptada para poder acceder a trav\u00e9s del tel\u00e9fono m\u00f3vil, las redes sociales siguen teniendo mucho potencial por descubrir. \u00c1lex L\u00f3pez L\u00f3pez empez\u00f3 a descubrirlo por casualidad, cuando cambi\u00f3 de trabajo y en plena crisis se dio cuenta de que las redes, y especialmente Linkedin, le permit\u00edan llegar a posibles clientes, conocerlos y conectar con ellos de forma mucho m\u00e1s efectiva que la tradicional puerta fr\u00eda o llamada telef\u00f3nica.<\/p>\n<p><a href=\"http:\/\/www.aspack.es\/news\/wp-content\/uploads\/2018\/06\/Retratos_de_Exito_Madrid-022.jpg\" rel=\"attachment wp-att-701\"><img loading=\"lazy\" decoding=\"async\" class=\"aligncenter size-large wp-image-701\" src=\"http:\/\/www.aspack.es\/news\/wp-content\/uploads\/2018\/06\/Retratos_de_Exito_Madrid-022-1024x683.jpg\" alt=\"Retratos_de_Exito_Madrid-022\" width=\"1020\" height=\"680\" srcset=\"https:\/\/www.aspack.es\/news\/wp-content\/uploads\/2018\/06\/Retratos_de_Exito_Madrid-022-1024x683.jpg 1024w, https:\/\/www.aspack.es\/news\/wp-content\/uploads\/2018\/06\/Retratos_de_Exito_Madrid-022-300x200.jpg 300w, https:\/\/www.aspack.es\/news\/wp-content\/uploads\/2018\/06\/Retratos_de_Exito_Madrid-022-768x512.jpg 768w, https:\/\/www.aspack.es\/news\/wp-content\/uploads\/2018\/06\/Retratos_de_Exito_Madrid-022-480x320.jpg 480w, https:\/\/www.aspack.es\/news\/wp-content\/uploads\/2018\/06\/Retratos_de_Exito_Madrid-022-750x500.jpg 750w\" sizes=\"auto, (max-width: 1020px) 100vw, 1020px\" \/><\/a><\/p>\n<p>A partir de entonces sigui\u00f3 investigando para sacar el m\u00e1ximo rendimiento a las redes sociales, con el foco puesto siempre en los resultados. \u201cLo importante de las redes sociales es la conversi\u00f3n. Tenemos que conseguir llevar tr\u00e1fico a nuestra web, donde ofrecemos nuestros servicios\u201d.<\/p>\n<p>El Inbound Marketing nos ayuda en este objetivo. Este tipo de marketing atrae a clientes potenciales gracias al contenido \u00fatil, que poco a poco consigue posicionar a una empresa como experta en una materia e incluso como generadora de tendencias. \u201cPara que te hagan caso tienes que aportar valor\u201d, explic\u00f3 \u00c1lex L\u00f3pez L\u00f3pez. \u201cLos usuarios nos ver\u00e1n primero en redes sociales, de ah\u00ed les mandaremos a nuestro blog, despu\u00e9s acceder\u00e1n a nuestra web y poco a poco se interesar\u00e1n por nuestro producto\u201d. Adem\u00e1s, la venta se est\u00e1 implantando cada vez m\u00e1s en las propias redes sociales. Instagram, Facebook o Pinterest permiten vender directamente a trav\u00e9s de su aplicaci\u00f3n, lo que simplifica el proceso.<\/p>\n<p>Pero, al igual que las empresas pueden vender a trav\u00e9s de internet y las redes sociales, los usuarios pueden opinar sobre los productos o servicios adquiridos. Las redes sociales dan visibilidad a los clientes, por lo que escucharlos y atenderlos es muy importante.<\/p>\n<p>Y, para cerrar el c\u00edrculo, esa visibilidad de los usuarios en las redes sociales permite tambi\u00e9n obtener gran cantidad de informaci\u00f3n sobre ellos. Facebook, Linkedin o Twitter no solo nos dicen el nombre y la foto de un usuario. Mediante las redes sociales podemos conocer sus gustos, en qu\u00e9 trabajan, d\u00f3nde viven, si tienen mascotas, d\u00f3nde van a ir de vacaciones, etc. Toda esta informaci\u00f3n que los usuarios colocan en sus redes permite segmentar y enfocarnos en grupos muy concretos. Linkedin, por ejemplo, permite ver la gente que trabaja en un \u00e1rea determinada, en una ciudad concreta y en una empresa en particular. \u201cEs el canal para encontrar informaci\u00f3n en tiempo real de cualquier empresa\u201d.<\/p>\n<p>Para finalizar su charla, \u00c1lex L\u00f3pez L\u00f3pez ofreci\u00f3 unos consejos para conseguir un buen rendimiento en Linkedin:<\/p>\n<ul>\n<li>Aceptar contactos aunque no los conozcamos personalmente. \u201cCuantos m\u00e1s contactos tengamos, en m\u00e1s b\u00fasquedas aparecemos\u201d.<\/li>\n<li>Ofrecer una buena primera impresi\u00f3n. Si al hacer un contacto directamente intentamos venderle algo, seguramente se pondr\u00e1 a la defensiva. \u201cNo se trata de vender a toda costa, hay que ir poco a poco\u201d.<\/li>\n<li>Crear confianza y ayudar a otros usuarios.<\/li>\n<li>Compartir contenido de valor. En cuanto a los formatos, los videos son los m\u00e1s atractivos, pero han de ser cortos. \u201cNunca de m\u00e1s de un minuto\u201d.<\/li>\n<li>Hay que ser constantes. Las redes sociales forman parte del trabajo diario.<\/li>\n<li>No todo vale en redes sociales. Los seguidores y los likes se pueden comprar. Lo importante es generar engagement y conversiones.<\/li>\n<li>Implicar a los empleados de la empresa porque pueden ser los mejores embajadores de la marca. No basta con tener un community manager que publique informaci\u00f3n de una empresa. Lo ideal es que los empleados ayuden a difundir ese contenido.<\/li>\n<\/ul>\n","protected":false},"excerpt":{"rendered":"<p>\u00bfC\u00f3mo podemos aprovechar las oportunidades que ofrecen las redes sociales para nuestra empresa o nuestra marca? Esta es la pregunta que se ha planteado en el primer encuentro Retratos de \u00c9xito organizado por HP el 19 de junio en el madrile\u00f1o Mercado de San Ildefonso. El encargado de responder a esta pregunta fue \u00c1lex L\u00f3pez&hellip;<\/p>\n","protected":false},"author":1,"featured_media":700,"comment_status":"open","ping_status":"open","sticky":false,"template":"","format":"standard","meta":{"footnotes":""},"categories":[18,17,19],"tags":[],"class_list":["post-699","post","type-post","status-publish","format-standard","has-post-thumbnail","hentry","category-asociados","category-el-sector","category-eventos"],"yoast_head":"<!-- This site is optimized with the Yoast SEO plugin v25.9 - https:\/\/yoast.com\/wordpress\/plugins\/seo\/ -->\n<title>HP inicia su serie de Retratos de \u00c9xito con \u00c1lex L\u00f3pez L\u00f3pez en Madrid - ASPACK NEWS<\/title>\n<meta name=\"robots\" content=\"index, follow, max-snippet:-1, max-image-preview:large, max-video-preview:-1\" \/>\n<link rel=\"canonical\" href=\"http:\/\/www.aspack.es\/news\/hp-inicia-su-serie-de-retratos-de-exito-con-alex-lopez-lopez-en-madrid\/\" \/>\n<meta property=\"og:locale\" content=\"es_ES\" \/>\n<meta property=\"og:type\" content=\"article\" \/>\n<meta property=\"og:title\" content=\"HP inicia su serie de Retratos de \u00c9xito con \u00c1lex L\u00f3pez L\u00f3pez en Madrid - ASPACK NEWS\" \/>\n<meta property=\"og:description\" content=\"\u00bfC\u00f3mo podemos aprovechar las oportunidades que ofrecen las redes sociales para nuestra empresa o nuestra marca? Esta es la pregunta que se ha planteado en el primer encuentro Retratos de \u00c9xito organizado por HP el 19 de junio en el madrile\u00f1o Mercado de San Ildefonso. El encargado de responder a esta pregunta fue \u00c1lex L\u00f3pez&hellip;\" \/>\n<meta property=\"og:url\" content=\"http:\/\/www.aspack.es\/news\/hp-inicia-su-serie-de-retratos-de-exito-con-alex-lopez-lopez-en-madrid\/\" \/>\n<meta property=\"og:site_name\" content=\"ASPACK NEWS\" \/>\n<meta property=\"article:published_time\" content=\"2018-06-25T12:59:39+00:00\" \/>\n<meta property=\"article:modified_time\" content=\"2018-07-02T04:39:57+00:00\" \/>\n<meta property=\"og:image\" content=\"http:\/\/www.aspack.es\/news\/wp-content\/uploads\/2018\/06\/Retratos_de_Exito_Madrid-020.jpg\" \/>\n\t<meta property=\"og:image:width\" content=\"5760\" \/>\n\t<meta property=\"og:image:height\" content=\"3840\" \/>\n\t<meta property=\"og:image:type\" content=\"image\/jpeg\" \/>\n<meta name=\"author\" content=\"admin\" \/>\n<meta name=\"twitter:card\" content=\"summary_large_image\" \/>\n<meta name=\"twitter:label1\" content=\"Escrito por\" \/>\n\t<meta name=\"twitter:data1\" content=\"admin\" \/>\n\t<meta name=\"twitter:label2\" content=\"Tiempo de lectura\" \/>\n\t<meta name=\"twitter:data2\" content=\"3 minutos\" \/>\n<script type=\"application\/ld+json\" class=\"yoast-schema-graph\">{\"@context\":\"https:\/\/schema.org\",\"@graph\":[{\"@type\":\"WebPage\",\"@id\":\"http:\/\/www.aspack.es\/news\/hp-inicia-su-serie-de-retratos-de-exito-con-alex-lopez-lopez-en-madrid\/\",\"url\":\"http:\/\/www.aspack.es\/news\/hp-inicia-su-serie-de-retratos-de-exito-con-alex-lopez-lopez-en-madrid\/\",\"name\":\"HP inicia su serie de Retratos de \u00c9xito con \u00c1lex L\u00f3pez L\u00f3pez en Madrid - ASPACK NEWS\",\"isPartOf\":{\"@id\":\"http:\/\/www.aspack.es\/news\/#website\"},\"primaryImageOfPage\":{\"@id\":\"http:\/\/www.aspack.es\/news\/hp-inicia-su-serie-de-retratos-de-exito-con-alex-lopez-lopez-en-madrid\/#primaryimage\"},\"image\":{\"@id\":\"http:\/\/www.aspack.es\/news\/hp-inicia-su-serie-de-retratos-de-exito-con-alex-lopez-lopez-en-madrid\/#primaryimage\"},\"thumbnailUrl\":\"https:\/\/www.aspack.es\/news\/wp-content\/uploads\/2018\/06\/Retratos_de_Exito_Madrid-020.jpg\",\"datePublished\":\"2018-06-25T12:59:39+00:00\",\"dateModified\":\"2018-07-02T04:39:57+00:00\",\"author\":{\"@id\":\"http:\/\/www.aspack.es\/news\/#\/schema\/person\/0019098322836346476fc7dfdbd26d95\"},\"breadcrumb\":{\"@id\":\"http:\/\/www.aspack.es\/news\/hp-inicia-su-serie-de-retratos-de-exito-con-alex-lopez-lopez-en-madrid\/#breadcrumb\"},\"inLanguage\":\"es\",\"potentialAction\":[{\"@type\":\"ReadAction\",\"target\":[\"http:\/\/www.aspack.es\/news\/hp-inicia-su-serie-de-retratos-de-exito-con-alex-lopez-lopez-en-madrid\/\"]}]},{\"@type\":\"ImageObject\",\"inLanguage\":\"es\",\"@id\":\"http:\/\/www.aspack.es\/news\/hp-inicia-su-serie-de-retratos-de-exito-con-alex-lopez-lopez-en-madrid\/#primaryimage\",\"url\":\"https:\/\/www.aspack.es\/news\/wp-content\/uploads\/2018\/06\/Retratos_de_Exito_Madrid-020.jpg\",\"contentUrl\":\"https:\/\/www.aspack.es\/news\/wp-content\/uploads\/2018\/06\/Retratos_de_Exito_Madrid-020.jpg\",\"width\":5760,\"height\":3840},{\"@type\":\"BreadcrumbList\",\"@id\":\"http:\/\/www.aspack.es\/news\/hp-inicia-su-serie-de-retratos-de-exito-con-alex-lopez-lopez-en-madrid\/#breadcrumb\",\"itemListElement\":[{\"@type\":\"ListItem\",\"position\":1,\"name\":\"Portada\",\"item\":\"http:\/\/www.aspack.es\/news\/\"},{\"@type\":\"ListItem\",\"position\":2,\"name\":\"HP inicia su serie de Retratos de \u00c9xito con \u00c1lex L\u00f3pez L\u00f3pez en Madrid\"}]},{\"@type\":\"WebSite\",\"@id\":\"http:\/\/www.aspack.es\/news\/#website\",\"url\":\"http:\/\/www.aspack.es\/news\/\",\"name\":\"ASPACK NEWS\",\"description\":\"El peri?dico digital de los envases de cart?n\",\"potentialAction\":[{\"@type\":\"SearchAction\",\"target\":{\"@type\":\"EntryPoint\",\"urlTemplate\":\"http:\/\/www.aspack.es\/news\/?s={search_term_string}\"},\"query-input\":{\"@type\":\"PropertyValueSpecification\",\"valueRequired\":true,\"valueName\":\"search_term_string\"}}],\"inLanguage\":\"es\"},{\"@type\":\"Person\",\"@id\":\"http:\/\/www.aspack.es\/news\/#\/schema\/person\/0019098322836346476fc7dfdbd26d95\",\"name\":\"admin\",\"image\":{\"@type\":\"ImageObject\",\"inLanguage\":\"es\",\"@id\":\"http:\/\/www.aspack.es\/news\/#\/schema\/person\/image\/\",\"url\":\"https:\/\/secure.gravatar.com\/avatar\/6a6c60542c39a2d052b8b1e8c5145e669bf888b9b229b3da0e43092daac8a32e?s=96&d=mm&r=g\",\"contentUrl\":\"https:\/\/secure.gravatar.com\/avatar\/6a6c60542c39a2d052b8b1e8c5145e669bf888b9b229b3da0e43092daac8a32e?s=96&d=mm&r=g\",\"caption\":\"admin\"},\"url\":\"https:\/\/www.aspack.es\/news\/author\/admin\/\"}]}<\/script>\n<!-- \/ Yoast SEO plugin. -->","yoast_head_json":{"title":"HP inicia su serie de Retratos de \u00c9xito con \u00c1lex L\u00f3pez L\u00f3pez en Madrid - ASPACK NEWS","robots":{"index":"index","follow":"follow","max-snippet":"max-snippet:-1","max-image-preview":"max-image-preview:large","max-video-preview":"max-video-preview:-1"},"canonical":"http:\/\/www.aspack.es\/news\/hp-inicia-su-serie-de-retratos-de-exito-con-alex-lopez-lopez-en-madrid\/","og_locale":"es_ES","og_type":"article","og_title":"HP inicia su serie de Retratos de \u00c9xito con \u00c1lex L\u00f3pez L\u00f3pez en Madrid - ASPACK NEWS","og_description":"\u00bfC\u00f3mo podemos aprovechar las oportunidades que ofrecen las redes sociales para nuestra empresa o nuestra marca? Esta es la pregunta que se ha planteado en el primer encuentro Retratos de \u00c9xito organizado por HP el 19 de junio en el madrile\u00f1o Mercado de San Ildefonso. El encargado de responder a esta pregunta fue \u00c1lex L\u00f3pez&hellip;","og_url":"http:\/\/www.aspack.es\/news\/hp-inicia-su-serie-de-retratos-de-exito-con-alex-lopez-lopez-en-madrid\/","og_site_name":"ASPACK NEWS","article_published_time":"2018-06-25T12:59:39+00:00","article_modified_time":"2018-07-02T04:39:57+00:00","og_image":[{"width":5760,"height":3840,"url":"http:\/\/www.aspack.es\/news\/wp-content\/uploads\/2018\/06\/Retratos_de_Exito_Madrid-020.jpg","type":"image\/jpeg"}],"author":"admin","twitter_card":"summary_large_image","twitter_misc":{"Escrito por":"admin","Tiempo de lectura":"3 minutos"},"schema":{"@context":"https:\/\/schema.org","@graph":[{"@type":"WebPage","@id":"http:\/\/www.aspack.es\/news\/hp-inicia-su-serie-de-retratos-de-exito-con-alex-lopez-lopez-en-madrid\/","url":"http:\/\/www.aspack.es\/news\/hp-inicia-su-serie-de-retratos-de-exito-con-alex-lopez-lopez-en-madrid\/","name":"HP inicia su serie de Retratos de \u00c9xito con \u00c1lex L\u00f3pez L\u00f3pez en Madrid - ASPACK NEWS","isPartOf":{"@id":"http:\/\/www.aspack.es\/news\/#website"},"primaryImageOfPage":{"@id":"http:\/\/www.aspack.es\/news\/hp-inicia-su-serie-de-retratos-de-exito-con-alex-lopez-lopez-en-madrid\/#primaryimage"},"image":{"@id":"http:\/\/www.aspack.es\/news\/hp-inicia-su-serie-de-retratos-de-exito-con-alex-lopez-lopez-en-madrid\/#primaryimage"},"thumbnailUrl":"https:\/\/www.aspack.es\/news\/wp-content\/uploads\/2018\/06\/Retratos_de_Exito_Madrid-020.jpg","datePublished":"2018-06-25T12:59:39+00:00","dateModified":"2018-07-02T04:39:57+00:00","author":{"@id":"http:\/\/www.aspack.es\/news\/#\/schema\/person\/0019098322836346476fc7dfdbd26d95"},"breadcrumb":{"@id":"http:\/\/www.aspack.es\/news\/hp-inicia-su-serie-de-retratos-de-exito-con-alex-lopez-lopez-en-madrid\/#breadcrumb"},"inLanguage":"es","potentialAction":[{"@type":"ReadAction","target":["http:\/\/www.aspack.es\/news\/hp-inicia-su-serie-de-retratos-de-exito-con-alex-lopez-lopez-en-madrid\/"]}]},{"@type":"ImageObject","inLanguage":"es","@id":"http:\/\/www.aspack.es\/news\/hp-inicia-su-serie-de-retratos-de-exito-con-alex-lopez-lopez-en-madrid\/#primaryimage","url":"https:\/\/www.aspack.es\/news\/wp-content\/uploads\/2018\/06\/Retratos_de_Exito_Madrid-020.jpg","contentUrl":"https:\/\/www.aspack.es\/news\/wp-content\/uploads\/2018\/06\/Retratos_de_Exito_Madrid-020.jpg","width":5760,"height":3840},{"@type":"BreadcrumbList","@id":"http:\/\/www.aspack.es\/news\/hp-inicia-su-serie-de-retratos-de-exito-con-alex-lopez-lopez-en-madrid\/#breadcrumb","itemListElement":[{"@type":"ListItem","position":1,"name":"Portada","item":"http:\/\/www.aspack.es\/news\/"},{"@type":"ListItem","position":2,"name":"HP inicia su serie de Retratos de \u00c9xito con \u00c1lex L\u00f3pez L\u00f3pez en Madrid"}]},{"@type":"WebSite","@id":"http:\/\/www.aspack.es\/news\/#website","url":"http:\/\/www.aspack.es\/news\/","name":"ASPACK NEWS","description":"El peri?dico digital de los envases de cart?n","potentialAction":[{"@type":"SearchAction","target":{"@type":"EntryPoint","urlTemplate":"http:\/\/www.aspack.es\/news\/?s={search_term_string}"},"query-input":{"@type":"PropertyValueSpecification","valueRequired":true,"valueName":"search_term_string"}}],"inLanguage":"es"},{"@type":"Person","@id":"http:\/\/www.aspack.es\/news\/#\/schema\/person\/0019098322836346476fc7dfdbd26d95","name":"admin","image":{"@type":"ImageObject","inLanguage":"es","@id":"http:\/\/www.aspack.es\/news\/#\/schema\/person\/image\/","url":"https:\/\/secure.gravatar.com\/avatar\/6a6c60542c39a2d052b8b1e8c5145e669bf888b9b229b3da0e43092daac8a32e?s=96&d=mm&r=g","contentUrl":"https:\/\/secure.gravatar.com\/avatar\/6a6c60542c39a2d052b8b1e8c5145e669bf888b9b229b3da0e43092daac8a32e?s=96&d=mm&r=g","caption":"admin"},"url":"https:\/\/www.aspack.es\/news\/author\/admin\/"}]}},"_links":{"self":[{"href":"https:\/\/www.aspack.es\/news\/wp-json\/wp\/v2\/posts\/699","targetHints":{"allow":["GET"]}}],"collection":[{"href":"https:\/\/www.aspack.es\/news\/wp-json\/wp\/v2\/posts"}],"about":[{"href":"https:\/\/www.aspack.es\/news\/wp-json\/wp\/v2\/types\/post"}],"author":[{"embeddable":true,"href":"https:\/\/www.aspack.es\/news\/wp-json\/wp\/v2\/users\/1"}],"replies":[{"embeddable":true,"href":"https:\/\/www.aspack.es\/news\/wp-json\/wp\/v2\/comments?post=699"}],"version-history":[{"count":1,"href":"https:\/\/www.aspack.es\/news\/wp-json\/wp\/v2\/posts\/699\/revisions"}],"predecessor-version":[{"id":702,"href":"https:\/\/www.aspack.es\/news\/wp-json\/wp\/v2\/posts\/699\/revisions\/702"}],"wp:featuredmedia":[{"embeddable":true,"href":"https:\/\/www.aspack.es\/news\/wp-json\/wp\/v2\/media\/700"}],"wp:attachment":[{"href":"https:\/\/www.aspack.es\/news\/wp-json\/wp\/v2\/media?parent=699"}],"wp:term":[{"taxonomy":"category","embeddable":true,"href":"https:\/\/www.aspack.es\/news\/wp-json\/wp\/v2\/categories?post=699"},{"taxonomy":"post_tag","embeddable":true,"href":"https:\/\/www.aspack.es\/news\/wp-json\/wp\/v2\/tags?post=699"}],"curies":[{"name":"wp","href":"https:\/\/api.w.org\/{rel}","templated":true}]}}