{"id":705,"date":"2018-07-02T04:35:43","date_gmt":"2018-07-02T04:35:43","guid":{"rendered":"http:\/\/www.aspack.es\/news\/?p=705"},"modified":"2018-09-08T16:13:38","modified_gmt":"2018-09-08T16:13:38","slug":"bolsas-de-papel-una-alternativa-que-se-afianza-con-el-real-decreto-de-reduccion-del-consumo-de-bolsas-de-plastico","status":"publish","type":"post","link":"https:\/\/www.aspack.es\/news\/bolsas-de-papel-una-alternativa-que-se-afianza-con-el-real-decreto-de-reduccion-del-consumo-de-bolsas-de-plastico\/","title":{"rendered":"Bolsas de papel: una alternativa que se afianza con el real decreto de reducci\u00f3n del consumo de bolsas de pl\u00e1stico"},"content":{"rendered":"<p>Desde el 1 de julio se aplica el Real Decreto de reducci\u00f3n del consumo de bolsas de pl\u00e1stico, que obliga a todos los comercios a cobrar a los clientes por las bolsas de este material. La norma responde a una directiva de la Uni\u00f3n Europea, pero tambi\u00e9n a la demanda creciente de los consumidores, que valoran cada vez m\u00e1s la sostenibilidad y el cuidado del medio ambiente.<\/p>\n<p>Aunque la aplicaci\u00f3n ha comenzado ahora, gran cantidad de establecimientos ya hab\u00edan empezado a cobrar por las bolsas de pl\u00e1stico dentro de una estrategia que pretend\u00eda reducir su consumo excesivo. Pero, a la vez, muchos supermercados han empezado a ofrecer una alternativa m\u00e1s ecol\u00f3gica: ofrecer bolsas de papel a los clientes. Con esta medida, adem\u00e1s, se adelantan a la prohibici\u00f3n definitiva de las bolsas de pl\u00e1stico ligeras que no sean compostables, que entrar\u00e1 en vigor a partir del 1 de enero de 2020.<\/p>\n<p><a href=\"http:\/\/www.aspack.es\/news\/wp-content\/uploads\/2018\/07\/bag-1230527_1920.jpg\" rel=\"attachment wp-att-707\"><img loading=\"lazy\" decoding=\"async\" class=\"aligncenter size-large wp-image-707\" src=\"http:\/\/www.aspack.es\/news\/wp-content\/uploads\/2018\/07\/bag-1230527_1920-1024x768.jpg\" alt=\"bag-1230527_1920\" width=\"1020\" height=\"765\" srcset=\"https:\/\/www.aspack.es\/news\/wp-content\/uploads\/2018\/07\/bag-1230527_1920-1024x768.jpg 1024w, https:\/\/www.aspack.es\/news\/wp-content\/uploads\/2018\/07\/bag-1230527_1920-300x225.jpg 300w, https:\/\/www.aspack.es\/news\/wp-content\/uploads\/2018\/07\/bag-1230527_1920-768x576.jpg 768w, https:\/\/www.aspack.es\/news\/wp-content\/uploads\/2018\/07\/bag-1230527_1920-480x360.jpg 480w, https:\/\/www.aspack.es\/news\/wp-content\/uploads\/2018\/07\/bag-1230527_1920-667x500.jpg 667w, https:\/\/www.aspack.es\/news\/wp-content\/uploads\/2018\/07\/bag-1230527_1920.jpg 1920w\" sizes=\"auto, (max-width: 1020px) 100vw, 1020px\" \/><\/a><\/p>\n<p>El papel y el cart\u00f3n son una alternativa de packaging sostenible, resistente, reciclable y biodegradable. Estas cualidades ofrecen ventajas sobre otros materiales, especialmente el pl\u00e1stico, que la industria debe aprovechar al m\u00e1ximo y que desde ASPACK queremos reforzar. Tanto es as\u00ed que estas ventajas del papel y el cart\u00f3n en materia de sostenibilidad van a ser uno de los temas que trataremos en el <a href=\"http:\/\/aspack.es\/congreso2018\/\" target=\"_blank\">IX Congreso de la asociaci\u00f3n<\/a> que se va a celebrar los d\u00edas 25 y 26 de octubre en Granada.<\/p>\n<p>De hecho, el Director General de ProCarton, Tony F. Hitchin, va a ofrecer la conferencia <em>Oportunidades de un verdadero envase sostenible: el cart\u00f3n frente al pl\u00e1stico<\/em>, en la que hablar\u00e1 de los avances en la econom\u00eda circular y la sostenibilidad y en la que plantear\u00e1 c\u00f3mo puede la industria utilizar sus oportunidades frente al pl\u00e1stico. En <a href=\"http:\/\/aspack.es\/congreso2018\/programa\/\" target=\"_blank\">este enlace<\/a> se puede consultar el programa completo del evento.<\/p>\n","protected":false},"excerpt":{"rendered":"<p>Desde el 1 de julio se aplica el Real Decreto de reducci\u00f3n del consumo de bolsas de pl\u00e1stico, que obliga a todos los comercios a cobrar a los clientes por las bolsas de este material. La norma responde a una directiva de la Uni\u00f3n Europea, pero tambi\u00e9n a la demanda creciente de los consumidores, que&hellip;<\/p>\n","protected":false},"author":1,"featured_media":725,"comment_status":"open","ping_status":"open","sticky":false,"template":"","format":"standard","meta":{"footnotes":""},"categories":[17,19],"tags":[],"class_list":["post-705","post","type-post","status-publish","format-standard","has-post-thumbnail","hentry","category-el-sector","category-eventos"],"yoast_head":"<!-- This site is optimized with the Yoast SEO plugin v25.9 - https:\/\/yoast.com\/wordpress\/plugins\/seo\/ -->\n<title>Bolsas de papel: una alternativa que se afianza con el real decreto de reducci\u00f3n del consumo de bolsas de pl\u00e1stico - ASPACK NEWS<\/title>\n<meta name=\"robots\" content=\"index, follow, max-snippet:-1, max-image-preview:large, max-video-preview:-1\" \/>\n<link rel=\"canonical\" href=\"https:\/\/www.aspack.es\/news\/bolsas-de-papel-una-alternativa-que-se-afianza-con-el-real-decreto-de-reduccion-del-consumo-de-bolsas-de-plastico\/\" \/>\n<meta property=\"og:locale\" content=\"es_ES\" \/>\n<meta property=\"og:type\" content=\"article\" \/>\n<meta property=\"og:title\" content=\"Bolsas de papel: una alternativa que se afianza con el real decreto de reducci\u00f3n del consumo de bolsas de pl\u00e1stico - ASPACK NEWS\" \/>\n<meta property=\"og:description\" content=\"Desde el 1 de julio se aplica el Real Decreto de reducci\u00f3n del consumo de bolsas de pl\u00e1stico, que obliga a todos los comercios a cobrar a los clientes por las bolsas de este material. La norma responde a una directiva de la Uni\u00f3n Europea, pero tambi\u00e9n a la demanda creciente de los consumidores, que&hellip;\" \/>\n<meta property=\"og:url\" content=\"https:\/\/www.aspack.es\/news\/bolsas-de-papel-una-alternativa-que-se-afianza-con-el-real-decreto-de-reduccion-del-consumo-de-bolsas-de-plastico\/\" \/>\n<meta property=\"og:site_name\" content=\"ASPACK NEWS\" \/>\n<meta property=\"article:published_time\" content=\"2018-07-02T04:35:43+00:00\" \/>\n<meta property=\"article:modified_time\" content=\"2018-09-08T16:13:38+00:00\" \/>\n<meta property=\"og:image\" content=\"https:\/\/www.aspack.es\/news\/wp-content\/uploads\/2018\/07\/bolsas-de-papelOK.jpg\" \/>\n\t<meta property=\"og:image:width\" content=\"1568\" \/>\n\t<meta property=\"og:image:height\" content=\"923\" \/>\n\t<meta property=\"og:image:type\" content=\"image\/jpeg\" \/>\n<meta name=\"author\" content=\"admin\" \/>\n<meta name=\"twitter:card\" content=\"summary_large_image\" \/>\n<meta name=\"twitter:label1\" content=\"Escrito por\" \/>\n\t<meta name=\"twitter:data1\" content=\"admin\" \/>\n\t<meta name=\"twitter:label2\" content=\"Tiempo de lectura\" \/>\n\t<meta name=\"twitter:data2\" content=\"2 minutos\" \/>\n<script type=\"application\/ld+json\" class=\"yoast-schema-graph\">{\"@context\":\"https:\/\/schema.org\",\"@graph\":[{\"@type\":\"WebPage\",\"@id\":\"https:\/\/www.aspack.es\/news\/bolsas-de-papel-una-alternativa-que-se-afianza-con-el-real-decreto-de-reduccion-del-consumo-de-bolsas-de-plastico\/\",\"url\":\"https:\/\/www.aspack.es\/news\/bolsas-de-papel-una-alternativa-que-se-afianza-con-el-real-decreto-de-reduccion-del-consumo-de-bolsas-de-plastico\/\",\"name\":\"Bolsas de papel: una alternativa que se afianza con el real decreto de reducci\u00f3n del consumo de bolsas de pl\u00e1stico - ASPACK NEWS\",\"isPartOf\":{\"@id\":\"http:\/\/www.aspack.es\/news\/#website\"},\"primaryImageOfPage\":{\"@id\":\"https:\/\/www.aspack.es\/news\/bolsas-de-papel-una-alternativa-que-se-afianza-con-el-real-decreto-de-reduccion-del-consumo-de-bolsas-de-plastico\/#primaryimage\"},\"image\":{\"@id\":\"https:\/\/www.aspack.es\/news\/bolsas-de-papel-una-alternativa-que-se-afianza-con-el-real-decreto-de-reduccion-del-consumo-de-bolsas-de-plastico\/#primaryimage\"},\"thumbnailUrl\":\"https:\/\/www.aspack.es\/news\/wp-content\/uploads\/2018\/07\/bolsas-de-papelOK.jpg\",\"datePublished\":\"2018-07-02T04:35:43+00:00\",\"dateModified\":\"2018-09-08T16:13:38+00:00\",\"author\":{\"@id\":\"http:\/\/www.aspack.es\/news\/#\/schema\/person\/0019098322836346476fc7dfdbd26d95\"},\"breadcrumb\":{\"@id\":\"https:\/\/www.aspack.es\/news\/bolsas-de-papel-una-alternativa-que-se-afianza-con-el-real-decreto-de-reduccion-del-consumo-de-bolsas-de-plastico\/#breadcrumb\"},\"inLanguage\":\"es\",\"potentialAction\":[{\"@type\":\"ReadAction\",\"target\":[\"https:\/\/www.aspack.es\/news\/bolsas-de-papel-una-alternativa-que-se-afianza-con-el-real-decreto-de-reduccion-del-consumo-de-bolsas-de-plastico\/\"]}]},{\"@type\":\"ImageObject\",\"inLanguage\":\"es\",\"@id\":\"https:\/\/www.aspack.es\/news\/bolsas-de-papel-una-alternativa-que-se-afianza-con-el-real-decreto-de-reduccion-del-consumo-de-bolsas-de-plastico\/#primaryimage\",\"url\":\"https:\/\/www.aspack.es\/news\/wp-content\/uploads\/2018\/07\/bolsas-de-papelOK.jpg\",\"contentUrl\":\"https:\/\/www.aspack.es\/news\/wp-content\/uploads\/2018\/07\/bolsas-de-papelOK.jpg\",\"width\":1568,\"height\":923},{\"@type\":\"BreadcrumbList\",\"@id\":\"https:\/\/www.aspack.es\/news\/bolsas-de-papel-una-alternativa-que-se-afianza-con-el-real-decreto-de-reduccion-del-consumo-de-bolsas-de-plastico\/#breadcrumb\",\"itemListElement\":[{\"@type\":\"ListItem\",\"position\":1,\"name\":\"Portada\",\"item\":\"http:\/\/www.aspack.es\/news\/\"},{\"@type\":\"ListItem\",\"position\":2,\"name\":\"Bolsas de papel: una alternativa que se afianza con el real decreto de reducci\u00f3n del consumo de bolsas de pl\u00e1stico\"}]},{\"@type\":\"WebSite\",\"@id\":\"http:\/\/www.aspack.es\/news\/#website\",\"url\":\"http:\/\/www.aspack.es\/news\/\",\"name\":\"ASPACK NEWS\",\"description\":\"El peri?dico digital de los envases de cart?n\",\"potentialAction\":[{\"@type\":\"SearchAction\",\"target\":{\"@type\":\"EntryPoint\",\"urlTemplate\":\"http:\/\/www.aspack.es\/news\/?s={search_term_string}\"},\"query-input\":{\"@type\":\"PropertyValueSpecification\",\"valueRequired\":true,\"valueName\":\"search_term_string\"}}],\"inLanguage\":\"es\"},{\"@type\":\"Person\",\"@id\":\"http:\/\/www.aspack.es\/news\/#\/schema\/person\/0019098322836346476fc7dfdbd26d95\",\"name\":\"admin\",\"image\":{\"@type\":\"ImageObject\",\"inLanguage\":\"es\",\"@id\":\"http:\/\/www.aspack.es\/news\/#\/schema\/person\/image\/\",\"url\":\"https:\/\/secure.gravatar.com\/avatar\/6a6c60542c39a2d052b8b1e8c5145e669bf888b9b229b3da0e43092daac8a32e?s=96&d=mm&r=g\",\"contentUrl\":\"https:\/\/secure.gravatar.com\/avatar\/6a6c60542c39a2d052b8b1e8c5145e669bf888b9b229b3da0e43092daac8a32e?s=96&d=mm&r=g\",\"caption\":\"admin\"},\"url\":\"https:\/\/www.aspack.es\/news\/author\/admin\/\"}]}<\/script>\n<!-- \/ Yoast SEO plugin. -->","yoast_head_json":{"title":"Bolsas de papel: una alternativa que se afianza con el real decreto de reducci\u00f3n del consumo de bolsas de pl\u00e1stico - ASPACK NEWS","robots":{"index":"index","follow":"follow","max-snippet":"max-snippet:-1","max-image-preview":"max-image-preview:large","max-video-preview":"max-video-preview:-1"},"canonical":"https:\/\/www.aspack.es\/news\/bolsas-de-papel-una-alternativa-que-se-afianza-con-el-real-decreto-de-reduccion-del-consumo-de-bolsas-de-plastico\/","og_locale":"es_ES","og_type":"article","og_title":"Bolsas de papel: una alternativa que se afianza con el real decreto de reducci\u00f3n del consumo de bolsas de pl\u00e1stico - ASPACK NEWS","og_description":"Desde el 1 de julio se aplica el Real Decreto de reducci\u00f3n del consumo de bolsas de pl\u00e1stico, que obliga a todos los comercios a cobrar a los clientes por las bolsas de este material. La norma responde a una directiva de la Uni\u00f3n Europea, pero tambi\u00e9n a la demanda creciente de los consumidores, que&hellip;","og_url":"https:\/\/www.aspack.es\/news\/bolsas-de-papel-una-alternativa-que-se-afianza-con-el-real-decreto-de-reduccion-del-consumo-de-bolsas-de-plastico\/","og_site_name":"ASPACK NEWS","article_published_time":"2018-07-02T04:35:43+00:00","article_modified_time":"2018-09-08T16:13:38+00:00","og_image":[{"width":1568,"height":923,"url":"https:\/\/www.aspack.es\/news\/wp-content\/uploads\/2018\/07\/bolsas-de-papelOK.jpg","type":"image\/jpeg"}],"author":"admin","twitter_card":"summary_large_image","twitter_misc":{"Escrito por":"admin","Tiempo de lectura":"2 minutos"},"schema":{"@context":"https:\/\/schema.org","@graph":[{"@type":"WebPage","@id":"https:\/\/www.aspack.es\/news\/bolsas-de-papel-una-alternativa-que-se-afianza-con-el-real-decreto-de-reduccion-del-consumo-de-bolsas-de-plastico\/","url":"https:\/\/www.aspack.es\/news\/bolsas-de-papel-una-alternativa-que-se-afianza-con-el-real-decreto-de-reduccion-del-consumo-de-bolsas-de-plastico\/","name":"Bolsas de papel: una alternativa que se afianza con el real decreto de reducci\u00f3n del consumo de bolsas de pl\u00e1stico - ASPACK NEWS","isPartOf":{"@id":"http:\/\/www.aspack.es\/news\/#website"},"primaryImageOfPage":{"@id":"https:\/\/www.aspack.es\/news\/bolsas-de-papel-una-alternativa-que-se-afianza-con-el-real-decreto-de-reduccion-del-consumo-de-bolsas-de-plastico\/#primaryimage"},"image":{"@id":"https:\/\/www.aspack.es\/news\/bolsas-de-papel-una-alternativa-que-se-afianza-con-el-real-decreto-de-reduccion-del-consumo-de-bolsas-de-plastico\/#primaryimage"},"thumbnailUrl":"https:\/\/www.aspack.es\/news\/wp-content\/uploads\/2018\/07\/bolsas-de-papelOK.jpg","datePublished":"2018-07-02T04:35:43+00:00","dateModified":"2018-09-08T16:13:38+00:00","author":{"@id":"http:\/\/www.aspack.es\/news\/#\/schema\/person\/0019098322836346476fc7dfdbd26d95"},"breadcrumb":{"@id":"https:\/\/www.aspack.es\/news\/bolsas-de-papel-una-alternativa-que-se-afianza-con-el-real-decreto-de-reduccion-del-consumo-de-bolsas-de-plastico\/#breadcrumb"},"inLanguage":"es","potentialAction":[{"@type":"ReadAction","target":["https:\/\/www.aspack.es\/news\/bolsas-de-papel-una-alternativa-que-se-afianza-con-el-real-decreto-de-reduccion-del-consumo-de-bolsas-de-plastico\/"]}]},{"@type":"ImageObject","inLanguage":"es","@id":"https:\/\/www.aspack.es\/news\/bolsas-de-papel-una-alternativa-que-se-afianza-con-el-real-decreto-de-reduccion-del-consumo-de-bolsas-de-plastico\/#primaryimage","url":"https:\/\/www.aspack.es\/news\/wp-content\/uploads\/2018\/07\/bolsas-de-papelOK.jpg","contentUrl":"https:\/\/www.aspack.es\/news\/wp-content\/uploads\/2018\/07\/bolsas-de-papelOK.jpg","width":1568,"height":923},{"@type":"BreadcrumbList","@id":"https:\/\/www.aspack.es\/news\/bolsas-de-papel-una-alternativa-que-se-afianza-con-el-real-decreto-de-reduccion-del-consumo-de-bolsas-de-plastico\/#breadcrumb","itemListElement":[{"@type":"ListItem","position":1,"name":"Portada","item":"http:\/\/www.aspack.es\/news\/"},{"@type":"ListItem","position":2,"name":"Bolsas de papel: una alternativa que se afianza con el real decreto de reducci\u00f3n del consumo de bolsas de pl\u00e1stico"}]},{"@type":"WebSite","@id":"http:\/\/www.aspack.es\/news\/#website","url":"http:\/\/www.aspack.es\/news\/","name":"ASPACK NEWS","description":"El peri?dico digital de los envases de cart?n","potentialAction":[{"@type":"SearchAction","target":{"@type":"EntryPoint","urlTemplate":"http:\/\/www.aspack.es\/news\/?s={search_term_string}"},"query-input":{"@type":"PropertyValueSpecification","valueRequired":true,"valueName":"search_term_string"}}],"inLanguage":"es"},{"@type":"Person","@id":"http:\/\/www.aspack.es\/news\/#\/schema\/person\/0019098322836346476fc7dfdbd26d95","name":"admin","image":{"@type":"ImageObject","inLanguage":"es","@id":"http:\/\/www.aspack.es\/news\/#\/schema\/person\/image\/","url":"https:\/\/secure.gravatar.com\/avatar\/6a6c60542c39a2d052b8b1e8c5145e669bf888b9b229b3da0e43092daac8a32e?s=96&d=mm&r=g","contentUrl":"https:\/\/secure.gravatar.com\/avatar\/6a6c60542c39a2d052b8b1e8c5145e669bf888b9b229b3da0e43092daac8a32e?s=96&d=mm&r=g","caption":"admin"},"url":"https:\/\/www.aspack.es\/news\/author\/admin\/"}]}},"_links":{"self":[{"href":"https:\/\/www.aspack.es\/news\/wp-json\/wp\/v2\/posts\/705","targetHints":{"allow":["GET"]}}],"collection":[{"href":"https:\/\/www.aspack.es\/news\/wp-json\/wp\/v2\/posts"}],"about":[{"href":"https:\/\/www.aspack.es\/news\/wp-json\/wp\/v2\/types\/post"}],"author":[{"embeddable":true,"href":"https:\/\/www.aspack.es\/news\/wp-json\/wp\/v2\/users\/1"}],"replies":[{"embeddable":true,"href":"https:\/\/www.aspack.es\/news\/wp-json\/wp\/v2\/comments?post=705"}],"version-history":[{"count":1,"href":"https:\/\/www.aspack.es\/news\/wp-json\/wp\/v2\/posts\/705\/revisions"}],"predecessor-version":[{"id":708,"href":"https:\/\/www.aspack.es\/news\/wp-json\/wp\/v2\/posts\/705\/revisions\/708"}],"wp:featuredmedia":[{"embeddable":true,"href":"https:\/\/www.aspack.es\/news\/wp-json\/wp\/v2\/media\/725"}],"wp:attachment":[{"href":"https:\/\/www.aspack.es\/news\/wp-json\/wp\/v2\/media?parent=705"}],"wp:term":[{"taxonomy":"category","embeddable":true,"href":"https:\/\/www.aspack.es\/news\/wp-json\/wp\/v2\/categories?post=705"},{"taxonomy":"post_tag","embeddable":true,"href":"https:\/\/www.aspack.es\/news\/wp-json\/wp\/v2\/tags?post=705"}],"curies":[{"name":"wp","href":"https:\/\/api.w.org\/{rel}","templated":true}]}}