{"id":735,"date":"2018-09-26T13:34:02","date_gmt":"2018-09-26T13:34:02","guid":{"rendered":"http:\/\/www.aspack.es\/news\/?p=735"},"modified":"2018-10-30T06:08:09","modified_gmt":"2018-10-30T06:08:09","slug":"aspack-celebra-sus-40-anos-construyendo-el-sector-del-envase-de-carton","status":"publish","type":"post","link":"https:\/\/www.aspack.es\/news\/aspack-celebra-sus-40-anos-construyendo-el-sector-del-envase-de-carton\/","title":{"rendered":"ASPACK celebra sus 40 a\u00f1os construyendo el sector del envase de cart\u00f3n"},"content":{"rendered":"<p>2018 est\u00e1 siendo un a\u00f1o muy especial para ASPACK. Apenas queda un mes para la celebraci\u00f3n de su noveno Congreso, que tendr\u00e1 lugar los d\u00edas 25 y 26 de octubre en Granada y en el que la asociaci\u00f3n conmemorar\u00e1 sus 40 a\u00f1os de historia. Un aniversario que ha estado presente en todas las actividades de la asociaci\u00f3n este a\u00f1o, pero que vamos a celebrar de manera especial durante el Congreso.<\/p>\n<p>La Asociaci\u00f3n se constituy\u00f3 en 1977 en Palma de Mallorca con la participaci\u00f3n de los empresarios del sector como Ricardo Vuscarr\u00faes Serra, Antonio Rubio Garc\u00e9s, Juan Folch Casanovas, Pedro Marqu\u00e9s Mascarell, Antonio Luis Reverter, Emilio Rakosnik Casas, Jos\u00e9 Cl\u00e9s Subarroca, Jos\u00e9 Prat Puig, Agust\u00edn Ribot Jimenez, Jos\u00e9 Navarro Miralles, Sebasti\u00e1n Portella Vilanova, Heliodoro Vidal Verd\u00fa, Jos\u00e9 Antonio Escrib\u00e1 Se\u00f1es, Ram\u00f3n Sim\u00f3n Garc\u00eda, Daniel Miralles Abad, Luis Juan Alba, Antonio P\u00e9rez Guillen, Jos\u00e9 M\u00aa F\u00e1brega Alemany y Auerelio Dies Latorre.<\/p>\n<p>Entonces no ten\u00eda el nombre de ASPACK, pero s\u00ed el esp\u00edritu de trabajo en com\u00fan y colaboraci\u00f3n para impulsar el sector del envase de cart\u00f3n. M\u00e1s adelante tom\u00f3 el nombre de Asociaci\u00f3n Espa\u00f1ola de Fabricantes de Envases, Embalajes y Transformados de Cart\u00f3n.<\/p>\n<p>A lo largo de estas cuatro d\u00e9cadas de historia han cambiado muchas cosas tanto en la asociaci\u00f3n como en la industria y se han producido grandes hitos en la historia de ASPACK. Entre ellos, la entrada en la asociaci\u00f3n europea ECMA como miembros de pleno derecho en 1983, lo que dio voz a ASPACK en Europa; el desarrollo del I Plan Agrupado de Formaci\u00f3n de ASPACK, en 1995; la organizaci\u00f3n del I Pabell\u00f3n Agrupado de ASPACK en el sal\u00f3n Emballage de Par\u00eds en 1996; el nombramiento de Pablo Serrano como secretario general de la asociaci\u00f3n en 1998; la celebraci\u00f3n del primer Congreso en 2001, que coincidi\u00f3 con el 25 aniversario de ASPACK; o el desarrollo del primer Plan Estrat\u00e9gico de la asociaci\u00f3n 2016-2019, del que haremos seguimiento en el Congreso de Granada.<\/p>\n<p>En la actualidad ASPACK cuenta con 50 asociados y 28 socios colaboradores. Alejandro Garc\u00eda es Presidente de la asociaci\u00f3n desde 2012 y el vicepresidente es Jos\u00e9 Ram\u00f3n Benito. La composici\u00f3n al completo de la Junta Directiva puede consultarse <a href=\"http:\/\/aspack.es\/la-asociacion\/quienes-somos\/junta-directiva\/\" target=\"_blank\">aqu\u00ed<\/a>.<\/p>\n<p>Desde su constituci\u00f3n, ASPACK ha buscado impulsar la colaboraci\u00f3n entre sus asociados y fomentar el networking; ofrecer informaci\u00f3n y formaci\u00f3n sobre el sector; representar los intereses de la industria; ser \u00fatil para sus miembros en un ambiente de transparencia y participaci\u00f3n y promover el uso del envase de cart\u00f3n.<\/p>\n<p>En este sentido, actualmente estamos en un momento crucial en el que el packaging de cart\u00f3n debe aprovechar sus ventajas en t\u00e9rminos de sostenibilidad frente a otros materiales. Otra de las tendencias del presente, y de la que en ASPACK estamos concienciando a nuestros asociados, es la importancia de la adecuaci\u00f3n a la industria 4.0 y al uso del envase de cart\u00f3n como herramienta de marketing y elemento diferenciador frente a la competencia.<\/p>\n<p>Todos estos temas van a tener su espacio en el noveno congreso de ASPACK que se celebrar\u00e1 en Granada. En <a href=\"http:\/\/aspack.es\/congreso2018\/\" target=\"_blank\">este enlace<\/a> pod\u00e9is ver m\u00e1s informaci\u00f3n sobre el evento y <a href=\"http:\/\/aspack.es\/congreso2018\/inscripcion\/\" target=\"_blank\">aqu\u00ed<\/a> pod\u00e9is formalizar la inscripci\u00f3n. Si quer\u00e9is haceros una idea de c\u00f3mo son los congresos de ASPACK, en este video recordamos el \u00faltimo, que tuvo lugar en San Sebasti\u00e1n.<\/p>\n<p><iframe loading=\"lazy\" src=\"https:\/\/www.youtube.com\/embed\/jpdn25WV8J0\" width=\"560\" height=\"315\" frameborder=\"0\" allowfullscreen=\"allowfullscreen\"><\/iframe><\/p>\n","protected":false},"excerpt":{"rendered":"<p>2018 est\u00e1 siendo un a\u00f1o muy especial para ASPACK. Apenas queda un mes para la celebraci\u00f3n de su noveno Congreso, que tendr\u00e1 lugar los d\u00edas 25 y 26 de octubre en Granada y en el que la asociaci\u00f3n conmemorar\u00e1 sus 40 a\u00f1os de historia. Un aniversario que ha estado presente en todas las actividades de&hellip;<\/p>\n","protected":false},"author":1,"featured_media":736,"comment_status":"open","ping_status":"open","sticky":false,"template":"","format":"standard","meta":{"footnotes":""},"categories":[18,17,19],"tags":[],"class_list":["post-735","post","type-post","status-publish","format-standard","has-post-thumbnail","hentry","category-asociados","category-el-sector","category-eventos"],"yoast_head":"<!-- This site is optimized with the Yoast SEO plugin v25.9 - https:\/\/yoast.com\/wordpress\/plugins\/seo\/ -->\n<title>ASPACK celebra sus 40 a\u00f1os construyendo el sector del envase de cart\u00f3n - ASPACK NEWS<\/title>\n<meta name=\"robots\" content=\"index, follow, max-snippet:-1, max-image-preview:large, max-video-preview:-1\" \/>\n<link rel=\"canonical\" href=\"https:\/\/www.aspack.es\/news\/aspack-celebra-sus-40-anos-construyendo-el-sector-del-envase-de-carton\/\" \/>\n<meta property=\"og:locale\" content=\"es_ES\" \/>\n<meta property=\"og:type\" content=\"article\" \/>\n<meta property=\"og:title\" content=\"ASPACK celebra sus 40 a\u00f1os construyendo el sector del envase de cart\u00f3n - ASPACK NEWS\" \/>\n<meta property=\"og:description\" content=\"2018 est\u00e1 siendo un a\u00f1o muy especial para ASPACK. Apenas queda un mes para la celebraci\u00f3n de su noveno Congreso, que tendr\u00e1 lugar los d\u00edas 25 y 26 de octubre en Granada y en el que la asociaci\u00f3n conmemorar\u00e1 sus 40 a\u00f1os de historia. Un aniversario que ha estado presente en todas las actividades de&hellip;\" \/>\n<meta property=\"og:url\" content=\"https:\/\/www.aspack.es\/news\/aspack-celebra-sus-40-anos-construyendo-el-sector-del-envase-de-carton\/\" \/>\n<meta property=\"og:site_name\" content=\"ASPACK NEWS\" \/>\n<meta property=\"article:published_time\" content=\"2018-09-26T13:34:02+00:00\" \/>\n<meta property=\"article:modified_time\" content=\"2018-10-30T06:08:09+00:00\" \/>\n<meta property=\"og:image\" content=\"https:\/\/www.aspack.es\/news\/wp-content\/uploads\/2018\/09\/IMG_7902.jpg\" \/>\n\t<meta property=\"og:image:width\" content=\"2000\" \/>\n\t<meta property=\"og:image:height\" content=\"1333\" \/>\n\t<meta property=\"og:image:type\" content=\"image\/jpeg\" \/>\n<meta name=\"author\" content=\"admin\" \/>\n<meta name=\"twitter:card\" content=\"summary_large_image\" \/>\n<meta name=\"twitter:label1\" content=\"Escrito por\" \/>\n\t<meta name=\"twitter:data1\" content=\"admin\" \/>\n\t<meta name=\"twitter:label2\" content=\"Tiempo de lectura\" \/>\n\t<meta name=\"twitter:data2\" content=\"3 minutos\" \/>\n<script type=\"application\/ld+json\" class=\"yoast-schema-graph\">{\"@context\":\"https:\/\/schema.org\",\"@graph\":[{\"@type\":\"WebPage\",\"@id\":\"https:\/\/www.aspack.es\/news\/aspack-celebra-sus-40-anos-construyendo-el-sector-del-envase-de-carton\/\",\"url\":\"https:\/\/www.aspack.es\/news\/aspack-celebra-sus-40-anos-construyendo-el-sector-del-envase-de-carton\/\",\"name\":\"ASPACK celebra sus 40 a\u00f1os construyendo el sector del envase de cart\u00f3n - ASPACK NEWS\",\"isPartOf\":{\"@id\":\"http:\/\/www.aspack.es\/news\/#website\"},\"primaryImageOfPage\":{\"@id\":\"https:\/\/www.aspack.es\/news\/aspack-celebra-sus-40-anos-construyendo-el-sector-del-envase-de-carton\/#primaryimage\"},\"image\":{\"@id\":\"https:\/\/www.aspack.es\/news\/aspack-celebra-sus-40-anos-construyendo-el-sector-del-envase-de-carton\/#primaryimage\"},\"thumbnailUrl\":\"https:\/\/www.aspack.es\/news\/wp-content\/uploads\/2018\/09\/IMG_7902.jpg\",\"datePublished\":\"2018-09-26T13:34:02+00:00\",\"dateModified\":\"2018-10-30T06:08:09+00:00\",\"author\":{\"@id\":\"http:\/\/www.aspack.es\/news\/#\/schema\/person\/0019098322836346476fc7dfdbd26d95\"},\"breadcrumb\":{\"@id\":\"https:\/\/www.aspack.es\/news\/aspack-celebra-sus-40-anos-construyendo-el-sector-del-envase-de-carton\/#breadcrumb\"},\"inLanguage\":\"es\",\"potentialAction\":[{\"@type\":\"ReadAction\",\"target\":[\"https:\/\/www.aspack.es\/news\/aspack-celebra-sus-40-anos-construyendo-el-sector-del-envase-de-carton\/\"]}]},{\"@type\":\"ImageObject\",\"inLanguage\":\"es\",\"@id\":\"https:\/\/www.aspack.es\/news\/aspack-celebra-sus-40-anos-construyendo-el-sector-del-envase-de-carton\/#primaryimage\",\"url\":\"https:\/\/www.aspack.es\/news\/wp-content\/uploads\/2018\/09\/IMG_7902.jpg\",\"contentUrl\":\"https:\/\/www.aspack.es\/news\/wp-content\/uploads\/2018\/09\/IMG_7902.jpg\",\"width\":2000,\"height\":1333},{\"@type\":\"BreadcrumbList\",\"@id\":\"https:\/\/www.aspack.es\/news\/aspack-celebra-sus-40-anos-construyendo-el-sector-del-envase-de-carton\/#breadcrumb\",\"itemListElement\":[{\"@type\":\"ListItem\",\"position\":1,\"name\":\"Portada\",\"item\":\"http:\/\/www.aspack.es\/news\/\"},{\"@type\":\"ListItem\",\"position\":2,\"name\":\"ASPACK celebra sus 40 a\u00f1os construyendo el sector del envase de cart\u00f3n\"}]},{\"@type\":\"WebSite\",\"@id\":\"http:\/\/www.aspack.es\/news\/#website\",\"url\":\"http:\/\/www.aspack.es\/news\/\",\"name\":\"ASPACK NEWS\",\"description\":\"El peri?dico digital de los envases de cart?n\",\"potentialAction\":[{\"@type\":\"SearchAction\",\"target\":{\"@type\":\"EntryPoint\",\"urlTemplate\":\"http:\/\/www.aspack.es\/news\/?s={search_term_string}\"},\"query-input\":{\"@type\":\"PropertyValueSpecification\",\"valueRequired\":true,\"valueName\":\"search_term_string\"}}],\"inLanguage\":\"es\"},{\"@type\":\"Person\",\"@id\":\"http:\/\/www.aspack.es\/news\/#\/schema\/person\/0019098322836346476fc7dfdbd26d95\",\"name\":\"admin\",\"image\":{\"@type\":\"ImageObject\",\"inLanguage\":\"es\",\"@id\":\"http:\/\/www.aspack.es\/news\/#\/schema\/person\/image\/\",\"url\":\"https:\/\/secure.gravatar.com\/avatar\/6a6c60542c39a2d052b8b1e8c5145e669bf888b9b229b3da0e43092daac8a32e?s=96&d=mm&r=g\",\"contentUrl\":\"https:\/\/secure.gravatar.com\/avatar\/6a6c60542c39a2d052b8b1e8c5145e669bf888b9b229b3da0e43092daac8a32e?s=96&d=mm&r=g\",\"caption\":\"admin\"},\"url\":\"https:\/\/www.aspack.es\/news\/author\/admin\/\"}]}<\/script>\n<!-- \/ Yoast SEO plugin. -->","yoast_head_json":{"title":"ASPACK celebra sus 40 a\u00f1os construyendo el sector del envase de cart\u00f3n - ASPACK NEWS","robots":{"index":"index","follow":"follow","max-snippet":"max-snippet:-1","max-image-preview":"max-image-preview:large","max-video-preview":"max-video-preview:-1"},"canonical":"https:\/\/www.aspack.es\/news\/aspack-celebra-sus-40-anos-construyendo-el-sector-del-envase-de-carton\/","og_locale":"es_ES","og_type":"article","og_title":"ASPACK celebra sus 40 a\u00f1os construyendo el sector del envase de cart\u00f3n - ASPACK NEWS","og_description":"2018 est\u00e1 siendo un a\u00f1o muy especial para ASPACK. Apenas queda un mes para la celebraci\u00f3n de su noveno Congreso, que tendr\u00e1 lugar los d\u00edas 25 y 26 de octubre en Granada y en el que la asociaci\u00f3n conmemorar\u00e1 sus 40 a\u00f1os de historia. Un aniversario que ha estado presente en todas las actividades de&hellip;","og_url":"https:\/\/www.aspack.es\/news\/aspack-celebra-sus-40-anos-construyendo-el-sector-del-envase-de-carton\/","og_site_name":"ASPACK NEWS","article_published_time":"2018-09-26T13:34:02+00:00","article_modified_time":"2018-10-30T06:08:09+00:00","og_image":[{"width":2000,"height":1333,"url":"https:\/\/www.aspack.es\/news\/wp-content\/uploads\/2018\/09\/IMG_7902.jpg","type":"image\/jpeg"}],"author":"admin","twitter_card":"summary_large_image","twitter_misc":{"Escrito por":"admin","Tiempo de lectura":"3 minutos"},"schema":{"@context":"https:\/\/schema.org","@graph":[{"@type":"WebPage","@id":"https:\/\/www.aspack.es\/news\/aspack-celebra-sus-40-anos-construyendo-el-sector-del-envase-de-carton\/","url":"https:\/\/www.aspack.es\/news\/aspack-celebra-sus-40-anos-construyendo-el-sector-del-envase-de-carton\/","name":"ASPACK celebra sus 40 a\u00f1os construyendo el sector del envase de cart\u00f3n - ASPACK NEWS","isPartOf":{"@id":"http:\/\/www.aspack.es\/news\/#website"},"primaryImageOfPage":{"@id":"https:\/\/www.aspack.es\/news\/aspack-celebra-sus-40-anos-construyendo-el-sector-del-envase-de-carton\/#primaryimage"},"image":{"@id":"https:\/\/www.aspack.es\/news\/aspack-celebra-sus-40-anos-construyendo-el-sector-del-envase-de-carton\/#primaryimage"},"thumbnailUrl":"https:\/\/www.aspack.es\/news\/wp-content\/uploads\/2018\/09\/IMG_7902.jpg","datePublished":"2018-09-26T13:34:02+00:00","dateModified":"2018-10-30T06:08:09+00:00","author":{"@id":"http:\/\/www.aspack.es\/news\/#\/schema\/person\/0019098322836346476fc7dfdbd26d95"},"breadcrumb":{"@id":"https:\/\/www.aspack.es\/news\/aspack-celebra-sus-40-anos-construyendo-el-sector-del-envase-de-carton\/#breadcrumb"},"inLanguage":"es","potentialAction":[{"@type":"ReadAction","target":["https:\/\/www.aspack.es\/news\/aspack-celebra-sus-40-anos-construyendo-el-sector-del-envase-de-carton\/"]}]},{"@type":"ImageObject","inLanguage":"es","@id":"https:\/\/www.aspack.es\/news\/aspack-celebra-sus-40-anos-construyendo-el-sector-del-envase-de-carton\/#primaryimage","url":"https:\/\/www.aspack.es\/news\/wp-content\/uploads\/2018\/09\/IMG_7902.jpg","contentUrl":"https:\/\/www.aspack.es\/news\/wp-content\/uploads\/2018\/09\/IMG_7902.jpg","width":2000,"height":1333},{"@type":"BreadcrumbList","@id":"https:\/\/www.aspack.es\/news\/aspack-celebra-sus-40-anos-construyendo-el-sector-del-envase-de-carton\/#breadcrumb","itemListElement":[{"@type":"ListItem","position":1,"name":"Portada","item":"http:\/\/www.aspack.es\/news\/"},{"@type":"ListItem","position":2,"name":"ASPACK celebra sus 40 a\u00f1os construyendo el sector del envase de cart\u00f3n"}]},{"@type":"WebSite","@id":"http:\/\/www.aspack.es\/news\/#website","url":"http:\/\/www.aspack.es\/news\/","name":"ASPACK NEWS","description":"El peri?dico digital de los envases de cart?n","potentialAction":[{"@type":"SearchAction","target":{"@type":"EntryPoint","urlTemplate":"http:\/\/www.aspack.es\/news\/?s={search_term_string}"},"query-input":{"@type":"PropertyValueSpecification","valueRequired":true,"valueName":"search_term_string"}}],"inLanguage":"es"},{"@type":"Person","@id":"http:\/\/www.aspack.es\/news\/#\/schema\/person\/0019098322836346476fc7dfdbd26d95","name":"admin","image":{"@type":"ImageObject","inLanguage":"es","@id":"http:\/\/www.aspack.es\/news\/#\/schema\/person\/image\/","url":"https:\/\/secure.gravatar.com\/avatar\/6a6c60542c39a2d052b8b1e8c5145e669bf888b9b229b3da0e43092daac8a32e?s=96&d=mm&r=g","contentUrl":"https:\/\/secure.gravatar.com\/avatar\/6a6c60542c39a2d052b8b1e8c5145e669bf888b9b229b3da0e43092daac8a32e?s=96&d=mm&r=g","caption":"admin"},"url":"https:\/\/www.aspack.es\/news\/author\/admin\/"}]}},"_links":{"self":[{"href":"https:\/\/www.aspack.es\/news\/wp-json\/wp\/v2\/posts\/735","targetHints":{"allow":["GET"]}}],"collection":[{"href":"https:\/\/www.aspack.es\/news\/wp-json\/wp\/v2\/posts"}],"about":[{"href":"https:\/\/www.aspack.es\/news\/wp-json\/wp\/v2\/types\/post"}],"author":[{"embeddable":true,"href":"https:\/\/www.aspack.es\/news\/wp-json\/wp\/v2\/users\/1"}],"replies":[{"embeddable":true,"href":"https:\/\/www.aspack.es\/news\/wp-json\/wp\/v2\/comments?post=735"}],"version-history":[{"count":1,"href":"https:\/\/www.aspack.es\/news\/wp-json\/wp\/v2\/posts\/735\/revisions"}],"predecessor-version":[{"id":737,"href":"https:\/\/www.aspack.es\/news\/wp-json\/wp\/v2\/posts\/735\/revisions\/737"}],"wp:featuredmedia":[{"embeddable":true,"href":"https:\/\/www.aspack.es\/news\/wp-json\/wp\/v2\/media\/736"}],"wp:attachment":[{"href":"https:\/\/www.aspack.es\/news\/wp-json\/wp\/v2\/media?parent=735"}],"wp:term":[{"taxonomy":"category","embeddable":true,"href":"https:\/\/www.aspack.es\/news\/wp-json\/wp\/v2\/categories?post=735"},{"taxonomy":"post_tag","embeddable":true,"href":"https:\/\/www.aspack.es\/news\/wp-json\/wp\/v2\/tags?post=735"}],"curies":[{"name":"wp","href":"https:\/\/api.w.org\/{rel}","templated":true}]}}