{"id":741,"date":"2018-09-23T06:23:33","date_gmt":"2018-09-23T06:23:33","guid":{"rendered":"http:\/\/www.aspack.es\/news\/?p=741"},"modified":"2018-10-30T06:08:26","modified_gmt":"2018-10-30T06:08:26","slug":"el-pack-de-seis-botellas-mini-de-moet-chandon-se-alza-con-el-premio-procarton-a-mejor-envase-del-ano","status":"publish","type":"post","link":"https:\/\/www.aspack.es\/news\/el-pack-de-seis-botellas-mini-de-moet-chandon-se-alza-con-el-premio-procarton-a-mejor-envase-del-ano\/","title":{"rendered":"El pack de seis botellas mini de Mo\u00ebt &#038; Chandon se alza con el premio ProCarton a mejor envase del a\u00f1o"},"content":{"rendered":"<p>Mo\u00ebt &amp; Chandon ha conseguido el premio de ProCarton a mejor envase del a\u00f1o gracias a su pack de seis mini botellas pensado para compartir momentos especiales con amigos.<\/p>\n<p>El pack est\u00e1 dise\u00f1ado para mantener las seis botellas perfectamente colocadas y protegidas. Adem\u00e1s, lleva incluida una pieza que permite crear un cartucho en el que poner hielos para mantener fr\u00edas las botellas.<\/p>\n<p>El jurado de los premios ProCart\u00f3n eligi\u00f3 por unanimidad este dise\u00f1o en el momento en que sus miembros abrieron la caja. La tira de apertura funciona bien y de manera limpia, pero lo que m\u00e1s gust\u00f3 al jurado fue el momento de levantar la tapa porque, en sus palabras, fue como abrir una caja con un tesoro dentro, por la manera de presentar el producto y por la forma en que la estructura de cart\u00f3n sujeta las botellas y las copas para tomar el champ\u00e1n.<\/p>\n<p>El jurado de esta edici\u00f3n ha comparado este pack con otros que han visto en ediciones pasadas y afirman que en este caso la estructura del envase de cart\u00f3n es mucho m\u00e1s compleja que en otros proyectos y el resultado el mejor.<\/p>\n<p>Los premios ProCarton se entregaron el 20 de septiembre en la gala del Congreso de ECMA que tuvo lugar en Riga, Letonia. Adem\u00e1s del premio a mejor envase del a\u00f1o, se entregaron premios en otras categor\u00edas. El listado completo de los ganadores puede verse <a href=\"https:\/\/www.procarton.com\/awards\/carton-excellence-award\/2018\/categories\/\" target=\"_blank\">aqu\u00ed<\/a>.<\/p>\n<p><strong>Premios ProCarton a los mejores Dise\u00f1adores J\u00f3venes<\/strong><\/p>\n<p>En la misma gala del Congeso de ECMA se entregaron tambi\u00e9n los premios a los Mejores Dise\u00f1adores J\u00f3venes. Cuatro dise\u00f1adores y sus tutores fueron galardonados en un concurso en el que han participado m\u00e1s de 400 proyectos de 50 escuelas de dise\u00f1o de 21 pa\u00edses.<\/p>\n<p>Las dise\u00f1adoras Desir\u00e9 Persson, Alva Nystr\u00f6m y Erika Svensson, procedentes de Suecia, ganaron el premio de <strong>Packaging Creativo de comida y bebida<\/strong> por su proyectos para envasar botellas de vodka Premium de 33 cl. Para el jurado, su idea de estructura para el envase ser\u00eda una de las soluciones m\u00e1s impactantes para este tipo de envases.<\/p>\n<p><a href=\"http:\/\/www.aspack.es\/news\/wp-content\/uploads\/2018\/10\/Disen\u0303o-joven-comida-y-bebida.jpg\" rel=\"attachment wp-att-743\"><img loading=\"lazy\" decoding=\"async\" class=\"aligncenter size-full wp-image-743\" src=\"http:\/\/www.aspack.es\/news\/wp-content\/uploads\/2018\/10\/Disen\u0303o-joven-comida-y-bebida.jpg\" alt=\"ProCarton Disen\u0303o joven. Comida y bebida\" width=\"600\" height=\"456\" srcset=\"https:\/\/www.aspack.es\/news\/wp-content\/uploads\/2018\/10\/Disen\u0303o-joven-comida-y-bebida.jpg 600w, https:\/\/www.aspack.es\/news\/wp-content\/uploads\/2018\/10\/Disen\u0303o-joven-comida-y-bebida-300x228.jpg 300w, https:\/\/www.aspack.es\/news\/wp-content\/uploads\/2018\/10\/Disen\u0303o-joven-comida-y-bebida-480x365.jpg 480w\" sizes=\"auto, (max-width: 600px) 100vw, 600px\" \/><\/a><\/p>\n<p>El premio de <strong>Packaging Creativo para productos que no sean comida y bebida<\/strong> ha sido para la tambi\u00e9n sueca Marie Falk, por su innovadora propuesta Save the trip, que ayuda a entretener a los m\u00e1s peque\u00f1os durante los viajes largos en coche e incluye snacks en su interior.<\/p>\n<p><a href=\"http:\/\/www.aspack.es\/news\/wp-content\/uploads\/2018\/10\/save-the-trip.jpg\" rel=\"attachment wp-att-744\"><img loading=\"lazy\" decoding=\"async\" class=\"aligncenter size-full wp-image-744\" src=\"http:\/\/www.aspack.es\/news\/wp-content\/uploads\/2018\/10\/save-the-trip.jpg\" alt=\"save the trip\" width=\"600\" height=\"600\" srcset=\"https:\/\/www.aspack.es\/news\/wp-content\/uploads\/2018\/10\/save-the-trip.jpg 600w, https:\/\/www.aspack.es\/news\/wp-content\/uploads\/2018\/10\/save-the-trip-150x150.jpg 150w, https:\/\/www.aspack.es\/news\/wp-content\/uploads\/2018\/10\/save-the-trip-300x300.jpg 300w, https:\/\/www.aspack.es\/news\/wp-content\/uploads\/2018\/10\/save-the-trip-480x480.jpg 480w, https:\/\/www.aspack.es\/news\/wp-content\/uploads\/2018\/10\/save-the-trip-500x500.jpg 500w\" sizes=\"auto, (max-width: 600px) 100vw, 600px\" \/><\/a><\/p>\n<p>El austriaco Alexander B\u00f6hringer se ha alzado con el premio de la categor\u00eda <strong>Salvar el Planeta<\/strong> con su dise\u00f1o de paquete SD Burst para tarjetas SD estandarizadas. El jurado ha considerado que es una idea bien pensada y cuidadosamente construida.<\/p>\n<p><a href=\"http:\/\/www.aspack.es\/news\/wp-content\/uploads\/2018\/10\/SD_Burst.jpg\" rel=\"attachment wp-att-745\"><img loading=\"lazy\" decoding=\"async\" class=\"aligncenter size-full wp-image-745\" src=\"http:\/\/www.aspack.es\/news\/wp-content\/uploads\/2018\/10\/SD_Burst.jpg\" alt=\"SD_Burst\" width=\"600\" height=\"400\" srcset=\"https:\/\/www.aspack.es\/news\/wp-content\/uploads\/2018\/10\/SD_Burst.jpg 600w, https:\/\/www.aspack.es\/news\/wp-content\/uploads\/2018\/10\/SD_Burst-300x200.jpg 300w, https:\/\/www.aspack.es\/news\/wp-content\/uploads\/2018\/10\/SD_Burst-480x320.jpg 480w\" sizes=\"auto, (max-width: 600px) 100vw, 600px\" \/><\/a><\/p>\n<p>Por \u00faltimo, el premio a la mejor <strong>Idea Creativa de cart\u00f3n<\/strong> lo ha ganado Christina Leurer, tambi\u00e9n austriaca, por su accesorio para el pelo Updo, que permite a los usuarios recrear peinados al fijar el broche con un palo de madera.<\/p>\n<p><a href=\"http:\/\/www.aspack.es\/news\/wp-content\/uploads\/2018\/10\/accesorio-pelo-OK.jpg\" rel=\"attachment wp-att-746\"><img loading=\"lazy\" decoding=\"async\" class=\"aligncenter size-full wp-image-746\" src=\"http:\/\/www.aspack.es\/news\/wp-content\/uploads\/2018\/10\/accesorio-pelo-OK.jpg\" alt=\"accesorio pelo \" width=\"600\" height=\"624\" srcset=\"https:\/\/www.aspack.es\/news\/wp-content\/uploads\/2018\/10\/accesorio-pelo-OK.jpg 600w, https:\/\/www.aspack.es\/news\/wp-content\/uploads\/2018\/10\/accesorio-pelo-OK-288x300.jpg 288w, https:\/\/www.aspack.es\/news\/wp-content\/uploads\/2018\/10\/accesorio-pelo-OK-480x499.jpg 480w, https:\/\/www.aspack.es\/news\/wp-content\/uploads\/2018\/10\/accesorio-pelo-OK-481x500.jpg 481w\" sizes=\"auto, (max-width: 600px) 100vw, 600px\" \/><\/a><\/p>\n<p>El premio para los ganadores es una visita a Mets\u00e4 Board Mill en Finlandia y una formaci\u00f3n pr\u00e1ctica en la productora de envases de cart\u00f3n Mayr-Melnhof Packaging International en Austria.<\/p>\n","protected":false},"excerpt":{"rendered":"<p>Mo\u00ebt &amp; Chandon ha conseguido el premio de ProCarton a mejor envase del a\u00f1o gracias a su pack de seis mini botellas pensado para compartir momentos especiales con amigos. El pack est\u00e1 dise\u00f1ado para mantener las seis botellas perfectamente colocadas y protegidas. Adem\u00e1s, lleva incluida una pieza que permite crear un cartucho en el que&hellip;<\/p>\n","protected":false},"author":1,"featured_media":742,"comment_status":"open","ping_status":"open","sticky":false,"template":"","format":"standard","meta":{"footnotes":""},"categories":[17,19],"tags":[],"class_list":["post-741","post","type-post","status-publish","format-standard","has-post-thumbnail","hentry","category-el-sector","category-eventos"],"yoast_head":"<!-- This site is optimized with the Yoast SEO plugin v25.9 - https:\/\/yoast.com\/wordpress\/plugins\/seo\/ -->\n<title>El pack de seis botellas mini de Mo\u00ebt &amp; Chandon se alza con el premio ProCarton a mejor envase del a\u00f1o - ASPACK NEWS<\/title>\n<meta name=\"robots\" content=\"index, follow, max-snippet:-1, max-image-preview:large, max-video-preview:-1\" \/>\n<link rel=\"canonical\" href=\"https:\/\/www.aspack.es\/news\/el-pack-de-seis-botellas-mini-de-moet-chandon-se-alza-con-el-premio-procarton-a-mejor-envase-del-ano\/\" \/>\n<meta property=\"og:locale\" content=\"es_ES\" \/>\n<meta property=\"og:type\" content=\"article\" \/>\n<meta property=\"og:title\" content=\"El pack de seis botellas mini de Mo\u00ebt &amp; Chandon se alza con el premio ProCarton a mejor envase del a\u00f1o - ASPACK NEWS\" \/>\n<meta property=\"og:description\" content=\"Mo\u00ebt &amp; Chandon ha conseguido el premio de ProCarton a mejor envase del a\u00f1o gracias a su pack de seis mini botellas pensado para compartir momentos especiales con amigos. El pack est\u00e1 dise\u00f1ado para mantener las seis botellas perfectamente colocadas y protegidas. Adem\u00e1s, lleva incluida una pieza que permite crear un cartucho en el que&hellip;\" \/>\n<meta property=\"og:url\" content=\"https:\/\/www.aspack.es\/news\/el-pack-de-seis-botellas-mini-de-moet-chandon-se-alza-con-el-premio-procarton-a-mejor-envase-del-ano\/\" \/>\n<meta property=\"og:site_name\" content=\"ASPACK NEWS\" \/>\n<meta property=\"article:published_time\" content=\"2018-09-23T06:23:33+00:00\" \/>\n<meta property=\"article:modified_time\" content=\"2018-10-30T06:08:26+00:00\" \/>\n<meta property=\"og:image\" content=\"https:\/\/www.aspack.es\/news\/wp-content\/uploads\/2018\/10\/Envase-Moet.jpg\" \/>\n\t<meta property=\"og:image:width\" content=\"2000\" \/>\n\t<meta property=\"og:image:height\" content=\"1333\" \/>\n\t<meta property=\"og:image:type\" content=\"image\/jpeg\" \/>\n<meta name=\"author\" content=\"admin\" \/>\n<meta name=\"twitter:card\" content=\"summary_large_image\" \/>\n<meta name=\"twitter:label1\" content=\"Escrito por\" \/>\n\t<meta name=\"twitter:data1\" content=\"admin\" \/>\n\t<meta name=\"twitter:label2\" content=\"Tiempo de lectura\" \/>\n\t<meta name=\"twitter:data2\" content=\"3 minutos\" \/>\n<script type=\"application\/ld+json\" class=\"yoast-schema-graph\">{\"@context\":\"https:\/\/schema.org\",\"@graph\":[{\"@type\":\"WebPage\",\"@id\":\"https:\/\/www.aspack.es\/news\/el-pack-de-seis-botellas-mini-de-moet-chandon-se-alza-con-el-premio-procarton-a-mejor-envase-del-ano\/\",\"url\":\"https:\/\/www.aspack.es\/news\/el-pack-de-seis-botellas-mini-de-moet-chandon-se-alza-con-el-premio-procarton-a-mejor-envase-del-ano\/\",\"name\":\"El pack de seis botellas mini de Mo\u00ebt & Chandon se alza con el premio ProCarton a mejor envase del a\u00f1o - ASPACK NEWS\",\"isPartOf\":{\"@id\":\"http:\/\/www.aspack.es\/news\/#website\"},\"primaryImageOfPage\":{\"@id\":\"https:\/\/www.aspack.es\/news\/el-pack-de-seis-botellas-mini-de-moet-chandon-se-alza-con-el-premio-procarton-a-mejor-envase-del-ano\/#primaryimage\"},\"image\":{\"@id\":\"https:\/\/www.aspack.es\/news\/el-pack-de-seis-botellas-mini-de-moet-chandon-se-alza-con-el-premio-procarton-a-mejor-envase-del-ano\/#primaryimage\"},\"thumbnailUrl\":\"https:\/\/www.aspack.es\/news\/wp-content\/uploads\/2018\/10\/Envase-Moet.jpg\",\"datePublished\":\"2018-09-23T06:23:33+00:00\",\"dateModified\":\"2018-10-30T06:08:26+00:00\",\"author\":{\"@id\":\"http:\/\/www.aspack.es\/news\/#\/schema\/person\/0019098322836346476fc7dfdbd26d95\"},\"breadcrumb\":{\"@id\":\"https:\/\/www.aspack.es\/news\/el-pack-de-seis-botellas-mini-de-moet-chandon-se-alza-con-el-premio-procarton-a-mejor-envase-del-ano\/#breadcrumb\"},\"inLanguage\":\"es\",\"potentialAction\":[{\"@type\":\"ReadAction\",\"target\":[\"https:\/\/www.aspack.es\/news\/el-pack-de-seis-botellas-mini-de-moet-chandon-se-alza-con-el-premio-procarton-a-mejor-envase-del-ano\/\"]}]},{\"@type\":\"ImageObject\",\"inLanguage\":\"es\",\"@id\":\"https:\/\/www.aspack.es\/news\/el-pack-de-seis-botellas-mini-de-moet-chandon-se-alza-con-el-premio-procarton-a-mejor-envase-del-ano\/#primaryimage\",\"url\":\"https:\/\/www.aspack.es\/news\/wp-content\/uploads\/2018\/10\/Envase-Moet.jpg\",\"contentUrl\":\"https:\/\/www.aspack.es\/news\/wp-content\/uploads\/2018\/10\/Envase-Moet.jpg\",\"width\":2000,\"height\":1333},{\"@type\":\"BreadcrumbList\",\"@id\":\"https:\/\/www.aspack.es\/news\/el-pack-de-seis-botellas-mini-de-moet-chandon-se-alza-con-el-premio-procarton-a-mejor-envase-del-ano\/#breadcrumb\",\"itemListElement\":[{\"@type\":\"ListItem\",\"position\":1,\"name\":\"Portada\",\"item\":\"http:\/\/www.aspack.es\/news\/\"},{\"@type\":\"ListItem\",\"position\":2,\"name\":\"El pack de seis botellas mini de Mo\u00ebt &#038; Chandon se alza con el premio ProCarton a mejor envase del a\u00f1o\"}]},{\"@type\":\"WebSite\",\"@id\":\"http:\/\/www.aspack.es\/news\/#website\",\"url\":\"http:\/\/www.aspack.es\/news\/\",\"name\":\"ASPACK NEWS\",\"description\":\"El peri?dico digital de los envases de cart?n\",\"potentialAction\":[{\"@type\":\"SearchAction\",\"target\":{\"@type\":\"EntryPoint\",\"urlTemplate\":\"http:\/\/www.aspack.es\/news\/?s={search_term_string}\"},\"query-input\":{\"@type\":\"PropertyValueSpecification\",\"valueRequired\":true,\"valueName\":\"search_term_string\"}}],\"inLanguage\":\"es\"},{\"@type\":\"Person\",\"@id\":\"http:\/\/www.aspack.es\/news\/#\/schema\/person\/0019098322836346476fc7dfdbd26d95\",\"name\":\"admin\",\"image\":{\"@type\":\"ImageObject\",\"inLanguage\":\"es\",\"@id\":\"http:\/\/www.aspack.es\/news\/#\/schema\/person\/image\/\",\"url\":\"https:\/\/secure.gravatar.com\/avatar\/6a6c60542c39a2d052b8b1e8c5145e669bf888b9b229b3da0e43092daac8a32e?s=96&d=mm&r=g\",\"contentUrl\":\"https:\/\/secure.gravatar.com\/avatar\/6a6c60542c39a2d052b8b1e8c5145e669bf888b9b229b3da0e43092daac8a32e?s=96&d=mm&r=g\",\"caption\":\"admin\"},\"url\":\"https:\/\/www.aspack.es\/news\/author\/admin\/\"}]}<\/script>\n<!-- \/ Yoast SEO plugin. -->","yoast_head_json":{"title":"El pack de seis botellas mini de Mo\u00ebt & Chandon se alza con el premio ProCarton a mejor envase del a\u00f1o - ASPACK NEWS","robots":{"index":"index","follow":"follow","max-snippet":"max-snippet:-1","max-image-preview":"max-image-preview:large","max-video-preview":"max-video-preview:-1"},"canonical":"https:\/\/www.aspack.es\/news\/el-pack-de-seis-botellas-mini-de-moet-chandon-se-alza-con-el-premio-procarton-a-mejor-envase-del-ano\/","og_locale":"es_ES","og_type":"article","og_title":"El pack de seis botellas mini de Mo\u00ebt & Chandon se alza con el premio ProCarton a mejor envase del a\u00f1o - ASPACK NEWS","og_description":"Mo\u00ebt &amp; Chandon ha conseguido el premio de ProCarton a mejor envase del a\u00f1o gracias a su pack de seis mini botellas pensado para compartir momentos especiales con amigos. El pack est\u00e1 dise\u00f1ado para mantener las seis botellas perfectamente colocadas y protegidas. Adem\u00e1s, lleva incluida una pieza que permite crear un cartucho en el que&hellip;","og_url":"https:\/\/www.aspack.es\/news\/el-pack-de-seis-botellas-mini-de-moet-chandon-se-alza-con-el-premio-procarton-a-mejor-envase-del-ano\/","og_site_name":"ASPACK NEWS","article_published_time":"2018-09-23T06:23:33+00:00","article_modified_time":"2018-10-30T06:08:26+00:00","og_image":[{"width":2000,"height":1333,"url":"https:\/\/www.aspack.es\/news\/wp-content\/uploads\/2018\/10\/Envase-Moet.jpg","type":"image\/jpeg"}],"author":"admin","twitter_card":"summary_large_image","twitter_misc":{"Escrito por":"admin","Tiempo de lectura":"3 minutos"},"schema":{"@context":"https:\/\/schema.org","@graph":[{"@type":"WebPage","@id":"https:\/\/www.aspack.es\/news\/el-pack-de-seis-botellas-mini-de-moet-chandon-se-alza-con-el-premio-procarton-a-mejor-envase-del-ano\/","url":"https:\/\/www.aspack.es\/news\/el-pack-de-seis-botellas-mini-de-moet-chandon-se-alza-con-el-premio-procarton-a-mejor-envase-del-ano\/","name":"El pack de seis botellas mini de Mo\u00ebt & Chandon se alza con el premio ProCarton a mejor envase del a\u00f1o - ASPACK NEWS","isPartOf":{"@id":"http:\/\/www.aspack.es\/news\/#website"},"primaryImageOfPage":{"@id":"https:\/\/www.aspack.es\/news\/el-pack-de-seis-botellas-mini-de-moet-chandon-se-alza-con-el-premio-procarton-a-mejor-envase-del-ano\/#primaryimage"},"image":{"@id":"https:\/\/www.aspack.es\/news\/el-pack-de-seis-botellas-mini-de-moet-chandon-se-alza-con-el-premio-procarton-a-mejor-envase-del-ano\/#primaryimage"},"thumbnailUrl":"https:\/\/www.aspack.es\/news\/wp-content\/uploads\/2018\/10\/Envase-Moet.jpg","datePublished":"2018-09-23T06:23:33+00:00","dateModified":"2018-10-30T06:08:26+00:00","author":{"@id":"http:\/\/www.aspack.es\/news\/#\/schema\/person\/0019098322836346476fc7dfdbd26d95"},"breadcrumb":{"@id":"https:\/\/www.aspack.es\/news\/el-pack-de-seis-botellas-mini-de-moet-chandon-se-alza-con-el-premio-procarton-a-mejor-envase-del-ano\/#breadcrumb"},"inLanguage":"es","potentialAction":[{"@type":"ReadAction","target":["https:\/\/www.aspack.es\/news\/el-pack-de-seis-botellas-mini-de-moet-chandon-se-alza-con-el-premio-procarton-a-mejor-envase-del-ano\/"]}]},{"@type":"ImageObject","inLanguage":"es","@id":"https:\/\/www.aspack.es\/news\/el-pack-de-seis-botellas-mini-de-moet-chandon-se-alza-con-el-premio-procarton-a-mejor-envase-del-ano\/#primaryimage","url":"https:\/\/www.aspack.es\/news\/wp-content\/uploads\/2018\/10\/Envase-Moet.jpg","contentUrl":"https:\/\/www.aspack.es\/news\/wp-content\/uploads\/2018\/10\/Envase-Moet.jpg","width":2000,"height":1333},{"@type":"BreadcrumbList","@id":"https:\/\/www.aspack.es\/news\/el-pack-de-seis-botellas-mini-de-moet-chandon-se-alza-con-el-premio-procarton-a-mejor-envase-del-ano\/#breadcrumb","itemListElement":[{"@type":"ListItem","position":1,"name":"Portada","item":"http:\/\/www.aspack.es\/news\/"},{"@type":"ListItem","position":2,"name":"El pack de seis botellas mini de Mo\u00ebt &#038; Chandon se alza con el premio ProCarton a mejor envase del a\u00f1o"}]},{"@type":"WebSite","@id":"http:\/\/www.aspack.es\/news\/#website","url":"http:\/\/www.aspack.es\/news\/","name":"ASPACK NEWS","description":"El peri?dico digital de los envases de cart?n","potentialAction":[{"@type":"SearchAction","target":{"@type":"EntryPoint","urlTemplate":"http:\/\/www.aspack.es\/news\/?s={search_term_string}"},"query-input":{"@type":"PropertyValueSpecification","valueRequired":true,"valueName":"search_term_string"}}],"inLanguage":"es"},{"@type":"Person","@id":"http:\/\/www.aspack.es\/news\/#\/schema\/person\/0019098322836346476fc7dfdbd26d95","name":"admin","image":{"@type":"ImageObject","inLanguage":"es","@id":"http:\/\/www.aspack.es\/news\/#\/schema\/person\/image\/","url":"https:\/\/secure.gravatar.com\/avatar\/6a6c60542c39a2d052b8b1e8c5145e669bf888b9b229b3da0e43092daac8a32e?s=96&d=mm&r=g","contentUrl":"https:\/\/secure.gravatar.com\/avatar\/6a6c60542c39a2d052b8b1e8c5145e669bf888b9b229b3da0e43092daac8a32e?s=96&d=mm&r=g","caption":"admin"},"url":"https:\/\/www.aspack.es\/news\/author\/admin\/"}]}},"_links":{"self":[{"href":"https:\/\/www.aspack.es\/news\/wp-json\/wp\/v2\/posts\/741","targetHints":{"allow":["GET"]}}],"collection":[{"href":"https:\/\/www.aspack.es\/news\/wp-json\/wp\/v2\/posts"}],"about":[{"href":"https:\/\/www.aspack.es\/news\/wp-json\/wp\/v2\/types\/post"}],"author":[{"embeddable":true,"href":"https:\/\/www.aspack.es\/news\/wp-json\/wp\/v2\/users\/1"}],"replies":[{"embeddable":true,"href":"https:\/\/www.aspack.es\/news\/wp-json\/wp\/v2\/comments?post=741"}],"version-history":[{"count":1,"href":"https:\/\/www.aspack.es\/news\/wp-json\/wp\/v2\/posts\/741\/revisions"}],"predecessor-version":[{"id":747,"href":"https:\/\/www.aspack.es\/news\/wp-json\/wp\/v2\/posts\/741\/revisions\/747"}],"wp:featuredmedia":[{"embeddable":true,"href":"https:\/\/www.aspack.es\/news\/wp-json\/wp\/v2\/media\/742"}],"wp:attachment":[{"href":"https:\/\/www.aspack.es\/news\/wp-json\/wp\/v2\/media?parent=741"}],"wp:term":[{"taxonomy":"category","embeddable":true,"href":"https:\/\/www.aspack.es\/news\/wp-json\/wp\/v2\/categories?post=741"},{"taxonomy":"post_tag","embeddable":true,"href":"https:\/\/www.aspack.es\/news\/wp-json\/wp\/v2\/tags?post=741"}],"curies":[{"name":"wp","href":"https:\/\/api.w.org\/{rel}","templated":true}]}}