{"id":748,"date":"2018-09-25T07:04:30","date_gmt":"2018-09-25T07:04:30","guid":{"rendered":"http:\/\/www.aspack.es\/news\/?p=748"},"modified":"2018-10-30T06:08:16","modified_gmt":"2018-10-30T06:08:16","slug":"aspack-empieza-el-curso-con-un-nuevo-programa-de-formacion","status":"publish","type":"post","link":"https:\/\/www.aspack.es\/news\/aspack-empieza-el-curso-con-un-nuevo-programa-de-formacion\/","title":{"rendered":"Aspack empieza el curso con un nuevo programa de formaci\u00f3n"},"content":{"rendered":"<p>Despu\u00e9s de consultar con los asociados sobre sus necesidades en materia de formaci\u00f3n y de valorar distintas opciones, Aspack ha puesto en marcha dos cursos de formaci\u00f3n abiertos tanto a sus socios como a no asociados.<\/p>\n<p>De momento hemos dise\u00f1ado un curso de Sistemas de Gesti\u00f3n de Seguridad Alimentaria y otro de Eficacia en la Compra de Energ\u00eda, ambos presenciales.<\/p>\n<p>El primero consta de 32 horas lectivas y va a impartirse en Barcelona los d\u00edas 24 y 25 de octubre y 12 y 19 de noviembre. Se puede consultar m\u00e1s informaci\u00f3n y formalizar la inscripci\u00f3n <a href=\"http:\/\/aspack.es\/wp-content\/uploads\/Ficha-Curso-APPCC_sept_Barcelona.pdf\" target=\"_blank\">aqu\u00ed<\/a>.<\/p>\n<p>El curso de Eficacia en la Compra de Energ\u00eda se va a impartir en Barcelona el 9 de octubre. Se trata de una formaci\u00f3n de entre seis y ocho horas que se imparte en una jornada. La inscripci\u00f3n y la informaci\u00f3n sobre la sesi\u00f3n puede consultarse\u00a0en <a href=\"http:\/\/aspack.es\/wp-content\/uploads\/Ficha-Curso-Costes-Energia_Barcelona.pdf\" target=\"_blank\">este enlace<\/a>.<\/p>\n<p><strong>Pr\u00f3ximos cursos<\/strong><\/p>\n<p>En ASPACK estamos trabajando ya en pr\u00f3ximos cursos formativos. De momento hay otros dos en proceso de dise\u00f1o: uno de troquelado nivel medio y otro de packaging, dise\u00f1o estructural y de troqueles.<\/p>\n<p>La promoci\u00f3n y el apoyo a sus asociados en temas formativos est\u00e1 en la raz\u00f3n de ser de ASPACK. Por eso uno de los objetivos de la asociaci\u00f3n este a\u00f1o ha sido renovar su plan de formaci\u00f3n, creando un nuevo panel de cursos t\u00e9cnicos para el sector y actualizando el departamento de formaci\u00f3n.<\/p>\n","protected":false},"excerpt":{"rendered":"<p>Despu\u00e9s de consultar con los asociados sobre sus necesidades en materia de formaci\u00f3n y de valorar distintas opciones, Aspack ha puesto en marcha dos cursos de formaci\u00f3n abiertos tanto a sus socios como a no asociados. De momento hemos dise\u00f1ado un curso de Sistemas de Gesti\u00f3n de Seguridad Alimentaria y otro de Eficacia en la&hellip;<\/p>\n","protected":false},"author":1,"featured_media":749,"comment_status":"open","ping_status":"open","sticky":false,"template":"","format":"standard","meta":{"footnotes":""},"categories":[17],"tags":[],"class_list":["post-748","post","type-post","status-publish","format-standard","has-post-thumbnail","hentry","category-el-sector"],"yoast_head":"<!-- This site is optimized with the Yoast SEO plugin v25.9 - https:\/\/yoast.com\/wordpress\/plugins\/seo\/ -->\n<title>Aspack empieza el curso con un nuevo programa de formaci\u00f3n - ASPACK NEWS<\/title>\n<meta name=\"robots\" content=\"index, follow, max-snippet:-1, max-image-preview:large, max-video-preview:-1\" \/>\n<link rel=\"canonical\" href=\"https:\/\/www.aspack.es\/news\/aspack-empieza-el-curso-con-un-nuevo-programa-de-formacion\/\" \/>\n<meta property=\"og:locale\" content=\"es_ES\" \/>\n<meta property=\"og:type\" content=\"article\" \/>\n<meta property=\"og:title\" content=\"Aspack empieza el curso con un nuevo programa de formaci\u00f3n - ASPACK NEWS\" \/>\n<meta property=\"og:description\" content=\"Despu\u00e9s de consultar con los asociados sobre sus necesidades en materia de formaci\u00f3n y de valorar distintas opciones, Aspack ha puesto en marcha dos cursos de formaci\u00f3n abiertos tanto a sus socios como a no asociados. De momento hemos dise\u00f1ado un curso de Sistemas de Gesti\u00f3n de Seguridad Alimentaria y otro de Eficacia en la&hellip;\" \/>\n<meta property=\"og:url\" content=\"https:\/\/www.aspack.es\/news\/aspack-empieza-el-curso-con-un-nuevo-programa-de-formacion\/\" \/>\n<meta property=\"og:site_name\" content=\"ASPACK NEWS\" \/>\n<meta property=\"article:published_time\" content=\"2018-09-25T07:04:30+00:00\" \/>\n<meta property=\"article:modified_time\" content=\"2018-10-30T06:08:16+00:00\" \/>\n<meta property=\"og:image\" content=\"https:\/\/www.aspack.es\/news\/wp-content\/uploads\/2018\/10\/Formacion.jpg\" \/>\n\t<meta property=\"og:image:width\" content=\"1560\" \/>\n\t<meta property=\"og:image:height\" content=\"714\" \/>\n\t<meta property=\"og:image:type\" content=\"image\/jpeg\" \/>\n<meta name=\"author\" content=\"admin\" \/>\n<meta name=\"twitter:card\" content=\"summary_large_image\" \/>\n<meta name=\"twitter:label1\" content=\"Escrito por\" \/>\n\t<meta name=\"twitter:data1\" content=\"admin\" \/>\n\t<meta name=\"twitter:label2\" content=\"Tiempo de lectura\" \/>\n\t<meta name=\"twitter:data2\" content=\"1 minuto\" \/>\n<script type=\"application\/ld+json\" class=\"yoast-schema-graph\">{\"@context\":\"https:\/\/schema.org\",\"@graph\":[{\"@type\":\"WebPage\",\"@id\":\"https:\/\/www.aspack.es\/news\/aspack-empieza-el-curso-con-un-nuevo-programa-de-formacion\/\",\"url\":\"https:\/\/www.aspack.es\/news\/aspack-empieza-el-curso-con-un-nuevo-programa-de-formacion\/\",\"name\":\"Aspack empieza el curso con un nuevo programa de formaci\u00f3n - ASPACK NEWS\",\"isPartOf\":{\"@id\":\"http:\/\/www.aspack.es\/news\/#website\"},\"primaryImageOfPage\":{\"@id\":\"https:\/\/www.aspack.es\/news\/aspack-empieza-el-curso-con-un-nuevo-programa-de-formacion\/#primaryimage\"},\"image\":{\"@id\":\"https:\/\/www.aspack.es\/news\/aspack-empieza-el-curso-con-un-nuevo-programa-de-formacion\/#primaryimage\"},\"thumbnailUrl\":\"https:\/\/www.aspack.es\/news\/wp-content\/uploads\/2018\/10\/Formacion.jpg\",\"datePublished\":\"2018-09-25T07:04:30+00:00\",\"dateModified\":\"2018-10-30T06:08:16+00:00\",\"author\":{\"@id\":\"http:\/\/www.aspack.es\/news\/#\/schema\/person\/0019098322836346476fc7dfdbd26d95\"},\"breadcrumb\":{\"@id\":\"https:\/\/www.aspack.es\/news\/aspack-empieza-el-curso-con-un-nuevo-programa-de-formacion\/#breadcrumb\"},\"inLanguage\":\"es\",\"potentialAction\":[{\"@type\":\"ReadAction\",\"target\":[\"https:\/\/www.aspack.es\/news\/aspack-empieza-el-curso-con-un-nuevo-programa-de-formacion\/\"]}]},{\"@type\":\"ImageObject\",\"inLanguage\":\"es\",\"@id\":\"https:\/\/www.aspack.es\/news\/aspack-empieza-el-curso-con-un-nuevo-programa-de-formacion\/#primaryimage\",\"url\":\"https:\/\/www.aspack.es\/news\/wp-content\/uploads\/2018\/10\/Formacion.jpg\",\"contentUrl\":\"https:\/\/www.aspack.es\/news\/wp-content\/uploads\/2018\/10\/Formacion.jpg\",\"width\":1560,\"height\":714},{\"@type\":\"BreadcrumbList\",\"@id\":\"https:\/\/www.aspack.es\/news\/aspack-empieza-el-curso-con-un-nuevo-programa-de-formacion\/#breadcrumb\",\"itemListElement\":[{\"@type\":\"ListItem\",\"position\":1,\"name\":\"Portada\",\"item\":\"http:\/\/www.aspack.es\/news\/\"},{\"@type\":\"ListItem\",\"position\":2,\"name\":\"Aspack empieza el curso con un nuevo programa de formaci\u00f3n\"}]},{\"@type\":\"WebSite\",\"@id\":\"http:\/\/www.aspack.es\/news\/#website\",\"url\":\"http:\/\/www.aspack.es\/news\/\",\"name\":\"ASPACK NEWS\",\"description\":\"El peri?dico digital de los envases de cart?n\",\"potentialAction\":[{\"@type\":\"SearchAction\",\"target\":{\"@type\":\"EntryPoint\",\"urlTemplate\":\"http:\/\/www.aspack.es\/news\/?s={search_term_string}\"},\"query-input\":{\"@type\":\"PropertyValueSpecification\",\"valueRequired\":true,\"valueName\":\"search_term_string\"}}],\"inLanguage\":\"es\"},{\"@type\":\"Person\",\"@id\":\"http:\/\/www.aspack.es\/news\/#\/schema\/person\/0019098322836346476fc7dfdbd26d95\",\"name\":\"admin\",\"image\":{\"@type\":\"ImageObject\",\"inLanguage\":\"es\",\"@id\":\"http:\/\/www.aspack.es\/news\/#\/schema\/person\/image\/\",\"url\":\"https:\/\/secure.gravatar.com\/avatar\/6a6c60542c39a2d052b8b1e8c5145e669bf888b9b229b3da0e43092daac8a32e?s=96&d=mm&r=g\",\"contentUrl\":\"https:\/\/secure.gravatar.com\/avatar\/6a6c60542c39a2d052b8b1e8c5145e669bf888b9b229b3da0e43092daac8a32e?s=96&d=mm&r=g\",\"caption\":\"admin\"},\"url\":\"https:\/\/www.aspack.es\/news\/author\/admin\/\"}]}<\/script>\n<!-- \/ Yoast SEO plugin. -->","yoast_head_json":{"title":"Aspack empieza el curso con un nuevo programa de formaci\u00f3n - ASPACK NEWS","robots":{"index":"index","follow":"follow","max-snippet":"max-snippet:-1","max-image-preview":"max-image-preview:large","max-video-preview":"max-video-preview:-1"},"canonical":"https:\/\/www.aspack.es\/news\/aspack-empieza-el-curso-con-un-nuevo-programa-de-formacion\/","og_locale":"es_ES","og_type":"article","og_title":"Aspack empieza el curso con un nuevo programa de formaci\u00f3n - ASPACK NEWS","og_description":"Despu\u00e9s de consultar con los asociados sobre sus necesidades en materia de formaci\u00f3n y de valorar distintas opciones, Aspack ha puesto en marcha dos cursos de formaci\u00f3n abiertos tanto a sus socios como a no asociados. De momento hemos dise\u00f1ado un curso de Sistemas de Gesti\u00f3n de Seguridad Alimentaria y otro de Eficacia en la&hellip;","og_url":"https:\/\/www.aspack.es\/news\/aspack-empieza-el-curso-con-un-nuevo-programa-de-formacion\/","og_site_name":"ASPACK NEWS","article_published_time":"2018-09-25T07:04:30+00:00","article_modified_time":"2018-10-30T06:08:16+00:00","og_image":[{"width":1560,"height":714,"url":"https:\/\/www.aspack.es\/news\/wp-content\/uploads\/2018\/10\/Formacion.jpg","type":"image\/jpeg"}],"author":"admin","twitter_card":"summary_large_image","twitter_misc":{"Escrito por":"admin","Tiempo de lectura":"1 minuto"},"schema":{"@context":"https:\/\/schema.org","@graph":[{"@type":"WebPage","@id":"https:\/\/www.aspack.es\/news\/aspack-empieza-el-curso-con-un-nuevo-programa-de-formacion\/","url":"https:\/\/www.aspack.es\/news\/aspack-empieza-el-curso-con-un-nuevo-programa-de-formacion\/","name":"Aspack empieza el curso con un nuevo programa de formaci\u00f3n - ASPACK NEWS","isPartOf":{"@id":"http:\/\/www.aspack.es\/news\/#website"},"primaryImageOfPage":{"@id":"https:\/\/www.aspack.es\/news\/aspack-empieza-el-curso-con-un-nuevo-programa-de-formacion\/#primaryimage"},"image":{"@id":"https:\/\/www.aspack.es\/news\/aspack-empieza-el-curso-con-un-nuevo-programa-de-formacion\/#primaryimage"},"thumbnailUrl":"https:\/\/www.aspack.es\/news\/wp-content\/uploads\/2018\/10\/Formacion.jpg","datePublished":"2018-09-25T07:04:30+00:00","dateModified":"2018-10-30T06:08:16+00:00","author":{"@id":"http:\/\/www.aspack.es\/news\/#\/schema\/person\/0019098322836346476fc7dfdbd26d95"},"breadcrumb":{"@id":"https:\/\/www.aspack.es\/news\/aspack-empieza-el-curso-con-un-nuevo-programa-de-formacion\/#breadcrumb"},"inLanguage":"es","potentialAction":[{"@type":"ReadAction","target":["https:\/\/www.aspack.es\/news\/aspack-empieza-el-curso-con-un-nuevo-programa-de-formacion\/"]}]},{"@type":"ImageObject","inLanguage":"es","@id":"https:\/\/www.aspack.es\/news\/aspack-empieza-el-curso-con-un-nuevo-programa-de-formacion\/#primaryimage","url":"https:\/\/www.aspack.es\/news\/wp-content\/uploads\/2018\/10\/Formacion.jpg","contentUrl":"https:\/\/www.aspack.es\/news\/wp-content\/uploads\/2018\/10\/Formacion.jpg","width":1560,"height":714},{"@type":"BreadcrumbList","@id":"https:\/\/www.aspack.es\/news\/aspack-empieza-el-curso-con-un-nuevo-programa-de-formacion\/#breadcrumb","itemListElement":[{"@type":"ListItem","position":1,"name":"Portada","item":"http:\/\/www.aspack.es\/news\/"},{"@type":"ListItem","position":2,"name":"Aspack empieza el curso con un nuevo programa de formaci\u00f3n"}]},{"@type":"WebSite","@id":"http:\/\/www.aspack.es\/news\/#website","url":"http:\/\/www.aspack.es\/news\/","name":"ASPACK NEWS","description":"El peri?dico digital de los envases de cart?n","potentialAction":[{"@type":"SearchAction","target":{"@type":"EntryPoint","urlTemplate":"http:\/\/www.aspack.es\/news\/?s={search_term_string}"},"query-input":{"@type":"PropertyValueSpecification","valueRequired":true,"valueName":"search_term_string"}}],"inLanguage":"es"},{"@type":"Person","@id":"http:\/\/www.aspack.es\/news\/#\/schema\/person\/0019098322836346476fc7dfdbd26d95","name":"admin","image":{"@type":"ImageObject","inLanguage":"es","@id":"http:\/\/www.aspack.es\/news\/#\/schema\/person\/image\/","url":"https:\/\/secure.gravatar.com\/avatar\/6a6c60542c39a2d052b8b1e8c5145e669bf888b9b229b3da0e43092daac8a32e?s=96&d=mm&r=g","contentUrl":"https:\/\/secure.gravatar.com\/avatar\/6a6c60542c39a2d052b8b1e8c5145e669bf888b9b229b3da0e43092daac8a32e?s=96&d=mm&r=g","caption":"admin"},"url":"https:\/\/www.aspack.es\/news\/author\/admin\/"}]}},"_links":{"self":[{"href":"https:\/\/www.aspack.es\/news\/wp-json\/wp\/v2\/posts\/748","targetHints":{"allow":["GET"]}}],"collection":[{"href":"https:\/\/www.aspack.es\/news\/wp-json\/wp\/v2\/posts"}],"about":[{"href":"https:\/\/www.aspack.es\/news\/wp-json\/wp\/v2\/types\/post"}],"author":[{"embeddable":true,"href":"https:\/\/www.aspack.es\/news\/wp-json\/wp\/v2\/users\/1"}],"replies":[{"embeddable":true,"href":"https:\/\/www.aspack.es\/news\/wp-json\/wp\/v2\/comments?post=748"}],"version-history":[{"count":1,"href":"https:\/\/www.aspack.es\/news\/wp-json\/wp\/v2\/posts\/748\/revisions"}],"predecessor-version":[{"id":750,"href":"https:\/\/www.aspack.es\/news\/wp-json\/wp\/v2\/posts\/748\/revisions\/750"}],"wp:featuredmedia":[{"embeddable":true,"href":"https:\/\/www.aspack.es\/news\/wp-json\/wp\/v2\/media\/749"}],"wp:attachment":[{"href":"https:\/\/www.aspack.es\/news\/wp-json\/wp\/v2\/media?parent=748"}],"wp:term":[{"taxonomy":"category","embeddable":true,"href":"https:\/\/www.aspack.es\/news\/wp-json\/wp\/v2\/categories?post=748"},{"taxonomy":"post_tag","embeddable":true,"href":"https:\/\/www.aspack.es\/news\/wp-json\/wp\/v2\/tags?post=748"}],"curies":[{"name":"wp","href":"https:\/\/api.w.org\/{rel}","templated":true}]}}