{"id":778,"date":"2018-11-30T06:33:28","date_gmt":"2018-11-30T06:33:28","guid":{"rendered":"http:\/\/www.aspack.es\/news\/?p=778"},"modified":"2019-01-17T10:16:34","modified_gmt":"2019-01-17T10:16:34","slug":"aspack-vuelve-a-all4pack-paris-con-tres-de-sus-empresas-asociadas","status":"publish","type":"post","link":"https:\/\/www.aspack.es\/news\/aspack-vuelve-a-all4pack-paris-con-tres-de-sus-empresas-asociadas\/","title":{"rendered":"ASPACK vuelve a All4Pack Paris con tres de sus empresas asociadas"},"content":{"rendered":"<p>ASPACK, la Asociaci\u00f3n Espa\u00f1ola de Fabricantes de Envases de Cart\u00f3n, ha participado de nuevo en All4Pack Par\u00eds con tres empresas de la Asociaci\u00f3n: Cartonajes Mora, Eman-NDE y el Grupo Transpack.<\/p>\n<p>La asociaci\u00f3n se ha encargado de gestionar los tr\u00e1mites de inscripci\u00f3n en la feria de estas tres empresas, de buscar el mejor espacio a cada una de ellas, de gestionar la decoraci\u00f3n de sus stands, etc. El objetivo de ASPACK ha sido facilitar la participaci\u00f3n de las empresas en la feria para que ellas puedan centrarse \u00fanicamente en preparar a su personal para sacar el m\u00e1ximo provecho a loas cuatro d\u00edas que ha durado el evento, entre el 26 y el 29 de noviembre.<\/p>\n<p>Cartonajes Mora es una empresa establecida en el sector de las artes gr\u00e1ficas desde hace m\u00e1s de 50 a\u00f1os. Est\u00e1 especializada en el dise\u00f1o, impresi\u00f3n offset y manipulado de cajas, bandejas, displays, PLV, expositores\u2026 realizados en cart\u00f3n compacto, microcanal, minimicro, nanomicro y doble-doble. Su estrategia, afirman, se ha basado siempre en la mejora permanente mediante la inversi\u00f3n tanto en equipos de alta tecnolog\u00eda como en personal cualificado.<\/p>\n<p><a href=\"http:\/\/www.aspack.es\/news\/wp-content\/uploads\/2018\/11\/Montaje-Stands-All4Pack-OK.jpg\" rel=\"attachment wp-att-780\"><img loading=\"lazy\" decoding=\"async\" class=\"aligncenter size-large wp-image-780\" src=\"http:\/\/www.aspack.es\/news\/wp-content\/uploads\/2018\/11\/Montaje-Stands-All4Pack-OK-1024x259.jpg\" alt=\"Stands All4Pack Aspack\" width=\"1020\" height=\"258\" srcset=\"https:\/\/www.aspack.es\/news\/wp-content\/uploads\/2018\/11\/Montaje-Stands-All4Pack-OK-1024x259.jpg 1024w, https:\/\/www.aspack.es\/news\/wp-content\/uploads\/2018\/11\/Montaje-Stands-All4Pack-OK-300x76.jpg 300w, https:\/\/www.aspack.es\/news\/wp-content\/uploads\/2018\/11\/Montaje-Stands-All4Pack-OK-768x194.jpg 768w, https:\/\/www.aspack.es\/news\/wp-content\/uploads\/2018\/11\/Montaje-Stands-All4Pack-OK-480x122.jpg 480w, https:\/\/www.aspack.es\/news\/wp-content\/uploads\/2018\/11\/Montaje-Stands-All4Pack-OK-1975x500.jpg 1975w\" sizes=\"auto, (max-width: 1020px) 100vw, 1020px\" \/><\/a><\/p>\n<p>Eman es una empresa de packaging que lleva m\u00e1s de 30 a\u00f1os en el sector, una experiencia que les permite conocer la evoluci\u00f3n del mercado y las necesidades de los clientes para ofrecerles soluciones de envase, etiquetas, imagen e identificaci\u00f3n de sus productos. Las divisiones de packaging y etiquetas de Eman pertenecen al grupo Docuworld, que ofrece materiales duraderos y una amplia gama de acabados y adhesivos.<\/p>\n<p>Transpack es un grupo de empresas fabricantes de embalaje de cart\u00f3n fundado en 1993. Entre sus empresas se encuentra la planta francesa Le tube carton-Nedelec, en Lagny-sur-Marne (\u00cele-de-France), especialista en tubos de cart\u00f3n. Tambi\u00e9n fabrican cantoneras, mandriles, cart\u00f3n ondulado, separadores antideslizantes y embalaje alimentario en papel y cart\u00f3n.<\/p>\n<p>ASPACK anima siempre a sus asociados a participar en este tipo de eventos ya que suponen una gran oportunidad de ampliar horizontes y conseguir nuevos clientes en el mercado internacional, en este caso, el franc\u00e9s. En este sentido, All4Pack Par\u00eds es un gran escaparate: el 70 por ciento de sus expositores son fieles y, adem\u00e1s, es capaz de congregar un 50 por cinto de nuevos visitantes en cada edici\u00f3n. Este a\u00f1o la feria ha contado con 1.500 expositores, la mitad de ellas de fuera de Francia. Adem\u00e1s, el 90 por ciento de los expositores de All4Pack de otras ediciones asegura que los contactos de la feria representan un potencial de entre seis meses y un a\u00f1o de facturaci\u00f3n. Por \u00faltimo, el 47 por ciento afirma haber conseguido nuevos contactos en el evento.<\/p>\n","protected":false},"excerpt":{"rendered":"<p>ASPACK, la Asociaci\u00f3n Espa\u00f1ola de Fabricantes de Envases de Cart\u00f3n, ha participado de nuevo en All4Pack Par\u00eds con tres empresas de la Asociaci\u00f3n: Cartonajes Mora, Eman-NDE y el Grupo Transpack. La asociaci\u00f3n se ha encargado de gestionar los tr\u00e1mites de inscripci\u00f3n en la feria de estas tres empresas, de buscar el mejor espacio a cada&hellip;<\/p>\n","protected":false},"author":1,"featured_media":779,"comment_status":"open","ping_status":"open","sticky":false,"template":"","format":"standard","meta":{"footnotes":""},"categories":[18,17,19],"tags":[],"class_list":["post-778","post","type-post","status-publish","format-standard","has-post-thumbnail","hentry","category-asociados","category-el-sector","category-eventos"],"yoast_head":"<!-- This site is optimized with the Yoast SEO plugin v25.9 - https:\/\/yoast.com\/wordpress\/plugins\/seo\/ -->\n<title>ASPACK vuelve a All4Pack Paris con tres de sus empresas asociadas - ASPACK NEWS<\/title>\n<meta name=\"robots\" content=\"index, follow, max-snippet:-1, max-image-preview:large, max-video-preview:-1\" \/>\n<link rel=\"canonical\" href=\"https:\/\/www.aspack.es\/news\/aspack-vuelve-a-all4pack-paris-con-tres-de-sus-empresas-asociadas\/\" \/>\n<meta property=\"og:locale\" content=\"es_ES\" \/>\n<meta property=\"og:type\" content=\"article\" \/>\n<meta property=\"og:title\" content=\"ASPACK vuelve a All4Pack Paris con tres de sus empresas asociadas - ASPACK NEWS\" \/>\n<meta property=\"og:description\" content=\"ASPACK, la Asociaci\u00f3n Espa\u00f1ola de Fabricantes de Envases de Cart\u00f3n, ha participado de nuevo en All4Pack Par\u00eds con tres empresas de la Asociaci\u00f3n: Cartonajes Mora, Eman-NDE y el Grupo Transpack. La asociaci\u00f3n se ha encargado de gestionar los tr\u00e1mites de inscripci\u00f3n en la feria de estas tres empresas, de buscar el mejor espacio a cada&hellip;\" \/>\n<meta property=\"og:url\" content=\"https:\/\/www.aspack.es\/news\/aspack-vuelve-a-all4pack-paris-con-tres-de-sus-empresas-asociadas\/\" \/>\n<meta property=\"og:site_name\" content=\"ASPACK NEWS\" \/>\n<meta property=\"article:published_time\" content=\"2018-11-30T06:33:28+00:00\" \/>\n<meta property=\"article:modified_time\" content=\"2019-01-17T10:16:34+00:00\" \/>\n<meta property=\"og:image\" content=\"https:\/\/www.aspack.es\/news\/wp-content\/uploads\/2018\/11\/Logo-ALL4PACK.jpg\" \/>\n\t<meta property=\"og:image:width\" content=\"600\" \/>\n\t<meta property=\"og:image:height\" content=\"315\" \/>\n\t<meta property=\"og:image:type\" content=\"image\/jpeg\" \/>\n<meta name=\"author\" content=\"admin\" \/>\n<meta name=\"twitter:card\" content=\"summary_large_image\" \/>\n<meta name=\"twitter:label1\" content=\"Escrito por\" \/>\n\t<meta name=\"twitter:data1\" content=\"admin\" \/>\n\t<meta name=\"twitter:label2\" content=\"Tiempo de lectura\" \/>\n\t<meta name=\"twitter:data2\" content=\"2 minutos\" \/>\n<script type=\"application\/ld+json\" class=\"yoast-schema-graph\">{\"@context\":\"https:\/\/schema.org\",\"@graph\":[{\"@type\":\"WebPage\",\"@id\":\"https:\/\/www.aspack.es\/news\/aspack-vuelve-a-all4pack-paris-con-tres-de-sus-empresas-asociadas\/\",\"url\":\"https:\/\/www.aspack.es\/news\/aspack-vuelve-a-all4pack-paris-con-tres-de-sus-empresas-asociadas\/\",\"name\":\"ASPACK vuelve a All4Pack Paris con tres de sus empresas asociadas - ASPACK NEWS\",\"isPartOf\":{\"@id\":\"http:\/\/www.aspack.es\/news\/#website\"},\"primaryImageOfPage\":{\"@id\":\"https:\/\/www.aspack.es\/news\/aspack-vuelve-a-all4pack-paris-con-tres-de-sus-empresas-asociadas\/#primaryimage\"},\"image\":{\"@id\":\"https:\/\/www.aspack.es\/news\/aspack-vuelve-a-all4pack-paris-con-tres-de-sus-empresas-asociadas\/#primaryimage\"},\"thumbnailUrl\":\"https:\/\/www.aspack.es\/news\/wp-content\/uploads\/2018\/11\/Logo-ALL4PACK.jpg\",\"datePublished\":\"2018-11-30T06:33:28+00:00\",\"dateModified\":\"2019-01-17T10:16:34+00:00\",\"author\":{\"@id\":\"http:\/\/www.aspack.es\/news\/#\/schema\/person\/0019098322836346476fc7dfdbd26d95\"},\"breadcrumb\":{\"@id\":\"https:\/\/www.aspack.es\/news\/aspack-vuelve-a-all4pack-paris-con-tres-de-sus-empresas-asociadas\/#breadcrumb\"},\"inLanguage\":\"es\",\"potentialAction\":[{\"@type\":\"ReadAction\",\"target\":[\"https:\/\/www.aspack.es\/news\/aspack-vuelve-a-all4pack-paris-con-tres-de-sus-empresas-asociadas\/\"]}]},{\"@type\":\"ImageObject\",\"inLanguage\":\"es\",\"@id\":\"https:\/\/www.aspack.es\/news\/aspack-vuelve-a-all4pack-paris-con-tres-de-sus-empresas-asociadas\/#primaryimage\",\"url\":\"https:\/\/www.aspack.es\/news\/wp-content\/uploads\/2018\/11\/Logo-ALL4PACK.jpg\",\"contentUrl\":\"https:\/\/www.aspack.es\/news\/wp-content\/uploads\/2018\/11\/Logo-ALL4PACK.jpg\",\"width\":600,\"height\":315},{\"@type\":\"BreadcrumbList\",\"@id\":\"https:\/\/www.aspack.es\/news\/aspack-vuelve-a-all4pack-paris-con-tres-de-sus-empresas-asociadas\/#breadcrumb\",\"itemListElement\":[{\"@type\":\"ListItem\",\"position\":1,\"name\":\"Portada\",\"item\":\"http:\/\/www.aspack.es\/news\/\"},{\"@type\":\"ListItem\",\"position\":2,\"name\":\"ASPACK vuelve a All4Pack Paris con tres de sus empresas asociadas\"}]},{\"@type\":\"WebSite\",\"@id\":\"http:\/\/www.aspack.es\/news\/#website\",\"url\":\"http:\/\/www.aspack.es\/news\/\",\"name\":\"ASPACK NEWS\",\"description\":\"El peri?dico digital de los envases de cart?n\",\"potentialAction\":[{\"@type\":\"SearchAction\",\"target\":{\"@type\":\"EntryPoint\",\"urlTemplate\":\"http:\/\/www.aspack.es\/news\/?s={search_term_string}\"},\"query-input\":{\"@type\":\"PropertyValueSpecification\",\"valueRequired\":true,\"valueName\":\"search_term_string\"}}],\"inLanguage\":\"es\"},{\"@type\":\"Person\",\"@id\":\"http:\/\/www.aspack.es\/news\/#\/schema\/person\/0019098322836346476fc7dfdbd26d95\",\"name\":\"admin\",\"image\":{\"@type\":\"ImageObject\",\"inLanguage\":\"es\",\"@id\":\"http:\/\/www.aspack.es\/news\/#\/schema\/person\/image\/\",\"url\":\"https:\/\/secure.gravatar.com\/avatar\/6a6c60542c39a2d052b8b1e8c5145e669bf888b9b229b3da0e43092daac8a32e?s=96&d=mm&r=g\",\"contentUrl\":\"https:\/\/secure.gravatar.com\/avatar\/6a6c60542c39a2d052b8b1e8c5145e669bf888b9b229b3da0e43092daac8a32e?s=96&d=mm&r=g\",\"caption\":\"admin\"},\"url\":\"https:\/\/www.aspack.es\/news\/author\/admin\/\"}]}<\/script>\n<!-- \/ Yoast SEO plugin. -->","yoast_head_json":{"title":"ASPACK vuelve a All4Pack Paris con tres de sus empresas asociadas - ASPACK NEWS","robots":{"index":"index","follow":"follow","max-snippet":"max-snippet:-1","max-image-preview":"max-image-preview:large","max-video-preview":"max-video-preview:-1"},"canonical":"https:\/\/www.aspack.es\/news\/aspack-vuelve-a-all4pack-paris-con-tres-de-sus-empresas-asociadas\/","og_locale":"es_ES","og_type":"article","og_title":"ASPACK vuelve a All4Pack Paris con tres de sus empresas asociadas - ASPACK NEWS","og_description":"ASPACK, la Asociaci\u00f3n Espa\u00f1ola de Fabricantes de Envases de Cart\u00f3n, ha participado de nuevo en All4Pack Par\u00eds con tres empresas de la Asociaci\u00f3n: Cartonajes Mora, Eman-NDE y el Grupo Transpack. La asociaci\u00f3n se ha encargado de gestionar los tr\u00e1mites de inscripci\u00f3n en la feria de estas tres empresas, de buscar el mejor espacio a cada&hellip;","og_url":"https:\/\/www.aspack.es\/news\/aspack-vuelve-a-all4pack-paris-con-tres-de-sus-empresas-asociadas\/","og_site_name":"ASPACK NEWS","article_published_time":"2018-11-30T06:33:28+00:00","article_modified_time":"2019-01-17T10:16:34+00:00","og_image":[{"width":600,"height":315,"url":"https:\/\/www.aspack.es\/news\/wp-content\/uploads\/2018\/11\/Logo-ALL4PACK.jpg","type":"image\/jpeg"}],"author":"admin","twitter_card":"summary_large_image","twitter_misc":{"Escrito por":"admin","Tiempo de lectura":"2 minutos"},"schema":{"@context":"https:\/\/schema.org","@graph":[{"@type":"WebPage","@id":"https:\/\/www.aspack.es\/news\/aspack-vuelve-a-all4pack-paris-con-tres-de-sus-empresas-asociadas\/","url":"https:\/\/www.aspack.es\/news\/aspack-vuelve-a-all4pack-paris-con-tres-de-sus-empresas-asociadas\/","name":"ASPACK vuelve a All4Pack Paris con tres de sus empresas asociadas - ASPACK NEWS","isPartOf":{"@id":"http:\/\/www.aspack.es\/news\/#website"},"primaryImageOfPage":{"@id":"https:\/\/www.aspack.es\/news\/aspack-vuelve-a-all4pack-paris-con-tres-de-sus-empresas-asociadas\/#primaryimage"},"image":{"@id":"https:\/\/www.aspack.es\/news\/aspack-vuelve-a-all4pack-paris-con-tres-de-sus-empresas-asociadas\/#primaryimage"},"thumbnailUrl":"https:\/\/www.aspack.es\/news\/wp-content\/uploads\/2018\/11\/Logo-ALL4PACK.jpg","datePublished":"2018-11-30T06:33:28+00:00","dateModified":"2019-01-17T10:16:34+00:00","author":{"@id":"http:\/\/www.aspack.es\/news\/#\/schema\/person\/0019098322836346476fc7dfdbd26d95"},"breadcrumb":{"@id":"https:\/\/www.aspack.es\/news\/aspack-vuelve-a-all4pack-paris-con-tres-de-sus-empresas-asociadas\/#breadcrumb"},"inLanguage":"es","potentialAction":[{"@type":"ReadAction","target":["https:\/\/www.aspack.es\/news\/aspack-vuelve-a-all4pack-paris-con-tres-de-sus-empresas-asociadas\/"]}]},{"@type":"ImageObject","inLanguage":"es","@id":"https:\/\/www.aspack.es\/news\/aspack-vuelve-a-all4pack-paris-con-tres-de-sus-empresas-asociadas\/#primaryimage","url":"https:\/\/www.aspack.es\/news\/wp-content\/uploads\/2018\/11\/Logo-ALL4PACK.jpg","contentUrl":"https:\/\/www.aspack.es\/news\/wp-content\/uploads\/2018\/11\/Logo-ALL4PACK.jpg","width":600,"height":315},{"@type":"BreadcrumbList","@id":"https:\/\/www.aspack.es\/news\/aspack-vuelve-a-all4pack-paris-con-tres-de-sus-empresas-asociadas\/#breadcrumb","itemListElement":[{"@type":"ListItem","position":1,"name":"Portada","item":"http:\/\/www.aspack.es\/news\/"},{"@type":"ListItem","position":2,"name":"ASPACK vuelve a All4Pack Paris con tres de sus empresas asociadas"}]},{"@type":"WebSite","@id":"http:\/\/www.aspack.es\/news\/#website","url":"http:\/\/www.aspack.es\/news\/","name":"ASPACK NEWS","description":"El peri?dico digital de los envases de cart?n","potentialAction":[{"@type":"SearchAction","target":{"@type":"EntryPoint","urlTemplate":"http:\/\/www.aspack.es\/news\/?s={search_term_string}"},"query-input":{"@type":"PropertyValueSpecification","valueRequired":true,"valueName":"search_term_string"}}],"inLanguage":"es"},{"@type":"Person","@id":"http:\/\/www.aspack.es\/news\/#\/schema\/person\/0019098322836346476fc7dfdbd26d95","name":"admin","image":{"@type":"ImageObject","inLanguage":"es","@id":"http:\/\/www.aspack.es\/news\/#\/schema\/person\/image\/","url":"https:\/\/secure.gravatar.com\/avatar\/6a6c60542c39a2d052b8b1e8c5145e669bf888b9b229b3da0e43092daac8a32e?s=96&d=mm&r=g","contentUrl":"https:\/\/secure.gravatar.com\/avatar\/6a6c60542c39a2d052b8b1e8c5145e669bf888b9b229b3da0e43092daac8a32e?s=96&d=mm&r=g","caption":"admin"},"url":"https:\/\/www.aspack.es\/news\/author\/admin\/"}]}},"_links":{"self":[{"href":"https:\/\/www.aspack.es\/news\/wp-json\/wp\/v2\/posts\/778","targetHints":{"allow":["GET"]}}],"collection":[{"href":"https:\/\/www.aspack.es\/news\/wp-json\/wp\/v2\/posts"}],"about":[{"href":"https:\/\/www.aspack.es\/news\/wp-json\/wp\/v2\/types\/post"}],"author":[{"embeddable":true,"href":"https:\/\/www.aspack.es\/news\/wp-json\/wp\/v2\/users\/1"}],"replies":[{"embeddable":true,"href":"https:\/\/www.aspack.es\/news\/wp-json\/wp\/v2\/comments?post=778"}],"version-history":[{"count":1,"href":"https:\/\/www.aspack.es\/news\/wp-json\/wp\/v2\/posts\/778\/revisions"}],"predecessor-version":[{"id":781,"href":"https:\/\/www.aspack.es\/news\/wp-json\/wp\/v2\/posts\/778\/revisions\/781"}],"wp:featuredmedia":[{"embeddable":true,"href":"https:\/\/www.aspack.es\/news\/wp-json\/wp\/v2\/media\/779"}],"wp:attachment":[{"href":"https:\/\/www.aspack.es\/news\/wp-json\/wp\/v2\/media?parent=778"}],"wp:term":[{"taxonomy":"category","embeddable":true,"href":"https:\/\/www.aspack.es\/news\/wp-json\/wp\/v2\/categories?post=778"},{"taxonomy":"post_tag","embeddable":true,"href":"https:\/\/www.aspack.es\/news\/wp-json\/wp\/v2\/tags?post=778"}],"curies":[{"name":"wp","href":"https:\/\/api.w.org\/{rel}","templated":true}]}}