{"id":791,"date":"2018-12-12T14:03:35","date_gmt":"2018-12-12T14:03:35","guid":{"rendered":"http:\/\/www.aspack.es\/news\/?p=791"},"modified":"2019-01-17T10:16:10","modified_gmt":"2019-01-17T10:16:10","slug":"para-ser-mejor-comunicador-hay-que-trabajar-en-ser-mejor-persona-javier-cebreiros-en-el-ix-congreso-aspack","status":"publish","type":"post","link":"https:\/\/www.aspack.es\/news\/para-ser-mejor-comunicador-hay-que-trabajar-en-ser-mejor-persona-javier-cebreiros-en-el-ix-congreso-aspack\/","title":{"rendered":"\u201cPara ser mejor comunicador hay que trabajar en ser mejor persona\u201d"},"content":{"rendered":"<p>La importancia de la comunicaci\u00f3n en las empresas fue uno de los temas centrales del IX Congreso de ASPACK. Para tratar este tema, ASPACK contact\u00f3 con Javier Cebreiros, doctor en comunicaci\u00f3n y conferenciante, que habl\u00f3 sobre una forma diferente de entender la comunicaci\u00f3n.<\/p>\n<p>Su charla se centr\u00f3 en mostrar c\u00f3mo la autenticidad y la emoci\u00f3n ayudan a comunicar mejor. \u201cLas personas comunicamos lo que somos, no lo que parecemos\u201d, asegur\u00f3. Por eso, a\u00f1adi\u00f3 \u201cpara ser mejor comunicador hay que trabajar en ser mejor persona\u201d.<\/p>\n<p>Para desarrollar sus argumentos, Javier Cebreiros empez\u00f3 hablando de los elementos que conforman la personalidad: el entorno social, las personas alrededor de cada uno y las experiencias vitales. \u201cTodo el mundo tiene un bagaje y eso no lo podemos cambiar \u2013afirm\u00f3\u2013, pero podemos decidir qu\u00e9 tipo de pensamientos incluimos en nuestra vida. Y esto se puede entrenar, aprendiendo a ver las cosas buenas y d\u00e1ndoles importancia\u201d.<\/p>\n<p><a href=\"http:\/\/www.aspack.es\/news\/wp-content\/uploads\/2018\/12\/26oct_JavierCebreiros3_IX-CONGRESO-ASPACK.jpg\" rel=\"attachment wp-att-792\"><img loading=\"lazy\" decoding=\"async\" class=\"aligncenter size-large wp-image-792\" src=\"http:\/\/www.aspack.es\/news\/wp-content\/uploads\/2018\/12\/26oct_JavierCebreiros3_IX-CONGRESO-ASPACK-1024x683.jpg\" alt=\"26oct_JavierCebreiros3_IX-CONGRESO-ASPACK\" width=\"1020\" height=\"680\" srcset=\"https:\/\/www.aspack.es\/news\/wp-content\/uploads\/2018\/12\/26oct_JavierCebreiros3_IX-CONGRESO-ASPACK-1024x683.jpg 1024w, https:\/\/www.aspack.es\/news\/wp-content\/uploads\/2018\/12\/26oct_JavierCebreiros3_IX-CONGRESO-ASPACK-300x200.jpg 300w, https:\/\/www.aspack.es\/news\/wp-content\/uploads\/2018\/12\/26oct_JavierCebreiros3_IX-CONGRESO-ASPACK-768x512.jpg 768w, https:\/\/www.aspack.es\/news\/wp-content\/uploads\/2018\/12\/26oct_JavierCebreiros3_IX-CONGRESO-ASPACK-480x320.jpg 480w, https:\/\/www.aspack.es\/news\/wp-content\/uploads\/2018\/12\/26oct_JavierCebreiros3_IX-CONGRESO-ASPACK-750x500.jpg 750w\" sizes=\"auto, (max-width: 1020px) 100vw, 1020px\" \/><\/a><\/p>\n<p>Para ilustrar sus ideas, Javier Cebreiros utiliz\u00f3 peque\u00f1as pelotas blancas para representar los pensamientos positivos y naranjas para representar los negativos. \u201cTenemos que empezar por aprender a hablarnos a nosotros mismos y por decidir qu\u00e9 tipo de pensamientos metemos en nuestras cabezas. Despu\u00e9s podemos plantearnos qu\u00e9 tipo de pensamientos metemos en la cabeza de los dem\u00e1s\u201d.<\/p>\n<p>Todos estos argumentos tienen su aplicaci\u00f3n en el mundo de la comunicaci\u00f3n empresarial. \u201cNo podemos dirigir equipos y no atrevernos a comunicar\u201d, asegur\u00f3 Javier Cebreiros, porque la comunicaci\u00f3n crea lazos entre las personas y ayuda a superar situaciones dif\u00edciles. \u201cCuando alguien tiene la cabeza llena de pensamientos negativos, necesita que alguien introduzca pensamientos positivos\u201d.<\/p>\n<p>Un buen director de equipos tiene que tener estos conceptos en cuenta y, sobre todo, necesita saber escuchar y practicar la escucha activa: \u201cSi no escuchamos, no comunicamos bien\u201d. \u201cLa mejor comunicaci\u00f3n \u2013concluy\u00f3 Javier Cebreiros\u2013 es darlo todo. Mejorar lo que somos y no lo que parecemos\u201d.<\/p>\n","protected":false},"excerpt":{"rendered":"<p>La importancia de la comunicaci\u00f3n en las empresas fue uno de los temas centrales del IX Congreso de ASPACK. Para tratar este tema, ASPACK contact\u00f3 con Javier Cebreiros, doctor en comunicaci\u00f3n y conferenciante, que habl\u00f3 sobre una forma diferente de entender la comunicaci\u00f3n. Su charla se centr\u00f3 en mostrar c\u00f3mo la autenticidad y la emoci\u00f3n&hellip;<\/p>\n","protected":false},"author":1,"featured_media":766,"comment_status":"open","ping_status":"open","sticky":false,"template":"","format":"standard","meta":{"footnotes":""},"categories":[17,19],"tags":[],"class_list":["post-791","post","type-post","status-publish","format-standard","has-post-thumbnail","hentry","category-el-sector","category-eventos"],"yoast_head":"<!-- This site is optimized with the Yoast SEO plugin v25.9 - https:\/\/yoast.com\/wordpress\/plugins\/seo\/ -->\n<title>\u201cPara ser mejor comunicador hay que trabajar en ser mejor persona\u201d - ASPACK NEWS<\/title>\n<meta name=\"robots\" content=\"index, follow, max-snippet:-1, max-image-preview:large, max-video-preview:-1\" \/>\n<link rel=\"canonical\" href=\"https:\/\/www.aspack.es\/news\/para-ser-mejor-comunicador-hay-que-trabajar-en-ser-mejor-persona-javier-cebreiros-en-el-ix-congreso-aspack\/\" \/>\n<meta property=\"og:locale\" content=\"es_ES\" \/>\n<meta property=\"og:type\" content=\"article\" \/>\n<meta property=\"og:title\" content=\"\u201cPara ser mejor comunicador hay que trabajar en ser mejor persona\u201d - ASPACK NEWS\" \/>\n<meta property=\"og:description\" content=\"La importancia de la comunicaci\u00f3n en las empresas fue uno de los temas centrales del IX Congreso de ASPACK. Para tratar este tema, ASPACK contact\u00f3 con Javier Cebreiros, doctor en comunicaci\u00f3n y conferenciante, que habl\u00f3 sobre una forma diferente de entender la comunicaci\u00f3n. Su charla se centr\u00f3 en mostrar c\u00f3mo la autenticidad y la emoci\u00f3n&hellip;\" \/>\n<meta property=\"og:url\" content=\"https:\/\/www.aspack.es\/news\/para-ser-mejor-comunicador-hay-que-trabajar-en-ser-mejor-persona-javier-cebreiros-en-el-ix-congreso-aspack\/\" \/>\n<meta property=\"og:site_name\" content=\"ASPACK NEWS\" \/>\n<meta property=\"article:published_time\" content=\"2018-12-12T14:03:35+00:00\" \/>\n<meta property=\"article:modified_time\" content=\"2019-01-17T10:16:10+00:00\" \/>\n<meta property=\"og:image\" content=\"https:\/\/www.aspack.es\/news\/wp-content\/uploads\/2018\/10\/IX-Congreso-ASPACK-Javier-Cebreiros.jpg\" \/>\n\t<meta property=\"og:image:width\" content=\"2000\" \/>\n\t<meta property=\"og:image:height\" content=\"1333\" \/>\n\t<meta property=\"og:image:type\" content=\"image\/jpeg\" \/>\n<meta name=\"author\" content=\"admin\" \/>\n<meta name=\"twitter:card\" content=\"summary_large_image\" \/>\n<meta name=\"twitter:label1\" content=\"Escrito por\" \/>\n\t<meta name=\"twitter:data1\" content=\"admin\" \/>\n\t<meta name=\"twitter:label2\" content=\"Tiempo de lectura\" \/>\n\t<meta name=\"twitter:data2\" content=\"2 minutos\" \/>\n<script type=\"application\/ld+json\" class=\"yoast-schema-graph\">{\"@context\":\"https:\/\/schema.org\",\"@graph\":[{\"@type\":\"WebPage\",\"@id\":\"https:\/\/www.aspack.es\/news\/para-ser-mejor-comunicador-hay-que-trabajar-en-ser-mejor-persona-javier-cebreiros-en-el-ix-congreso-aspack\/\",\"url\":\"https:\/\/www.aspack.es\/news\/para-ser-mejor-comunicador-hay-que-trabajar-en-ser-mejor-persona-javier-cebreiros-en-el-ix-congreso-aspack\/\",\"name\":\"\u201cPara ser mejor comunicador hay que trabajar en ser mejor persona\u201d - ASPACK NEWS\",\"isPartOf\":{\"@id\":\"http:\/\/www.aspack.es\/news\/#website\"},\"primaryImageOfPage\":{\"@id\":\"https:\/\/www.aspack.es\/news\/para-ser-mejor-comunicador-hay-que-trabajar-en-ser-mejor-persona-javier-cebreiros-en-el-ix-congreso-aspack\/#primaryimage\"},\"image\":{\"@id\":\"https:\/\/www.aspack.es\/news\/para-ser-mejor-comunicador-hay-que-trabajar-en-ser-mejor-persona-javier-cebreiros-en-el-ix-congreso-aspack\/#primaryimage\"},\"thumbnailUrl\":\"https:\/\/www.aspack.es\/news\/wp-content\/uploads\/2018\/10\/IX-Congreso-ASPACK-Javier-Cebreiros.jpg\",\"datePublished\":\"2018-12-12T14:03:35+00:00\",\"dateModified\":\"2019-01-17T10:16:10+00:00\",\"author\":{\"@id\":\"http:\/\/www.aspack.es\/news\/#\/schema\/person\/0019098322836346476fc7dfdbd26d95\"},\"breadcrumb\":{\"@id\":\"https:\/\/www.aspack.es\/news\/para-ser-mejor-comunicador-hay-que-trabajar-en-ser-mejor-persona-javier-cebreiros-en-el-ix-congreso-aspack\/#breadcrumb\"},\"inLanguage\":\"es\",\"potentialAction\":[{\"@type\":\"ReadAction\",\"target\":[\"https:\/\/www.aspack.es\/news\/para-ser-mejor-comunicador-hay-que-trabajar-en-ser-mejor-persona-javier-cebreiros-en-el-ix-congreso-aspack\/\"]}]},{\"@type\":\"ImageObject\",\"inLanguage\":\"es\",\"@id\":\"https:\/\/www.aspack.es\/news\/para-ser-mejor-comunicador-hay-que-trabajar-en-ser-mejor-persona-javier-cebreiros-en-el-ix-congreso-aspack\/#primaryimage\",\"url\":\"https:\/\/www.aspack.es\/news\/wp-content\/uploads\/2018\/10\/IX-Congreso-ASPACK-Javier-Cebreiros.jpg\",\"contentUrl\":\"https:\/\/www.aspack.es\/news\/wp-content\/uploads\/2018\/10\/IX-Congreso-ASPACK-Javier-Cebreiros.jpg\",\"width\":2000,\"height\":1333},{\"@type\":\"BreadcrumbList\",\"@id\":\"https:\/\/www.aspack.es\/news\/para-ser-mejor-comunicador-hay-que-trabajar-en-ser-mejor-persona-javier-cebreiros-en-el-ix-congreso-aspack\/#breadcrumb\",\"itemListElement\":[{\"@type\":\"ListItem\",\"position\":1,\"name\":\"Portada\",\"item\":\"http:\/\/www.aspack.es\/news\/\"},{\"@type\":\"ListItem\",\"position\":2,\"name\":\"\u201cPara ser mejor comunicador hay que trabajar en ser mejor persona\u201d\"}]},{\"@type\":\"WebSite\",\"@id\":\"http:\/\/www.aspack.es\/news\/#website\",\"url\":\"http:\/\/www.aspack.es\/news\/\",\"name\":\"ASPACK NEWS\",\"description\":\"El peri?dico digital de los envases de cart?n\",\"potentialAction\":[{\"@type\":\"SearchAction\",\"target\":{\"@type\":\"EntryPoint\",\"urlTemplate\":\"http:\/\/www.aspack.es\/news\/?s={search_term_string}\"},\"query-input\":{\"@type\":\"PropertyValueSpecification\",\"valueRequired\":true,\"valueName\":\"search_term_string\"}}],\"inLanguage\":\"es\"},{\"@type\":\"Person\",\"@id\":\"http:\/\/www.aspack.es\/news\/#\/schema\/person\/0019098322836346476fc7dfdbd26d95\",\"name\":\"admin\",\"image\":{\"@type\":\"ImageObject\",\"inLanguage\":\"es\",\"@id\":\"http:\/\/www.aspack.es\/news\/#\/schema\/person\/image\/\",\"url\":\"https:\/\/secure.gravatar.com\/avatar\/6a6c60542c39a2d052b8b1e8c5145e669bf888b9b229b3da0e43092daac8a32e?s=96&d=mm&r=g\",\"contentUrl\":\"https:\/\/secure.gravatar.com\/avatar\/6a6c60542c39a2d052b8b1e8c5145e669bf888b9b229b3da0e43092daac8a32e?s=96&d=mm&r=g\",\"caption\":\"admin\"},\"url\":\"https:\/\/www.aspack.es\/news\/author\/admin\/\"}]}<\/script>\n<!-- \/ Yoast SEO plugin. -->","yoast_head_json":{"title":"\u201cPara ser mejor comunicador hay que trabajar en ser mejor persona\u201d - ASPACK NEWS","robots":{"index":"index","follow":"follow","max-snippet":"max-snippet:-1","max-image-preview":"max-image-preview:large","max-video-preview":"max-video-preview:-1"},"canonical":"https:\/\/www.aspack.es\/news\/para-ser-mejor-comunicador-hay-que-trabajar-en-ser-mejor-persona-javier-cebreiros-en-el-ix-congreso-aspack\/","og_locale":"es_ES","og_type":"article","og_title":"\u201cPara ser mejor comunicador hay que trabajar en ser mejor persona\u201d - ASPACK NEWS","og_description":"La importancia de la comunicaci\u00f3n en las empresas fue uno de los temas centrales del IX Congreso de ASPACK. Para tratar este tema, ASPACK contact\u00f3 con Javier Cebreiros, doctor en comunicaci\u00f3n y conferenciante, que habl\u00f3 sobre una forma diferente de entender la comunicaci\u00f3n. Su charla se centr\u00f3 en mostrar c\u00f3mo la autenticidad y la emoci\u00f3n&hellip;","og_url":"https:\/\/www.aspack.es\/news\/para-ser-mejor-comunicador-hay-que-trabajar-en-ser-mejor-persona-javier-cebreiros-en-el-ix-congreso-aspack\/","og_site_name":"ASPACK NEWS","article_published_time":"2018-12-12T14:03:35+00:00","article_modified_time":"2019-01-17T10:16:10+00:00","og_image":[{"width":2000,"height":1333,"url":"https:\/\/www.aspack.es\/news\/wp-content\/uploads\/2018\/10\/IX-Congreso-ASPACK-Javier-Cebreiros.jpg","type":"image\/jpeg"}],"author":"admin","twitter_card":"summary_large_image","twitter_misc":{"Escrito por":"admin","Tiempo de lectura":"2 minutos"},"schema":{"@context":"https:\/\/schema.org","@graph":[{"@type":"WebPage","@id":"https:\/\/www.aspack.es\/news\/para-ser-mejor-comunicador-hay-que-trabajar-en-ser-mejor-persona-javier-cebreiros-en-el-ix-congreso-aspack\/","url":"https:\/\/www.aspack.es\/news\/para-ser-mejor-comunicador-hay-que-trabajar-en-ser-mejor-persona-javier-cebreiros-en-el-ix-congreso-aspack\/","name":"\u201cPara ser mejor comunicador hay que trabajar en ser mejor persona\u201d - ASPACK NEWS","isPartOf":{"@id":"http:\/\/www.aspack.es\/news\/#website"},"primaryImageOfPage":{"@id":"https:\/\/www.aspack.es\/news\/para-ser-mejor-comunicador-hay-que-trabajar-en-ser-mejor-persona-javier-cebreiros-en-el-ix-congreso-aspack\/#primaryimage"},"image":{"@id":"https:\/\/www.aspack.es\/news\/para-ser-mejor-comunicador-hay-que-trabajar-en-ser-mejor-persona-javier-cebreiros-en-el-ix-congreso-aspack\/#primaryimage"},"thumbnailUrl":"https:\/\/www.aspack.es\/news\/wp-content\/uploads\/2018\/10\/IX-Congreso-ASPACK-Javier-Cebreiros.jpg","datePublished":"2018-12-12T14:03:35+00:00","dateModified":"2019-01-17T10:16:10+00:00","author":{"@id":"http:\/\/www.aspack.es\/news\/#\/schema\/person\/0019098322836346476fc7dfdbd26d95"},"breadcrumb":{"@id":"https:\/\/www.aspack.es\/news\/para-ser-mejor-comunicador-hay-que-trabajar-en-ser-mejor-persona-javier-cebreiros-en-el-ix-congreso-aspack\/#breadcrumb"},"inLanguage":"es","potentialAction":[{"@type":"ReadAction","target":["https:\/\/www.aspack.es\/news\/para-ser-mejor-comunicador-hay-que-trabajar-en-ser-mejor-persona-javier-cebreiros-en-el-ix-congreso-aspack\/"]}]},{"@type":"ImageObject","inLanguage":"es","@id":"https:\/\/www.aspack.es\/news\/para-ser-mejor-comunicador-hay-que-trabajar-en-ser-mejor-persona-javier-cebreiros-en-el-ix-congreso-aspack\/#primaryimage","url":"https:\/\/www.aspack.es\/news\/wp-content\/uploads\/2018\/10\/IX-Congreso-ASPACK-Javier-Cebreiros.jpg","contentUrl":"https:\/\/www.aspack.es\/news\/wp-content\/uploads\/2018\/10\/IX-Congreso-ASPACK-Javier-Cebreiros.jpg","width":2000,"height":1333},{"@type":"BreadcrumbList","@id":"https:\/\/www.aspack.es\/news\/para-ser-mejor-comunicador-hay-que-trabajar-en-ser-mejor-persona-javier-cebreiros-en-el-ix-congreso-aspack\/#breadcrumb","itemListElement":[{"@type":"ListItem","position":1,"name":"Portada","item":"http:\/\/www.aspack.es\/news\/"},{"@type":"ListItem","position":2,"name":"\u201cPara ser mejor comunicador hay que trabajar en ser mejor persona\u201d"}]},{"@type":"WebSite","@id":"http:\/\/www.aspack.es\/news\/#website","url":"http:\/\/www.aspack.es\/news\/","name":"ASPACK NEWS","description":"El peri?dico digital de los envases de cart?n","potentialAction":[{"@type":"SearchAction","target":{"@type":"EntryPoint","urlTemplate":"http:\/\/www.aspack.es\/news\/?s={search_term_string}"},"query-input":{"@type":"PropertyValueSpecification","valueRequired":true,"valueName":"search_term_string"}}],"inLanguage":"es"},{"@type":"Person","@id":"http:\/\/www.aspack.es\/news\/#\/schema\/person\/0019098322836346476fc7dfdbd26d95","name":"admin","image":{"@type":"ImageObject","inLanguage":"es","@id":"http:\/\/www.aspack.es\/news\/#\/schema\/person\/image\/","url":"https:\/\/secure.gravatar.com\/avatar\/6a6c60542c39a2d052b8b1e8c5145e669bf888b9b229b3da0e43092daac8a32e?s=96&d=mm&r=g","contentUrl":"https:\/\/secure.gravatar.com\/avatar\/6a6c60542c39a2d052b8b1e8c5145e669bf888b9b229b3da0e43092daac8a32e?s=96&d=mm&r=g","caption":"admin"},"url":"https:\/\/www.aspack.es\/news\/author\/admin\/"}]}},"_links":{"self":[{"href":"https:\/\/www.aspack.es\/news\/wp-json\/wp\/v2\/posts\/791","targetHints":{"allow":["GET"]}}],"collection":[{"href":"https:\/\/www.aspack.es\/news\/wp-json\/wp\/v2\/posts"}],"about":[{"href":"https:\/\/www.aspack.es\/news\/wp-json\/wp\/v2\/types\/post"}],"author":[{"embeddable":true,"href":"https:\/\/www.aspack.es\/news\/wp-json\/wp\/v2\/users\/1"}],"replies":[{"embeddable":true,"href":"https:\/\/www.aspack.es\/news\/wp-json\/wp\/v2\/comments?post=791"}],"version-history":[{"count":2,"href":"https:\/\/www.aspack.es\/news\/wp-json\/wp\/v2\/posts\/791\/revisions"}],"predecessor-version":[{"id":794,"href":"https:\/\/www.aspack.es\/news\/wp-json\/wp\/v2\/posts\/791\/revisions\/794"}],"wp:featuredmedia":[{"embeddable":true,"href":"https:\/\/www.aspack.es\/news\/wp-json\/wp\/v2\/media\/766"}],"wp:attachment":[{"href":"https:\/\/www.aspack.es\/news\/wp-json\/wp\/v2\/media?parent=791"}],"wp:term":[{"taxonomy":"category","embeddable":true,"href":"https:\/\/www.aspack.es\/news\/wp-json\/wp\/v2\/categories?post=791"},{"taxonomy":"post_tag","embeddable":true,"href":"https:\/\/www.aspack.es\/news\/wp-json\/wp\/v2\/tags?post=791"}],"curies":[{"name":"wp","href":"https:\/\/api.w.org\/{rel}","templated":true}]}}