{"id":795,"date":"2018-12-12T14:08:31","date_gmt":"2018-12-12T14:08:31","guid":{"rendered":"http:\/\/www.aspack.es\/news\/?p=795"},"modified":"2019-01-17T10:15:59","modified_gmt":"2019-01-17T10:15:59","slug":"tony-hitchin-director-de-procarton-el-77-por-ciento-de-los-consumidores-europeos-pagaria-mas-por-un-envase-respetuoso-con-el-medio-ambiente","status":"publish","type":"post","link":"https:\/\/www.aspack.es\/news\/tony-hitchin-director-de-procarton-el-77-por-ciento-de-los-consumidores-europeos-pagaria-mas-por-un-envase-respetuoso-con-el-medio-ambiente\/","title":{"rendered":"Tony Hitchin, director de ProCarton: \u201cEl 77 por ciento de los consumidores europeos pagar\u00eda m\u00e1s por un envase respetuoso con el medio ambiente\u201d"},"content":{"rendered":"<p>El IX Congreso de ASPACK, celebrado los d\u00edas 25 y 26 de octubre en Granada, centr\u00f3 su programa profesional en los retos y oportunidades que vive el envase de cart\u00f3n en el momento actual, un contexto en el que la comunicaci\u00f3n adquiere cada vez m\u00e1s importancia, en el que la tecnolog\u00eda avanza d\u00eda a d\u00eda y en el que la sostenibilidad no solo es necesaria para mantener la producci\u00f3n en el futuro, sino que marca las decisiones de compra de gran cantidad de consumidores.<\/p>\n<p>Para hablar sobre las grandes oportunidades del envase de cart\u00f3n frente a otros materiales en t\u00e9rminos de sostenibilidad, el congreso de ASPACK cont\u00f3 con la presencia de Tony F. Hitchin, director general de ProCarton.<\/p>\n<p>Hitchin se bas\u00f3 en los resultados de un estudio de investigaci\u00f3n de mercado de ProCarton realizado en siete pa\u00edses europeos, entre ellos Espa\u00f1a, para explicar que los consumidores aprecian que los envases sean cada vez m\u00e1s sostenibles y est\u00e1n incluso dispuestos a pagar m\u00e1s para que as\u00ed sea: \u201cel 77 por ciento de los consumidores estar\u00eda dispuesto a pagar m\u00e1s por un envase respetuoso con el medio ambiente \u2013afirm\u00f3\u2013. Y en Espa\u00f1a, ese tanto por ciento alcanza el 82\u201d.<\/p>\n<p>Para Tony Hitchin estamos viviendo un momento crucial, en el que materiales como el pl\u00e1stico est\u00e1n cada vez m\u00e1s cuestionados en aplicaciones como el envase y el embalaje, que el sector del cart\u00f3n ha de aprovechar siempre desde el marco de promoci\u00f3n de la econom\u00eda circular. \u201cSostenibilidad no es solo reducir, reutilizar y reciclar\u201d. \u201cYo a\u00f1adir\u00eda dos conceptos m\u00e1s: reemplazar y recuperar\u201d. Reemplazar los materiales poco sostenibles y recuperar para reciclar correctamente.<\/p>\n<p><a href=\"http:\/\/www.aspack.es\/news\/wp-content\/uploads\/2018\/12\/26oct_TonyHitchin2_IX-CONGRESO-ASPACK.jpg\" rel=\"attachment wp-att-797\"><img loading=\"lazy\" decoding=\"async\" class=\"aligncenter size-large wp-image-797\" src=\"http:\/\/www.aspack.es\/news\/wp-content\/uploads\/2018\/12\/26oct_TonyHitchin2_IX-CONGRESO-ASPACK-1024x683.jpg\" alt=\"Tony Hitchin en el IX Congreso de ASPACK\" width=\"1020\" height=\"680\" srcset=\"https:\/\/www.aspack.es\/news\/wp-content\/uploads\/2018\/12\/26oct_TonyHitchin2_IX-CONGRESO-ASPACK-1024x683.jpg 1024w, https:\/\/www.aspack.es\/news\/wp-content\/uploads\/2018\/12\/26oct_TonyHitchin2_IX-CONGRESO-ASPACK-300x200.jpg 300w, https:\/\/www.aspack.es\/news\/wp-content\/uploads\/2018\/12\/26oct_TonyHitchin2_IX-CONGRESO-ASPACK-768x512.jpg 768w, https:\/\/www.aspack.es\/news\/wp-content\/uploads\/2018\/12\/26oct_TonyHitchin2_IX-CONGRESO-ASPACK-480x320.jpg 480w, https:\/\/www.aspack.es\/news\/wp-content\/uploads\/2018\/12\/26oct_TonyHitchin2_IX-CONGRESO-ASPACK-750x500.jpg 750w\" sizes=\"auto, (max-width: 1020px) 100vw, 1020px\" \/><\/a><\/p>\n<p>En este contexto, el cart\u00f3n debe aprovechar sus ventajas: \u201cEl cart\u00f3n es el material que los consumidores ven como envasado m\u00e1s reciclable \u2013explic\u00f3 Hitchin\u2013. As\u00ed lo cree el 52 por ciento de los encuestados frente al 9 por ciento que cree que es el pl\u00e1stico\u201d.<\/p>\n<p>Adem\u00e1s, en un sector complejo en el que mucha informaci\u00f3n procede de fuentes interesadas, los consumidores quieren m\u00e1s informaci\u00f3n fiable sobre el origen de los productos y las materias primas que se utilizan para el envasado. \u201cQuieren m\u00e1s acci\u00f3n y m\u00e1s informaci\u00f3n. Y que se haga r\u00e1pido\u201d. Adem\u00e1s, a\u00f1adi\u00f3 Tony Hitchin, seg\u00fan el estudio de ProCarton, los consumidores tambi\u00e9n \u201ctendr\u00edan en cuenta positivamente que las tiendas apoyen el envasado de productos m\u00e1s sostenible y creen que las grandes marcas no est\u00e1n haciendo cambios r\u00e1pidos para que sus envases sean m\u00e1s sostenibles\u201d.<\/p>\n<p>Y estos cambios, explic\u00f3, son posibles y ya hay marcas que est\u00e1n asumi\u00e9ndolos. \u201cHay una gran ventana de oportunidades, lo \u00fanico que tenemos que preguntarnos es en qu\u00e9 tipo de sociedad queremos que crezcan nuestros hijos y nuestros nietos\u201d. Por eso, concluy\u00f3, \u201celegir cart\u00f3n es elegir sostenibilidad\u201d.<\/p>\n","protected":false},"excerpt":{"rendered":"<p>El IX Congreso de ASPACK, celebrado los d\u00edas 25 y 26 de octubre en Granada, centr\u00f3 su programa profesional en los retos y oportunidades que vive el envase de cart\u00f3n en el momento actual, un contexto en el que la comunicaci\u00f3n adquiere cada vez m\u00e1s importancia, en el que la tecnolog\u00eda avanza d\u00eda a d\u00eda&hellip;<\/p>\n","protected":false},"author":1,"featured_media":796,"comment_status":"open","ping_status":"open","sticky":false,"template":"","format":"standard","meta":{"footnotes":""},"categories":[17,19],"tags":[],"class_list":["post-795","post","type-post","status-publish","format-standard","has-post-thumbnail","hentry","category-el-sector","category-eventos"],"yoast_head":"<!-- This site is optimized with the Yoast SEO plugin v25.9 - https:\/\/yoast.com\/wordpress\/plugins\/seo\/ -->\n<title>Tony Hitchin, director de ProCarton: \u201cEl 77 por ciento de los consumidores europeos pagar\u00eda m\u00e1s por un envase respetuoso con el medio ambiente\u201d - ASPACK NEWS<\/title>\n<meta name=\"robots\" content=\"index, follow, max-snippet:-1, max-image-preview:large, max-video-preview:-1\" \/>\n<link rel=\"canonical\" href=\"https:\/\/www.aspack.es\/news\/tony-hitchin-director-de-procarton-el-77-por-ciento-de-los-consumidores-europeos-pagaria-mas-por-un-envase-respetuoso-con-el-medio-ambiente\/\" \/>\n<meta property=\"og:locale\" content=\"es_ES\" \/>\n<meta property=\"og:type\" content=\"article\" \/>\n<meta property=\"og:title\" content=\"Tony Hitchin, director de ProCarton: \u201cEl 77 por ciento de los consumidores europeos pagar\u00eda m\u00e1s por un envase respetuoso con el medio ambiente\u201d - ASPACK NEWS\" \/>\n<meta property=\"og:description\" content=\"El IX Congreso de ASPACK, celebrado los d\u00edas 25 y 26 de octubre en Granada, centr\u00f3 su programa profesional en los retos y oportunidades que vive el envase de cart\u00f3n en el momento actual, un contexto en el que la comunicaci\u00f3n adquiere cada vez m\u00e1s importancia, en el que la tecnolog\u00eda avanza d\u00eda a d\u00eda&hellip;\" \/>\n<meta property=\"og:url\" content=\"https:\/\/www.aspack.es\/news\/tony-hitchin-director-de-procarton-el-77-por-ciento-de-los-consumidores-europeos-pagaria-mas-por-un-envase-respetuoso-con-el-medio-ambiente\/\" \/>\n<meta property=\"og:site_name\" content=\"ASPACK NEWS\" \/>\n<meta property=\"article:published_time\" content=\"2018-12-12T14:08:31+00:00\" \/>\n<meta property=\"article:modified_time\" content=\"2019-01-17T10:15:59+00:00\" \/>\n<meta property=\"og:image\" content=\"https:\/\/www.aspack.es\/news\/wp-content\/uploads\/2018\/12\/26oct_TonyHitchin_IX-CONGRESO-ASPACK-1024x683.jpg\" \/>\n\t<meta property=\"og:image:width\" content=\"1024\" \/>\n\t<meta property=\"og:image:height\" content=\"683\" \/>\n\t<meta property=\"og:image:type\" content=\"image\/jpeg\" \/>\n<meta name=\"author\" content=\"admin\" \/>\n<meta name=\"twitter:card\" content=\"summary_large_image\" \/>\n<meta name=\"twitter:label1\" content=\"Escrito por\" \/>\n\t<meta name=\"twitter:data1\" content=\"admin\" \/>\n\t<meta name=\"twitter:label2\" content=\"Tiempo de lectura\" \/>\n\t<meta name=\"twitter:data2\" content=\"2 minutos\" \/>\n<script type=\"application\/ld+json\" class=\"yoast-schema-graph\">{\"@context\":\"https:\/\/schema.org\",\"@graph\":[{\"@type\":\"WebPage\",\"@id\":\"https:\/\/www.aspack.es\/news\/tony-hitchin-director-de-procarton-el-77-por-ciento-de-los-consumidores-europeos-pagaria-mas-por-un-envase-respetuoso-con-el-medio-ambiente\/\",\"url\":\"https:\/\/www.aspack.es\/news\/tony-hitchin-director-de-procarton-el-77-por-ciento-de-los-consumidores-europeos-pagaria-mas-por-un-envase-respetuoso-con-el-medio-ambiente\/\",\"name\":\"Tony Hitchin, director de ProCarton: \u201cEl 77 por ciento de los consumidores europeos pagar\u00eda m\u00e1s por un envase respetuoso con el medio ambiente\u201d - ASPACK NEWS\",\"isPartOf\":{\"@id\":\"http:\/\/www.aspack.es\/news\/#website\"},\"primaryImageOfPage\":{\"@id\":\"https:\/\/www.aspack.es\/news\/tony-hitchin-director-de-procarton-el-77-por-ciento-de-los-consumidores-europeos-pagaria-mas-por-un-envase-respetuoso-con-el-medio-ambiente\/#primaryimage\"},\"image\":{\"@id\":\"https:\/\/www.aspack.es\/news\/tony-hitchin-director-de-procarton-el-77-por-ciento-de-los-consumidores-europeos-pagaria-mas-por-un-envase-respetuoso-con-el-medio-ambiente\/#primaryimage\"},\"thumbnailUrl\":\"https:\/\/www.aspack.es\/news\/wp-content\/uploads\/2018\/12\/26oct_TonyHitchin_IX-CONGRESO-ASPACK.jpg\",\"datePublished\":\"2018-12-12T14:08:31+00:00\",\"dateModified\":\"2019-01-17T10:15:59+00:00\",\"author\":{\"@id\":\"http:\/\/www.aspack.es\/news\/#\/schema\/person\/0019098322836346476fc7dfdbd26d95\"},\"breadcrumb\":{\"@id\":\"https:\/\/www.aspack.es\/news\/tony-hitchin-director-de-procarton-el-77-por-ciento-de-los-consumidores-europeos-pagaria-mas-por-un-envase-respetuoso-con-el-medio-ambiente\/#breadcrumb\"},\"inLanguage\":\"es\",\"potentialAction\":[{\"@type\":\"ReadAction\",\"target\":[\"https:\/\/www.aspack.es\/news\/tony-hitchin-director-de-procarton-el-77-por-ciento-de-los-consumidores-europeos-pagaria-mas-por-un-envase-respetuoso-con-el-medio-ambiente\/\"]}]},{\"@type\":\"ImageObject\",\"inLanguage\":\"es\",\"@id\":\"https:\/\/www.aspack.es\/news\/tony-hitchin-director-de-procarton-el-77-por-ciento-de-los-consumidores-europeos-pagaria-mas-por-un-envase-respetuoso-con-el-medio-ambiente\/#primaryimage\",\"url\":\"https:\/\/www.aspack.es\/news\/wp-content\/uploads\/2018\/12\/26oct_TonyHitchin_IX-CONGRESO-ASPACK.jpg\",\"contentUrl\":\"https:\/\/www.aspack.es\/news\/wp-content\/uploads\/2018\/12\/26oct_TonyHitchin_IX-CONGRESO-ASPACK.jpg\",\"width\":5184,\"height\":3456},{\"@type\":\"BreadcrumbList\",\"@id\":\"https:\/\/www.aspack.es\/news\/tony-hitchin-director-de-procarton-el-77-por-ciento-de-los-consumidores-europeos-pagaria-mas-por-un-envase-respetuoso-con-el-medio-ambiente\/#breadcrumb\",\"itemListElement\":[{\"@type\":\"ListItem\",\"position\":1,\"name\":\"Portada\",\"item\":\"http:\/\/www.aspack.es\/news\/\"},{\"@type\":\"ListItem\",\"position\":2,\"name\":\"Tony Hitchin, director de ProCarton: \u201cEl 77 por ciento de los consumidores europeos pagar\u00eda m\u00e1s por un envase respetuoso con el medio ambiente\u201d\"}]},{\"@type\":\"WebSite\",\"@id\":\"http:\/\/www.aspack.es\/news\/#website\",\"url\":\"http:\/\/www.aspack.es\/news\/\",\"name\":\"ASPACK NEWS\",\"description\":\"El peri?dico digital de los envases de cart?n\",\"potentialAction\":[{\"@type\":\"SearchAction\",\"target\":{\"@type\":\"EntryPoint\",\"urlTemplate\":\"http:\/\/www.aspack.es\/news\/?s={search_term_string}\"},\"query-input\":{\"@type\":\"PropertyValueSpecification\",\"valueRequired\":true,\"valueName\":\"search_term_string\"}}],\"inLanguage\":\"es\"},{\"@type\":\"Person\",\"@id\":\"http:\/\/www.aspack.es\/news\/#\/schema\/person\/0019098322836346476fc7dfdbd26d95\",\"name\":\"admin\",\"image\":{\"@type\":\"ImageObject\",\"inLanguage\":\"es\",\"@id\":\"http:\/\/www.aspack.es\/news\/#\/schema\/person\/image\/\",\"url\":\"https:\/\/secure.gravatar.com\/avatar\/6a6c60542c39a2d052b8b1e8c5145e669bf888b9b229b3da0e43092daac8a32e?s=96&d=mm&r=g\",\"contentUrl\":\"https:\/\/secure.gravatar.com\/avatar\/6a6c60542c39a2d052b8b1e8c5145e669bf888b9b229b3da0e43092daac8a32e?s=96&d=mm&r=g\",\"caption\":\"admin\"},\"url\":\"https:\/\/www.aspack.es\/news\/author\/admin\/\"}]}<\/script>\n<!-- \/ Yoast SEO plugin. -->","yoast_head_json":{"title":"Tony Hitchin, director de ProCarton: \u201cEl 77 por ciento de los consumidores europeos pagar\u00eda m\u00e1s por un envase respetuoso con el medio ambiente\u201d - ASPACK NEWS","robots":{"index":"index","follow":"follow","max-snippet":"max-snippet:-1","max-image-preview":"max-image-preview:large","max-video-preview":"max-video-preview:-1"},"canonical":"https:\/\/www.aspack.es\/news\/tony-hitchin-director-de-procarton-el-77-por-ciento-de-los-consumidores-europeos-pagaria-mas-por-un-envase-respetuoso-con-el-medio-ambiente\/","og_locale":"es_ES","og_type":"article","og_title":"Tony Hitchin, director de ProCarton: \u201cEl 77 por ciento de los consumidores europeos pagar\u00eda m\u00e1s por un envase respetuoso con el medio ambiente\u201d - ASPACK NEWS","og_description":"El IX Congreso de ASPACK, celebrado los d\u00edas 25 y 26 de octubre en Granada, centr\u00f3 su programa profesional en los retos y oportunidades que vive el envase de cart\u00f3n en el momento actual, un contexto en el que la comunicaci\u00f3n adquiere cada vez m\u00e1s importancia, en el que la tecnolog\u00eda avanza d\u00eda a d\u00eda&hellip;","og_url":"https:\/\/www.aspack.es\/news\/tony-hitchin-director-de-procarton-el-77-por-ciento-de-los-consumidores-europeos-pagaria-mas-por-un-envase-respetuoso-con-el-medio-ambiente\/","og_site_name":"ASPACK NEWS","article_published_time":"2018-12-12T14:08:31+00:00","article_modified_time":"2019-01-17T10:15:59+00:00","og_image":[{"width":1024,"height":683,"url":"https:\/\/www.aspack.es\/news\/wp-content\/uploads\/2018\/12\/26oct_TonyHitchin_IX-CONGRESO-ASPACK-1024x683.jpg","type":"image\/jpeg"}],"author":"admin","twitter_card":"summary_large_image","twitter_misc":{"Escrito por":"admin","Tiempo de lectura":"2 minutos"},"schema":{"@context":"https:\/\/schema.org","@graph":[{"@type":"WebPage","@id":"https:\/\/www.aspack.es\/news\/tony-hitchin-director-de-procarton-el-77-por-ciento-de-los-consumidores-europeos-pagaria-mas-por-un-envase-respetuoso-con-el-medio-ambiente\/","url":"https:\/\/www.aspack.es\/news\/tony-hitchin-director-de-procarton-el-77-por-ciento-de-los-consumidores-europeos-pagaria-mas-por-un-envase-respetuoso-con-el-medio-ambiente\/","name":"Tony Hitchin, director de ProCarton: \u201cEl 77 por ciento de los consumidores europeos pagar\u00eda m\u00e1s por un envase respetuoso con el medio ambiente\u201d - ASPACK NEWS","isPartOf":{"@id":"http:\/\/www.aspack.es\/news\/#website"},"primaryImageOfPage":{"@id":"https:\/\/www.aspack.es\/news\/tony-hitchin-director-de-procarton-el-77-por-ciento-de-los-consumidores-europeos-pagaria-mas-por-un-envase-respetuoso-con-el-medio-ambiente\/#primaryimage"},"image":{"@id":"https:\/\/www.aspack.es\/news\/tony-hitchin-director-de-procarton-el-77-por-ciento-de-los-consumidores-europeos-pagaria-mas-por-un-envase-respetuoso-con-el-medio-ambiente\/#primaryimage"},"thumbnailUrl":"https:\/\/www.aspack.es\/news\/wp-content\/uploads\/2018\/12\/26oct_TonyHitchin_IX-CONGRESO-ASPACK.jpg","datePublished":"2018-12-12T14:08:31+00:00","dateModified":"2019-01-17T10:15:59+00:00","author":{"@id":"http:\/\/www.aspack.es\/news\/#\/schema\/person\/0019098322836346476fc7dfdbd26d95"},"breadcrumb":{"@id":"https:\/\/www.aspack.es\/news\/tony-hitchin-director-de-procarton-el-77-por-ciento-de-los-consumidores-europeos-pagaria-mas-por-un-envase-respetuoso-con-el-medio-ambiente\/#breadcrumb"},"inLanguage":"es","potentialAction":[{"@type":"ReadAction","target":["https:\/\/www.aspack.es\/news\/tony-hitchin-director-de-procarton-el-77-por-ciento-de-los-consumidores-europeos-pagaria-mas-por-un-envase-respetuoso-con-el-medio-ambiente\/"]}]},{"@type":"ImageObject","inLanguage":"es","@id":"https:\/\/www.aspack.es\/news\/tony-hitchin-director-de-procarton-el-77-por-ciento-de-los-consumidores-europeos-pagaria-mas-por-un-envase-respetuoso-con-el-medio-ambiente\/#primaryimage","url":"https:\/\/www.aspack.es\/news\/wp-content\/uploads\/2018\/12\/26oct_TonyHitchin_IX-CONGRESO-ASPACK.jpg","contentUrl":"https:\/\/www.aspack.es\/news\/wp-content\/uploads\/2018\/12\/26oct_TonyHitchin_IX-CONGRESO-ASPACK.jpg","width":5184,"height":3456},{"@type":"BreadcrumbList","@id":"https:\/\/www.aspack.es\/news\/tony-hitchin-director-de-procarton-el-77-por-ciento-de-los-consumidores-europeos-pagaria-mas-por-un-envase-respetuoso-con-el-medio-ambiente\/#breadcrumb","itemListElement":[{"@type":"ListItem","position":1,"name":"Portada","item":"http:\/\/www.aspack.es\/news\/"},{"@type":"ListItem","position":2,"name":"Tony Hitchin, director de ProCarton: \u201cEl 77 por ciento de los consumidores europeos pagar\u00eda m\u00e1s por un envase respetuoso con el medio ambiente\u201d"}]},{"@type":"WebSite","@id":"http:\/\/www.aspack.es\/news\/#website","url":"http:\/\/www.aspack.es\/news\/","name":"ASPACK NEWS","description":"El peri?dico digital de los envases de cart?n","potentialAction":[{"@type":"SearchAction","target":{"@type":"EntryPoint","urlTemplate":"http:\/\/www.aspack.es\/news\/?s={search_term_string}"},"query-input":{"@type":"PropertyValueSpecification","valueRequired":true,"valueName":"search_term_string"}}],"inLanguage":"es"},{"@type":"Person","@id":"http:\/\/www.aspack.es\/news\/#\/schema\/person\/0019098322836346476fc7dfdbd26d95","name":"admin","image":{"@type":"ImageObject","inLanguage":"es","@id":"http:\/\/www.aspack.es\/news\/#\/schema\/person\/image\/","url":"https:\/\/secure.gravatar.com\/avatar\/6a6c60542c39a2d052b8b1e8c5145e669bf888b9b229b3da0e43092daac8a32e?s=96&d=mm&r=g","contentUrl":"https:\/\/secure.gravatar.com\/avatar\/6a6c60542c39a2d052b8b1e8c5145e669bf888b9b229b3da0e43092daac8a32e?s=96&d=mm&r=g","caption":"admin"},"url":"https:\/\/www.aspack.es\/news\/author\/admin\/"}]}},"_links":{"self":[{"href":"https:\/\/www.aspack.es\/news\/wp-json\/wp\/v2\/posts\/795","targetHints":{"allow":["GET"]}}],"collection":[{"href":"https:\/\/www.aspack.es\/news\/wp-json\/wp\/v2\/posts"}],"about":[{"href":"https:\/\/www.aspack.es\/news\/wp-json\/wp\/v2\/types\/post"}],"author":[{"embeddable":true,"href":"https:\/\/www.aspack.es\/news\/wp-json\/wp\/v2\/users\/1"}],"replies":[{"embeddable":true,"href":"https:\/\/www.aspack.es\/news\/wp-json\/wp\/v2\/comments?post=795"}],"version-history":[{"count":1,"href":"https:\/\/www.aspack.es\/news\/wp-json\/wp\/v2\/posts\/795\/revisions"}],"predecessor-version":[{"id":798,"href":"https:\/\/www.aspack.es\/news\/wp-json\/wp\/v2\/posts\/795\/revisions\/798"}],"wp:featuredmedia":[{"embeddable":true,"href":"https:\/\/www.aspack.es\/news\/wp-json\/wp\/v2\/media\/796"}],"wp:attachment":[{"href":"https:\/\/www.aspack.es\/news\/wp-json\/wp\/v2\/media?parent=795"}],"wp:term":[{"taxonomy":"category","embeddable":true,"href":"https:\/\/www.aspack.es\/news\/wp-json\/wp\/v2\/categories?post=795"},{"taxonomy":"post_tag","embeddable":true,"href":"https:\/\/www.aspack.es\/news\/wp-json\/wp\/v2\/tags?post=795"}],"curies":[{"name":"wp","href":"https:\/\/api.w.org\/{rel}","templated":true}]}}