{"id":800,"date":"2019-01-11T06:05:59","date_gmt":"2019-01-11T06:05:59","guid":{"rendered":"http:\/\/www.aspack.es\/news\/?p=800"},"modified":"2019-02-13T13:36:40","modified_gmt":"2019-02-13T13:36:40","slug":"truyol-digital-muestra-las-tendencias-de-decoracion-para-este-2019","status":"publish","type":"post","link":"https:\/\/www.aspack.es\/news\/truyol-digital-muestra-las-tendencias-de-decoracion-para-este-2019\/","title":{"rendered":"Truyol Digital muestra las tendencias de decoraci\u00f3n para este 2019"},"content":{"rendered":"<p>Truyol Digital nos muestra c\u00f3mo aplicar las tendencias en decoraci\u00f3n e interiorismo de 2019 a trav\u00e9s de la impresi\u00f3n digital, una opci\u00f3n que permite crear piezas exclusivas y personalizadas, a medida de cada estancia.<\/p>\n<p><strong>Espacios elegantes<\/strong><\/p>\n<p>Este 2019 predominar\u00e1n los espacios abiertos, multifuncionales y confortables, pero con mucha elegancia, seg\u00fan la plataforma de referencia de decoradores e interioristas Houzz.es. El concepto de elegancia 2019 hace referencia a interiorismos maximalistas, con colores profundos como el rojo, azul o verde; patrones geom\u00e9tricos, texturas y una decoraci\u00f3n muy visual con piezas protagonistas.<\/p>\n<p>Uno de los elementos que se recuperan para 2019 son las l\u00e1mparas de ara\u00f1a. Se trata de un cl\u00e1sico que se reinventa con dise\u00f1os contempor\u00e1neos y materiales nada convencionales.<\/p>\n<p><a href=\"http:\/\/www.aspack.es\/news\/wp-content\/uploads\/2019\/01\/lampara-metacrilato-composicion.jpg\" rel=\"attachment wp-att-803\"><img loading=\"lazy\" decoding=\"async\" class=\"aligncenter size-large wp-image-803\" src=\"http:\/\/www.aspack.es\/news\/wp-content\/uploads\/2019\/01\/lampara-metacrilato-composicion-1024x521.jpg\" alt=\"lampara metacrilato composicion\" width=\"1020\" height=\"519\" srcset=\"https:\/\/www.aspack.es\/news\/wp-content\/uploads\/2019\/01\/lampara-metacrilato-composicion-1024x521.jpg 1024w, https:\/\/www.aspack.es\/news\/wp-content\/uploads\/2019\/01\/lampara-metacrilato-composicion-300x153.jpg 300w, https:\/\/www.aspack.es\/news\/wp-content\/uploads\/2019\/01\/lampara-metacrilato-composicion-768x390.jpg 768w, https:\/\/www.aspack.es\/news\/wp-content\/uploads\/2019\/01\/lampara-metacrilato-composicion-480x244.jpg 480w, https:\/\/www.aspack.es\/news\/wp-content\/uploads\/2019\/01\/lampara-metacrilato-composicion-984x500.jpg 984w, https:\/\/www.aspack.es\/news\/wp-content\/uploads\/2019\/01\/lampara-metacrilato-composicion.jpg 1200w\" sizes=\"auto, (max-width: 1020px) 100vw, 1020px\" \/><\/a><\/p>\n<p>Truyol Digital se convierte en el aliado perfecto de decoradores e interioristas gracias a la posibilidad de crear piezas personalizadas como esta l\u00e1mpara de ara\u00f1a impresa sobre metacrilato. Este elemento ya no es exclusivo del sal\u00f3n, sino que ha conquistado otras estancias como el dormitorio, la cocina o, incluso, el ba\u00f1o.<\/p>\n<p><strong>Vuelve el <em>Art D\u00e9co<\/em><\/strong><\/p>\n<p>Suelos de damero en continuidad para unificar estancias, estampados geom\u00e9tricos como el cubo, la esfera o el zig-zag, mosaicos curvos, colores c\u00e1lidos, materiales naturales\u2026 en 2019 recuperamos la est\u00e9tica de mediados de los a\u00f1os 50 con un aire vanguardista.<\/p>\n<p>Truyol Digital dispone de una gran variedad de materiales imprimibles para darle una est\u00e9tica <em>neofifty<\/em> a cualquier estancia a trav\u00e9s de las paredes y los suelos con multitud de soportes flexibles como el sintasol, papeles adhesivos, textiles o vinilos.<\/p>\n<p><a href=\"http:\/\/www.aspack.es\/news\/wp-content\/uploads\/2019\/01\/textil-autoadhesivo-composicion.jpg\" rel=\"attachment wp-att-804\"><img loading=\"lazy\" decoding=\"async\" class=\"aligncenter size-large wp-image-804\" src=\"http:\/\/www.aspack.es\/news\/wp-content\/uploads\/2019\/01\/textil-autoadhesivo-composicion-1024x468.jpg\" alt=\"textil autoadhesivo composicion\" width=\"1020\" height=\"466\" srcset=\"https:\/\/www.aspack.es\/news\/wp-content\/uploads\/2019\/01\/textil-autoadhesivo-composicion-1024x468.jpg 1024w, https:\/\/www.aspack.es\/news\/wp-content\/uploads\/2019\/01\/textil-autoadhesivo-composicion-300x137.jpg 300w, https:\/\/www.aspack.es\/news\/wp-content\/uploads\/2019\/01\/textil-autoadhesivo-composicion-768x351.jpg 768w, https:\/\/www.aspack.es\/news\/wp-content\/uploads\/2019\/01\/textil-autoadhesivo-composicion-480x220.jpg 480w, https:\/\/www.aspack.es\/news\/wp-content\/uploads\/2019\/01\/textil-autoadhesivo-composicion-1093x500.jpg 1093w, https:\/\/www.aspack.es\/news\/wp-content\/uploads\/2019\/01\/textil-autoadhesivo-composicion.jpg 1200w\" sizes=\"auto, (max-width: 1020px) 100vw, 1020px\" \/><\/a><\/p>\n<p>Los espacios de trabajo han de ser lugares luminosos y espaciosos, sin mucha ornamentaci\u00f3n. No obstante, es posible aplicar la tendencia del <em>Mid Century<\/em> a trav\u00e9s de aplicaciones selectivas.<\/p>\n<p><strong>Mobiliario vers\u00e1til<\/strong><\/p>\n<p>La versatilidad es un concepto que, actualmente, se ha convertido casi en un estilo de vida. El mobiliario que viene ha de ser muy vers\u00e1til y, uno de los elementos que vuelven a tomar protagonismo en la casa es el aparador, esta vez como una pieza vistosa, colorista y de aire setentero. Truyol Digital dispone de una multitud de materiales r\u00edgidos con los que configurar tanto mobiliario, como piezas o estructuras de decoraci\u00f3n.<\/p>\n<p><a href=\"http:\/\/www.aspack.es\/news\/wp-content\/uploads\/2019\/01\/perro-nido-de-abeja-vista-3.jpg\" rel=\"attachment wp-att-805\"><img loading=\"lazy\" decoding=\"async\" class=\"aligncenter size-large wp-image-805\" src=\"http:\/\/www.aspack.es\/news\/wp-content\/uploads\/2019\/01\/perro-nido-de-abeja-vista-3-1024x683.jpg\" alt=\"perro nido de abeja vista 3\" width=\"1020\" height=\"680\" srcset=\"https:\/\/www.aspack.es\/news\/wp-content\/uploads\/2019\/01\/perro-nido-de-abeja-vista-3-1024x683.jpg 1024w, https:\/\/www.aspack.es\/news\/wp-content\/uploads\/2019\/01\/perro-nido-de-abeja-vista-3-300x200.jpg 300w, https:\/\/www.aspack.es\/news\/wp-content\/uploads\/2019\/01\/perro-nido-de-abeja-vista-3-768x512.jpg 768w, https:\/\/www.aspack.es\/news\/wp-content\/uploads\/2019\/01\/perro-nido-de-abeja-vista-3-480x320.jpg 480w, https:\/\/www.aspack.es\/news\/wp-content\/uploads\/2019\/01\/perro-nido-de-abeja-vista-3-750x500.jpg 750w, https:\/\/www.aspack.es\/news\/wp-content\/uploads\/2019\/01\/perro-nido-de-abeja-vista-3.jpg 1200w\" sizes=\"auto, (max-width: 1020px) 100vw, 1020px\" \/><\/a><\/p>\n<p><strong>Un 2019 lleno de texturas<\/strong><\/p>\n<p>Los materiales nobles vuelven a nuestras casas: madera de nogal, piedra natural, m\u00e1rmol\u2026 Truyol Digital tiene soluciones para simular estos elementos como es el papel autoadhesivo Hi-Tack Stucco, un vinilo para pared con textura estucada muy resistente, flexible y de menor coste que la piedra natural.<\/p>\n<p><a href=\"http:\/\/www.aspack.es\/news\/wp-content\/uploads\/2019\/01\/stucco-composicion.jpg\" rel=\"attachment wp-att-806\"><img loading=\"lazy\" decoding=\"async\" class=\"aligncenter size-large wp-image-806\" src=\"http:\/\/www.aspack.es\/news\/wp-content\/uploads\/2019\/01\/stucco-composicion-1024x468.jpg\" alt=\"stucco composicion\" width=\"1020\" height=\"466\" srcset=\"https:\/\/www.aspack.es\/news\/wp-content\/uploads\/2019\/01\/stucco-composicion-1024x468.jpg 1024w, https:\/\/www.aspack.es\/news\/wp-content\/uploads\/2019\/01\/stucco-composicion-300x137.jpg 300w, https:\/\/www.aspack.es\/news\/wp-content\/uploads\/2019\/01\/stucco-composicion-768x351.jpg 768w, https:\/\/www.aspack.es\/news\/wp-content\/uploads\/2019\/01\/stucco-composicion-480x220.jpg 480w, https:\/\/www.aspack.es\/news\/wp-content\/uploads\/2019\/01\/stucco-composicion-1093x500.jpg 1093w, https:\/\/www.aspack.es\/news\/wp-content\/uploads\/2019\/01\/stucco-composicion.jpg 1200w\" sizes=\"auto, (max-width: 1020px) 100vw, 1020px\" \/><\/a><\/p>\n<p>Esta muestra se ha integrado en un ba\u00f1o en combinaci\u00f3n con la madera, lo que aporta un contraste que, junto al mobiliario totalmente blanco, invita a la relajaci\u00f3n, el principal concepto para la decoraci\u00f3n de ba\u00f1os en 2019. En esta l\u00ednea, tambi\u00e9n se destilan los acabados met\u00e1licos en color dorado o bronce para grifer\u00eda y jaboneras, as\u00ed como la retroiluminaci\u00f3n en los espejos.<\/p>\n<p>Llevamos las texturas a la cocina -en la que predominan los motivos vegetales y animales, sobre todo en pared- con esta impresi\u00f3n sobre corcho natural, un material ecol\u00f3gico y reciclable que se adapta perfectamente a paredes.<\/p>\n<p>En definitiva, la impresi\u00f3n digital de Truyol Digital se ha convertido en una herramienta de trabajo de decoradores e interioristas ya que permite crear todas las piezas, estructuras y elementos de forma totalmente personalizada sobre una multitud de soportes, tanto r\u00edgidos como flexibles.<\/p>\n","protected":false},"excerpt":{"rendered":"<p>Truyol Digital nos muestra c\u00f3mo aplicar las tendencias en decoraci\u00f3n e interiorismo de 2019 a trav\u00e9s de la impresi\u00f3n digital, una opci\u00f3n que permite crear piezas exclusivas y personalizadas, a medida de cada estancia. Espacios elegantes Este 2019 predominar\u00e1n los espacios abiertos, multifuncionales y confortables, pero con mucha elegancia, seg\u00fan la plataforma de referencia de&hellip;<\/p>\n","protected":false},"author":1,"featured_media":807,"comment_status":"open","ping_status":"open","sticky":false,"template":"","format":"standard","meta":{"footnotes":""},"categories":[18,17],"tags":[],"class_list":["post-800","post","type-post","status-publish","format-standard","has-post-thumbnail","hentry","category-asociados","category-el-sector"],"yoast_head":"<!-- This site is optimized with the Yoast SEO plugin v25.9 - https:\/\/yoast.com\/wordpress\/plugins\/seo\/ -->\n<title>Truyol Digital muestra las tendencias de decoraci\u00f3n para este 2019 - ASPACK NEWS<\/title>\n<meta name=\"robots\" content=\"index, follow, max-snippet:-1, max-image-preview:large, max-video-preview:-1\" \/>\n<link rel=\"canonical\" href=\"https:\/\/www.aspack.es\/news\/truyol-digital-muestra-las-tendencias-de-decoracion-para-este-2019\/\" \/>\n<meta property=\"og:locale\" content=\"es_ES\" \/>\n<meta property=\"og:type\" content=\"article\" \/>\n<meta property=\"og:title\" content=\"Truyol Digital muestra las tendencias de decoraci\u00f3n para este 2019 - ASPACK NEWS\" \/>\n<meta property=\"og:description\" content=\"Truyol Digital nos muestra c\u00f3mo aplicar las tendencias en decoraci\u00f3n e interiorismo de 2019 a trav\u00e9s de la impresi\u00f3n digital, una opci\u00f3n que permite crear piezas exclusivas y personalizadas, a medida de cada estancia. Espacios elegantes Este 2019 predominar\u00e1n los espacios abiertos, multifuncionales y confortables, pero con mucha elegancia, seg\u00fan la plataforma de referencia de&hellip;\" \/>\n<meta property=\"og:url\" content=\"https:\/\/www.aspack.es\/news\/truyol-digital-muestra-las-tendencias-de-decoracion-para-este-2019\/\" \/>\n<meta property=\"og:site_name\" content=\"ASPACK NEWS\" \/>\n<meta property=\"article:published_time\" content=\"2019-01-11T06:05:59+00:00\" \/>\n<meta property=\"article:modified_time\" content=\"2019-02-13T13:36:40+00:00\" \/>\n<meta property=\"og:image\" content=\"https:\/\/www.aspack.es\/news\/wp-content\/uploads\/2019\/01\/corcho.jpg\" \/>\n\t<meta property=\"og:image:width\" content=\"1200\" \/>\n\t<meta property=\"og:image:height\" content=\"800\" \/>\n\t<meta property=\"og:image:type\" content=\"image\/jpeg\" \/>\n<meta name=\"author\" content=\"admin\" \/>\n<meta name=\"twitter:card\" content=\"summary_large_image\" \/>\n<meta name=\"twitter:label1\" content=\"Escrito por\" \/>\n\t<meta name=\"twitter:data1\" content=\"admin\" \/>\n\t<meta name=\"twitter:label2\" content=\"Tiempo de lectura\" \/>\n\t<meta name=\"twitter:data2\" content=\"3 minutos\" \/>\n<script type=\"application\/ld+json\" class=\"yoast-schema-graph\">{\"@context\":\"https:\/\/schema.org\",\"@graph\":[{\"@type\":\"WebPage\",\"@id\":\"https:\/\/www.aspack.es\/news\/truyol-digital-muestra-las-tendencias-de-decoracion-para-este-2019\/\",\"url\":\"https:\/\/www.aspack.es\/news\/truyol-digital-muestra-las-tendencias-de-decoracion-para-este-2019\/\",\"name\":\"Truyol Digital muestra las tendencias de decoraci\u00f3n para este 2019 - ASPACK NEWS\",\"isPartOf\":{\"@id\":\"http:\/\/www.aspack.es\/news\/#website\"},\"primaryImageOfPage\":{\"@id\":\"https:\/\/www.aspack.es\/news\/truyol-digital-muestra-las-tendencias-de-decoracion-para-este-2019\/#primaryimage\"},\"image\":{\"@id\":\"https:\/\/www.aspack.es\/news\/truyol-digital-muestra-las-tendencias-de-decoracion-para-este-2019\/#primaryimage\"},\"thumbnailUrl\":\"https:\/\/www.aspack.es\/news\/wp-content\/uploads\/2019\/01\/corcho.jpg\",\"datePublished\":\"2019-01-11T06:05:59+00:00\",\"dateModified\":\"2019-02-13T13:36:40+00:00\",\"author\":{\"@id\":\"http:\/\/www.aspack.es\/news\/#\/schema\/person\/0019098322836346476fc7dfdbd26d95\"},\"breadcrumb\":{\"@id\":\"https:\/\/www.aspack.es\/news\/truyol-digital-muestra-las-tendencias-de-decoracion-para-este-2019\/#breadcrumb\"},\"inLanguage\":\"es\",\"potentialAction\":[{\"@type\":\"ReadAction\",\"target\":[\"https:\/\/www.aspack.es\/news\/truyol-digital-muestra-las-tendencias-de-decoracion-para-este-2019\/\"]}]},{\"@type\":\"ImageObject\",\"inLanguage\":\"es\",\"@id\":\"https:\/\/www.aspack.es\/news\/truyol-digital-muestra-las-tendencias-de-decoracion-para-este-2019\/#primaryimage\",\"url\":\"https:\/\/www.aspack.es\/news\/wp-content\/uploads\/2019\/01\/corcho.jpg\",\"contentUrl\":\"https:\/\/www.aspack.es\/news\/wp-content\/uploads\/2019\/01\/corcho.jpg\",\"width\":1200,\"height\":800},{\"@type\":\"BreadcrumbList\",\"@id\":\"https:\/\/www.aspack.es\/news\/truyol-digital-muestra-las-tendencias-de-decoracion-para-este-2019\/#breadcrumb\",\"itemListElement\":[{\"@type\":\"ListItem\",\"position\":1,\"name\":\"Portada\",\"item\":\"http:\/\/www.aspack.es\/news\/\"},{\"@type\":\"ListItem\",\"position\":2,\"name\":\"Truyol Digital muestra las tendencias de decoraci\u00f3n para este 2019\"}]},{\"@type\":\"WebSite\",\"@id\":\"http:\/\/www.aspack.es\/news\/#website\",\"url\":\"http:\/\/www.aspack.es\/news\/\",\"name\":\"ASPACK NEWS\",\"description\":\"El peri?dico digital de los envases de cart?n\",\"potentialAction\":[{\"@type\":\"SearchAction\",\"target\":{\"@type\":\"EntryPoint\",\"urlTemplate\":\"http:\/\/www.aspack.es\/news\/?s={search_term_string}\"},\"query-input\":{\"@type\":\"PropertyValueSpecification\",\"valueRequired\":true,\"valueName\":\"search_term_string\"}}],\"inLanguage\":\"es\"},{\"@type\":\"Person\",\"@id\":\"http:\/\/www.aspack.es\/news\/#\/schema\/person\/0019098322836346476fc7dfdbd26d95\",\"name\":\"admin\",\"image\":{\"@type\":\"ImageObject\",\"inLanguage\":\"es\",\"@id\":\"http:\/\/www.aspack.es\/news\/#\/schema\/person\/image\/\",\"url\":\"https:\/\/secure.gravatar.com\/avatar\/6a6c60542c39a2d052b8b1e8c5145e669bf888b9b229b3da0e43092daac8a32e?s=96&d=mm&r=g\",\"contentUrl\":\"https:\/\/secure.gravatar.com\/avatar\/6a6c60542c39a2d052b8b1e8c5145e669bf888b9b229b3da0e43092daac8a32e?s=96&d=mm&r=g\",\"caption\":\"admin\"},\"url\":\"https:\/\/www.aspack.es\/news\/author\/admin\/\"}]}<\/script>\n<!-- \/ Yoast SEO plugin. -->","yoast_head_json":{"title":"Truyol Digital muestra las tendencias de decoraci\u00f3n para este 2019 - ASPACK NEWS","robots":{"index":"index","follow":"follow","max-snippet":"max-snippet:-1","max-image-preview":"max-image-preview:large","max-video-preview":"max-video-preview:-1"},"canonical":"https:\/\/www.aspack.es\/news\/truyol-digital-muestra-las-tendencias-de-decoracion-para-este-2019\/","og_locale":"es_ES","og_type":"article","og_title":"Truyol Digital muestra las tendencias de decoraci\u00f3n para este 2019 - ASPACK NEWS","og_description":"Truyol Digital nos muestra c\u00f3mo aplicar las tendencias en decoraci\u00f3n e interiorismo de 2019 a trav\u00e9s de la impresi\u00f3n digital, una opci\u00f3n que permite crear piezas exclusivas y personalizadas, a medida de cada estancia. Espacios elegantes Este 2019 predominar\u00e1n los espacios abiertos, multifuncionales y confortables, pero con mucha elegancia, seg\u00fan la plataforma de referencia de&hellip;","og_url":"https:\/\/www.aspack.es\/news\/truyol-digital-muestra-las-tendencias-de-decoracion-para-este-2019\/","og_site_name":"ASPACK NEWS","article_published_time":"2019-01-11T06:05:59+00:00","article_modified_time":"2019-02-13T13:36:40+00:00","og_image":[{"width":1200,"height":800,"url":"https:\/\/www.aspack.es\/news\/wp-content\/uploads\/2019\/01\/corcho.jpg","type":"image\/jpeg"}],"author":"admin","twitter_card":"summary_large_image","twitter_misc":{"Escrito por":"admin","Tiempo de lectura":"3 minutos"},"schema":{"@context":"https:\/\/schema.org","@graph":[{"@type":"WebPage","@id":"https:\/\/www.aspack.es\/news\/truyol-digital-muestra-las-tendencias-de-decoracion-para-este-2019\/","url":"https:\/\/www.aspack.es\/news\/truyol-digital-muestra-las-tendencias-de-decoracion-para-este-2019\/","name":"Truyol Digital muestra las tendencias de decoraci\u00f3n para este 2019 - ASPACK NEWS","isPartOf":{"@id":"http:\/\/www.aspack.es\/news\/#website"},"primaryImageOfPage":{"@id":"https:\/\/www.aspack.es\/news\/truyol-digital-muestra-las-tendencias-de-decoracion-para-este-2019\/#primaryimage"},"image":{"@id":"https:\/\/www.aspack.es\/news\/truyol-digital-muestra-las-tendencias-de-decoracion-para-este-2019\/#primaryimage"},"thumbnailUrl":"https:\/\/www.aspack.es\/news\/wp-content\/uploads\/2019\/01\/corcho.jpg","datePublished":"2019-01-11T06:05:59+00:00","dateModified":"2019-02-13T13:36:40+00:00","author":{"@id":"http:\/\/www.aspack.es\/news\/#\/schema\/person\/0019098322836346476fc7dfdbd26d95"},"breadcrumb":{"@id":"https:\/\/www.aspack.es\/news\/truyol-digital-muestra-las-tendencias-de-decoracion-para-este-2019\/#breadcrumb"},"inLanguage":"es","potentialAction":[{"@type":"ReadAction","target":["https:\/\/www.aspack.es\/news\/truyol-digital-muestra-las-tendencias-de-decoracion-para-este-2019\/"]}]},{"@type":"ImageObject","inLanguage":"es","@id":"https:\/\/www.aspack.es\/news\/truyol-digital-muestra-las-tendencias-de-decoracion-para-este-2019\/#primaryimage","url":"https:\/\/www.aspack.es\/news\/wp-content\/uploads\/2019\/01\/corcho.jpg","contentUrl":"https:\/\/www.aspack.es\/news\/wp-content\/uploads\/2019\/01\/corcho.jpg","width":1200,"height":800},{"@type":"BreadcrumbList","@id":"https:\/\/www.aspack.es\/news\/truyol-digital-muestra-las-tendencias-de-decoracion-para-este-2019\/#breadcrumb","itemListElement":[{"@type":"ListItem","position":1,"name":"Portada","item":"http:\/\/www.aspack.es\/news\/"},{"@type":"ListItem","position":2,"name":"Truyol Digital muestra las tendencias de decoraci\u00f3n para este 2019"}]},{"@type":"WebSite","@id":"http:\/\/www.aspack.es\/news\/#website","url":"http:\/\/www.aspack.es\/news\/","name":"ASPACK NEWS","description":"El peri?dico digital de los envases de cart?n","potentialAction":[{"@type":"SearchAction","target":{"@type":"EntryPoint","urlTemplate":"http:\/\/www.aspack.es\/news\/?s={search_term_string}"},"query-input":{"@type":"PropertyValueSpecification","valueRequired":true,"valueName":"search_term_string"}}],"inLanguage":"es"},{"@type":"Person","@id":"http:\/\/www.aspack.es\/news\/#\/schema\/person\/0019098322836346476fc7dfdbd26d95","name":"admin","image":{"@type":"ImageObject","inLanguage":"es","@id":"http:\/\/www.aspack.es\/news\/#\/schema\/person\/image\/","url":"https:\/\/secure.gravatar.com\/avatar\/6a6c60542c39a2d052b8b1e8c5145e669bf888b9b229b3da0e43092daac8a32e?s=96&d=mm&r=g","contentUrl":"https:\/\/secure.gravatar.com\/avatar\/6a6c60542c39a2d052b8b1e8c5145e669bf888b9b229b3da0e43092daac8a32e?s=96&d=mm&r=g","caption":"admin"},"url":"https:\/\/www.aspack.es\/news\/author\/admin\/"}]}},"_links":{"self":[{"href":"https:\/\/www.aspack.es\/news\/wp-json\/wp\/v2\/posts\/800","targetHints":{"allow":["GET"]}}],"collection":[{"href":"https:\/\/www.aspack.es\/news\/wp-json\/wp\/v2\/posts"}],"about":[{"href":"https:\/\/www.aspack.es\/news\/wp-json\/wp\/v2\/types\/post"}],"author":[{"embeddable":true,"href":"https:\/\/www.aspack.es\/news\/wp-json\/wp\/v2\/users\/1"}],"replies":[{"embeddable":true,"href":"https:\/\/www.aspack.es\/news\/wp-json\/wp\/v2\/comments?post=800"}],"version-history":[{"count":3,"href":"https:\/\/www.aspack.es\/news\/wp-json\/wp\/v2\/posts\/800\/revisions"}],"predecessor-version":[{"id":809,"href":"https:\/\/www.aspack.es\/news\/wp-json\/wp\/v2\/posts\/800\/revisions\/809"}],"wp:featuredmedia":[{"embeddable":true,"href":"https:\/\/www.aspack.es\/news\/wp-json\/wp\/v2\/media\/807"}],"wp:attachment":[{"href":"https:\/\/www.aspack.es\/news\/wp-json\/wp\/v2\/media?parent=800"}],"wp:term":[{"taxonomy":"category","embeddable":true,"href":"https:\/\/www.aspack.es\/news\/wp-json\/wp\/v2\/categories?post=800"},{"taxonomy":"post_tag","embeddable":true,"href":"https:\/\/www.aspack.es\/news\/wp-json\/wp\/v2\/tags?post=800"}],"curies":[{"name":"wp","href":"https:\/\/api.w.org\/{rel}","templated":true}]}}