{"id":810,"date":"2019-01-16T13:54:31","date_gmt":"2019-01-16T13:54:31","guid":{"rendered":"http:\/\/www.aspack.es\/news\/?p=810"},"modified":"2019-02-13T13:36:32","modified_gmt":"2019-02-13T13:36:32","slug":"abierto-el-plazo-para-participar-en-los-premios-procarton-a-jovenes-disenadores-2019","status":"publish","type":"post","link":"https:\/\/www.aspack.es\/news\/abierto-el-plazo-para-participar-en-los-premios-procarton-a-jovenes-disenadores-2019\/","title":{"rendered":"Abierto el plazo para participar en los Premios ProCarton a j\u00f3venes dise\u00f1adores 2019"},"content":{"rendered":"<p>Ya est\u00e1 abierta la convocatoria de 2019 de los premios ProCarton a j\u00f3venes dise\u00f1adores. Estos galardones se han consolidado como los premios europeos m\u00e1s importantes para los j\u00f3venes estudiantes de dise\u00f1o de packaging. De hecho, el a\u00f1o pasado se presentaron m\u00e1s de 400 trabajos procedentes de 50 escuelas de dise\u00f1o de 21 pa\u00edses diferentes.<\/p>\n<p>Los estudiantes de dise\u00f1o que est\u00e9n interesados en participar pueden inscribirse hasta mediados de mayo. Hay cuatro categor\u00edas diferentes:<\/p>\n<ul>\n<li><strong>Packaging de cart\u00f3n para comida y bebida:<\/strong> este premio se centra en el cart\u00f3n como el material m\u00e1s sostenible para este tipo de packaging por sus posibilidades de reciclaje.<\/li>\n<li><strong>Packaging creativo de cart\u00f3n:<\/strong> este premio se centra en el uso de cart\u00f3n para el packaging de todo tipo de productos no relacionados con la comida ni la bebida.<\/li>\n<li><strong>Ideas creativas en cart\u00f3n:<\/strong> \u00a1pensemos m\u00e1s all\u00e1! Este premio es una oportunidad para aquellas ideas no relacionadas con el pakcaging.<\/li>\n<li><strong>Salvad al planeta:<\/strong> en esta categor\u00eda, los j\u00f3venes dise\u00f1adores pueden presentar aquellos trabajos en los que utilicen cart\u00f3n como material ecol\u00f3gico que sustituya a otros que son perjudiciales para el medio ambiente.<\/li>\n<\/ul>\n<p>En total el jurado elegir\u00e1 a cuatro ganadores y seis finalistas. Tanto ellos como sus profesores ser\u00e1n invitados a la gala de entrega de premios, que tendr\u00e1 lugar el 19 de septiembre en Malta, en el marco del congreso anual de ECMA.<\/p>\n<p>El premio para los ganadores de las cuatro categor\u00edas ser\u00e1 una visita a la empresa sueca <a href=\"https:\/\/www.storaenso.com\/\" target=\"_blank\">Stora Enso Mill<\/a>, as\u00ed como un curso en <a href=\"https:\/\/www.ar-packaging.com\/\" target=\"_blank\">AR Packaging<\/a>.<\/p>\n<p>En la p\u00e1gina web de ProCarton hay m\u00e1s informaci\u00f3n sobre el concurso, as\u00ed como im\u00e1genes de los trabajos que se presentaron a los premios el a\u00f1o pasado. <a href=\"https:\/\/www.procarton.com\/awards\/carton-excellence-award\/2018\/\" target=\"_blank\">Aqu\u00ed<\/a> puedes consultarla.<\/p>\n","protected":false},"excerpt":{"rendered":"<p>Ya est\u00e1 abierta la convocatoria de 2019 de los premios ProCarton a j\u00f3venes dise\u00f1adores. Estos galardones se han consolidado como los premios europeos m\u00e1s importantes para los j\u00f3venes estudiantes de dise\u00f1o de packaging. De hecho, el a\u00f1o pasado se presentaron m\u00e1s de 400 trabajos procedentes de 50 escuelas de dise\u00f1o de 21 pa\u00edses diferentes. Los&hellip;<\/p>\n","protected":false},"author":1,"featured_media":811,"comment_status":"closed","ping_status":"open","sticky":false,"template":"","format":"standard","meta":{"footnotes":""},"categories":[17,19],"tags":[],"class_list":["post-810","post","type-post","status-publish","format-standard","has-post-thumbnail","hentry","category-el-sector","category-eventos"],"yoast_head":"<!-- This site is optimized with the Yoast SEO plugin v25.9 - https:\/\/yoast.com\/wordpress\/plugins\/seo\/ -->\n<title>Abierto el plazo para participar en los Premios ProCarton a j\u00f3venes dise\u00f1adores 2019 - ASPACK NEWS<\/title>\n<meta name=\"robots\" content=\"index, follow, max-snippet:-1, max-image-preview:large, max-video-preview:-1\" \/>\n<link rel=\"canonical\" href=\"https:\/\/www.aspack.es\/news\/abierto-el-plazo-para-participar-en-los-premios-procarton-a-jovenes-disenadores-2019\/\" \/>\n<meta property=\"og:locale\" content=\"es_ES\" \/>\n<meta property=\"og:type\" content=\"article\" \/>\n<meta property=\"og:title\" content=\"Abierto el plazo para participar en los Premios ProCarton a j\u00f3venes dise\u00f1adores 2019 - ASPACK NEWS\" \/>\n<meta property=\"og:description\" content=\"Ya est\u00e1 abierta la convocatoria de 2019 de los premios ProCarton a j\u00f3venes dise\u00f1adores. Estos galardones se han consolidado como los premios europeos m\u00e1s importantes para los j\u00f3venes estudiantes de dise\u00f1o de packaging. De hecho, el a\u00f1o pasado se presentaron m\u00e1s de 400 trabajos procedentes de 50 escuelas de dise\u00f1o de 21 pa\u00edses diferentes. Los&hellip;\" \/>\n<meta property=\"og:url\" content=\"https:\/\/www.aspack.es\/news\/abierto-el-plazo-para-participar-en-los-premios-procarton-a-jovenes-disenadores-2019\/\" \/>\n<meta property=\"og:site_name\" content=\"ASPACK NEWS\" \/>\n<meta property=\"article:published_time\" content=\"2019-01-16T13:54:31+00:00\" \/>\n<meta property=\"article:modified_time\" content=\"2019-02-13T13:36:32+00:00\" \/>\n<meta property=\"og:image\" content=\"https:\/\/www.aspack.es\/news\/wp-content\/uploads\/2019\/01\/Pro-Carton-Young-Designers.jpg\" \/>\n\t<meta property=\"og:image:width\" content=\"828\" \/>\n\t<meta property=\"og:image:height\" content=\"467\" \/>\n\t<meta property=\"og:image:type\" content=\"image\/jpeg\" \/>\n<meta name=\"author\" content=\"admin\" \/>\n<meta name=\"twitter:card\" content=\"summary_large_image\" \/>\n<meta name=\"twitter:label1\" content=\"Escrito por\" \/>\n\t<meta name=\"twitter:data1\" content=\"admin\" \/>\n\t<meta name=\"twitter:label2\" content=\"Tiempo de lectura\" \/>\n\t<meta name=\"twitter:data2\" content=\"2 minutos\" \/>\n<script type=\"application\/ld+json\" class=\"yoast-schema-graph\">{\"@context\":\"https:\/\/schema.org\",\"@graph\":[{\"@type\":\"WebPage\",\"@id\":\"https:\/\/www.aspack.es\/news\/abierto-el-plazo-para-participar-en-los-premios-procarton-a-jovenes-disenadores-2019\/\",\"url\":\"https:\/\/www.aspack.es\/news\/abierto-el-plazo-para-participar-en-los-premios-procarton-a-jovenes-disenadores-2019\/\",\"name\":\"Abierto el plazo para participar en los Premios ProCarton a j\u00f3venes dise\u00f1adores 2019 - ASPACK NEWS\",\"isPartOf\":{\"@id\":\"http:\/\/www.aspack.es\/news\/#website\"},\"primaryImageOfPage\":{\"@id\":\"https:\/\/www.aspack.es\/news\/abierto-el-plazo-para-participar-en-los-premios-procarton-a-jovenes-disenadores-2019\/#primaryimage\"},\"image\":{\"@id\":\"https:\/\/www.aspack.es\/news\/abierto-el-plazo-para-participar-en-los-premios-procarton-a-jovenes-disenadores-2019\/#primaryimage\"},\"thumbnailUrl\":\"https:\/\/www.aspack.es\/news\/wp-content\/uploads\/2019\/01\/Pro-Carton-Young-Designers.jpg\",\"datePublished\":\"2019-01-16T13:54:31+00:00\",\"dateModified\":\"2019-02-13T13:36:32+00:00\",\"author\":{\"@id\":\"http:\/\/www.aspack.es\/news\/#\/schema\/person\/0019098322836346476fc7dfdbd26d95\"},\"breadcrumb\":{\"@id\":\"https:\/\/www.aspack.es\/news\/abierto-el-plazo-para-participar-en-los-premios-procarton-a-jovenes-disenadores-2019\/#breadcrumb\"},\"inLanguage\":\"es\",\"potentialAction\":[{\"@type\":\"ReadAction\",\"target\":[\"https:\/\/www.aspack.es\/news\/abierto-el-plazo-para-participar-en-los-premios-procarton-a-jovenes-disenadores-2019\/\"]}]},{\"@type\":\"ImageObject\",\"inLanguage\":\"es\",\"@id\":\"https:\/\/www.aspack.es\/news\/abierto-el-plazo-para-participar-en-los-premios-procarton-a-jovenes-disenadores-2019\/#primaryimage\",\"url\":\"https:\/\/www.aspack.es\/news\/wp-content\/uploads\/2019\/01\/Pro-Carton-Young-Designers.jpg\",\"contentUrl\":\"https:\/\/www.aspack.es\/news\/wp-content\/uploads\/2019\/01\/Pro-Carton-Young-Designers.jpg\",\"width\":828,\"height\":467},{\"@type\":\"BreadcrumbList\",\"@id\":\"https:\/\/www.aspack.es\/news\/abierto-el-plazo-para-participar-en-los-premios-procarton-a-jovenes-disenadores-2019\/#breadcrumb\",\"itemListElement\":[{\"@type\":\"ListItem\",\"position\":1,\"name\":\"Portada\",\"item\":\"http:\/\/www.aspack.es\/news\/\"},{\"@type\":\"ListItem\",\"position\":2,\"name\":\"Abierto el plazo para participar en los Premios ProCarton a j\u00f3venes dise\u00f1adores 2019\"}]},{\"@type\":\"WebSite\",\"@id\":\"http:\/\/www.aspack.es\/news\/#website\",\"url\":\"http:\/\/www.aspack.es\/news\/\",\"name\":\"ASPACK NEWS\",\"description\":\"El peri?dico digital de los envases de cart?n\",\"potentialAction\":[{\"@type\":\"SearchAction\",\"target\":{\"@type\":\"EntryPoint\",\"urlTemplate\":\"http:\/\/www.aspack.es\/news\/?s={search_term_string}\"},\"query-input\":{\"@type\":\"PropertyValueSpecification\",\"valueRequired\":true,\"valueName\":\"search_term_string\"}}],\"inLanguage\":\"es\"},{\"@type\":\"Person\",\"@id\":\"http:\/\/www.aspack.es\/news\/#\/schema\/person\/0019098322836346476fc7dfdbd26d95\",\"name\":\"admin\",\"image\":{\"@type\":\"ImageObject\",\"inLanguage\":\"es\",\"@id\":\"http:\/\/www.aspack.es\/news\/#\/schema\/person\/image\/\",\"url\":\"https:\/\/secure.gravatar.com\/avatar\/6a6c60542c39a2d052b8b1e8c5145e669bf888b9b229b3da0e43092daac8a32e?s=96&d=mm&r=g\",\"contentUrl\":\"https:\/\/secure.gravatar.com\/avatar\/6a6c60542c39a2d052b8b1e8c5145e669bf888b9b229b3da0e43092daac8a32e?s=96&d=mm&r=g\",\"caption\":\"admin\"},\"url\":\"https:\/\/www.aspack.es\/news\/author\/admin\/\"}]}<\/script>\n<!-- \/ Yoast SEO plugin. -->","yoast_head_json":{"title":"Abierto el plazo para participar en los Premios ProCarton a j\u00f3venes dise\u00f1adores 2019 - ASPACK NEWS","robots":{"index":"index","follow":"follow","max-snippet":"max-snippet:-1","max-image-preview":"max-image-preview:large","max-video-preview":"max-video-preview:-1"},"canonical":"https:\/\/www.aspack.es\/news\/abierto-el-plazo-para-participar-en-los-premios-procarton-a-jovenes-disenadores-2019\/","og_locale":"es_ES","og_type":"article","og_title":"Abierto el plazo para participar en los Premios ProCarton a j\u00f3venes dise\u00f1adores 2019 - ASPACK NEWS","og_description":"Ya est\u00e1 abierta la convocatoria de 2019 de los premios ProCarton a j\u00f3venes dise\u00f1adores. Estos galardones se han consolidado como los premios europeos m\u00e1s importantes para los j\u00f3venes estudiantes de dise\u00f1o de packaging. De hecho, el a\u00f1o pasado se presentaron m\u00e1s de 400 trabajos procedentes de 50 escuelas de dise\u00f1o de 21 pa\u00edses diferentes. Los&hellip;","og_url":"https:\/\/www.aspack.es\/news\/abierto-el-plazo-para-participar-en-los-premios-procarton-a-jovenes-disenadores-2019\/","og_site_name":"ASPACK NEWS","article_published_time":"2019-01-16T13:54:31+00:00","article_modified_time":"2019-02-13T13:36:32+00:00","og_image":[{"width":828,"height":467,"url":"https:\/\/www.aspack.es\/news\/wp-content\/uploads\/2019\/01\/Pro-Carton-Young-Designers.jpg","type":"image\/jpeg"}],"author":"admin","twitter_card":"summary_large_image","twitter_misc":{"Escrito por":"admin","Tiempo de lectura":"2 minutos"},"schema":{"@context":"https:\/\/schema.org","@graph":[{"@type":"WebPage","@id":"https:\/\/www.aspack.es\/news\/abierto-el-plazo-para-participar-en-los-premios-procarton-a-jovenes-disenadores-2019\/","url":"https:\/\/www.aspack.es\/news\/abierto-el-plazo-para-participar-en-los-premios-procarton-a-jovenes-disenadores-2019\/","name":"Abierto el plazo para participar en los Premios ProCarton a j\u00f3venes dise\u00f1adores 2019 - ASPACK NEWS","isPartOf":{"@id":"http:\/\/www.aspack.es\/news\/#website"},"primaryImageOfPage":{"@id":"https:\/\/www.aspack.es\/news\/abierto-el-plazo-para-participar-en-los-premios-procarton-a-jovenes-disenadores-2019\/#primaryimage"},"image":{"@id":"https:\/\/www.aspack.es\/news\/abierto-el-plazo-para-participar-en-los-premios-procarton-a-jovenes-disenadores-2019\/#primaryimage"},"thumbnailUrl":"https:\/\/www.aspack.es\/news\/wp-content\/uploads\/2019\/01\/Pro-Carton-Young-Designers.jpg","datePublished":"2019-01-16T13:54:31+00:00","dateModified":"2019-02-13T13:36:32+00:00","author":{"@id":"http:\/\/www.aspack.es\/news\/#\/schema\/person\/0019098322836346476fc7dfdbd26d95"},"breadcrumb":{"@id":"https:\/\/www.aspack.es\/news\/abierto-el-plazo-para-participar-en-los-premios-procarton-a-jovenes-disenadores-2019\/#breadcrumb"},"inLanguage":"es","potentialAction":[{"@type":"ReadAction","target":["https:\/\/www.aspack.es\/news\/abierto-el-plazo-para-participar-en-los-premios-procarton-a-jovenes-disenadores-2019\/"]}]},{"@type":"ImageObject","inLanguage":"es","@id":"https:\/\/www.aspack.es\/news\/abierto-el-plazo-para-participar-en-los-premios-procarton-a-jovenes-disenadores-2019\/#primaryimage","url":"https:\/\/www.aspack.es\/news\/wp-content\/uploads\/2019\/01\/Pro-Carton-Young-Designers.jpg","contentUrl":"https:\/\/www.aspack.es\/news\/wp-content\/uploads\/2019\/01\/Pro-Carton-Young-Designers.jpg","width":828,"height":467},{"@type":"BreadcrumbList","@id":"https:\/\/www.aspack.es\/news\/abierto-el-plazo-para-participar-en-los-premios-procarton-a-jovenes-disenadores-2019\/#breadcrumb","itemListElement":[{"@type":"ListItem","position":1,"name":"Portada","item":"http:\/\/www.aspack.es\/news\/"},{"@type":"ListItem","position":2,"name":"Abierto el plazo para participar en los Premios ProCarton a j\u00f3venes dise\u00f1adores 2019"}]},{"@type":"WebSite","@id":"http:\/\/www.aspack.es\/news\/#website","url":"http:\/\/www.aspack.es\/news\/","name":"ASPACK NEWS","description":"El peri?dico digital de los envases de cart?n","potentialAction":[{"@type":"SearchAction","target":{"@type":"EntryPoint","urlTemplate":"http:\/\/www.aspack.es\/news\/?s={search_term_string}"},"query-input":{"@type":"PropertyValueSpecification","valueRequired":true,"valueName":"search_term_string"}}],"inLanguage":"es"},{"@type":"Person","@id":"http:\/\/www.aspack.es\/news\/#\/schema\/person\/0019098322836346476fc7dfdbd26d95","name":"admin","image":{"@type":"ImageObject","inLanguage":"es","@id":"http:\/\/www.aspack.es\/news\/#\/schema\/person\/image\/","url":"https:\/\/secure.gravatar.com\/avatar\/6a6c60542c39a2d052b8b1e8c5145e669bf888b9b229b3da0e43092daac8a32e?s=96&d=mm&r=g","contentUrl":"https:\/\/secure.gravatar.com\/avatar\/6a6c60542c39a2d052b8b1e8c5145e669bf888b9b229b3da0e43092daac8a32e?s=96&d=mm&r=g","caption":"admin"},"url":"https:\/\/www.aspack.es\/news\/author\/admin\/"}]}},"_links":{"self":[{"href":"https:\/\/www.aspack.es\/news\/wp-json\/wp\/v2\/posts\/810","targetHints":{"allow":["GET"]}}],"collection":[{"href":"https:\/\/www.aspack.es\/news\/wp-json\/wp\/v2\/posts"}],"about":[{"href":"https:\/\/www.aspack.es\/news\/wp-json\/wp\/v2\/types\/post"}],"author":[{"embeddable":true,"href":"https:\/\/www.aspack.es\/news\/wp-json\/wp\/v2\/users\/1"}],"replies":[{"embeddable":true,"href":"https:\/\/www.aspack.es\/news\/wp-json\/wp\/v2\/comments?post=810"}],"version-history":[{"count":1,"href":"https:\/\/www.aspack.es\/news\/wp-json\/wp\/v2\/posts\/810\/revisions"}],"predecessor-version":[{"id":812,"href":"https:\/\/www.aspack.es\/news\/wp-json\/wp\/v2\/posts\/810\/revisions\/812"}],"wp:featuredmedia":[{"embeddable":true,"href":"https:\/\/www.aspack.es\/news\/wp-json\/wp\/v2\/media\/811"}],"wp:attachment":[{"href":"https:\/\/www.aspack.es\/news\/wp-json\/wp\/v2\/media?parent=810"}],"wp:term":[{"taxonomy":"category","embeddable":true,"href":"https:\/\/www.aspack.es\/news\/wp-json\/wp\/v2\/categories?post=810"},{"taxonomy":"post_tag","embeddable":true,"href":"https:\/\/www.aspack.es\/news\/wp-json\/wp\/v2\/tags?post=810"}],"curies":[{"name":"wp","href":"https:\/\/api.w.org\/{rel}","templated":true}]}}