{"id":820,"date":"2019-01-28T08:51:52","date_gmt":"2019-01-28T08:51:52","guid":{"rendered":"http:\/\/www.aspack.es\/news\/?p=820"},"modified":"2019-02-13T13:36:15","modified_gmt":"2019-02-13T13:36:15","slug":"los-grandes-eventos-del-sector-del-envase-de-carton-para-este-2019","status":"publish","type":"post","link":"https:\/\/www.aspack.es\/news\/los-grandes-eventos-del-sector-del-envase-de-carton-para-este-2019\/","title":{"rendered":"Los grandes eventos del sector del envase de cart\u00f3n para este 2019"},"content":{"rendered":"<p>En las primeras semanas del 2019 llega el momento de organizar la agenda. En ASPACK queremos facilitaros esta tarea haciendo un repaso de los grandes eventos del sector del envase de cart\u00f3n que nos esperan este a\u00f1o.<\/p>\n<p><strong>1. Reuni\u00f3n del grupo de fabricantes de envases plegables de ASPACK: <\/strong>la reuni\u00f3n se celebrar\u00e1 el 6 de febrero en la sede de la empresa Fedrigoni, que son socios colaboradores de ASPACK, en Getafe (Madrid). En este encuentro tambi\u00e9n tendremos tiempo para analizar el IX Congreso que celebramos en octubre de 2018 en Granada y para presentar los informes de la encuesta de satisfacci\u00f3n.<\/p>\n<p><strong>2. Portugal Print Packaging &amp; Labeling:<\/strong>\u00a0esta feria dedicada al mundo de la industria gr\u00e1fica, las etiquetas y el packaging se va a celebrar del 14 al 16 de febrero en el recinto de Feria Internacional Lisboa.\u00a0En <a href=\"https:\/\/www.portugalprint.com\/\" target=\"_blank\">este enlace<\/a> ten\u00e9is m\u00e1s informaci\u00f3n.<\/p>\n<p><strong>3. Foro del Papel:<\/strong> 28 de marzo en Madrid. Una nueva reuni\u00f3n del foro que defiende los valores del papel y que anualmente entrega unos premios que reconocen a figuras relacionadas con la industria en cualquiera de sus vertientes. Aprovecharemos esta fecha para celebrar una reuni\u00f3n de la Junta Directiva de ASPACK.<\/p>\n<p><strong>4. Graphispag:<\/strong> del 26 al 29 de marzo en Barcelona. La edici\u00f3n de 2019 de esta feria se va a dedicar especialmente a la tendencia creciente de personalizaci\u00f3n y a la digitalizaci\u00f3n de las empresas del sector. En <a href=\"http:\/\/www.graphispag.com\/\" target=\"_blank\">este enlace<\/a> hay m\u00e1s informaci\u00f3n.<\/p>\n<p><a href=\"http:\/\/www.aspack.es\/news\/wp-content\/uploads\/2019\/01\/graphispag2017-2.jpg\" rel=\"attachment wp-att-822\"><img loading=\"lazy\" decoding=\"async\" class=\"aligncenter size-large wp-image-822\" src=\"http:\/\/www.aspack.es\/news\/wp-content\/uploads\/2019\/01\/graphispag2017-2-1024x683.jpg\" alt=\"Graphispag 2017\" width=\"1020\" height=\"680\" srcset=\"https:\/\/www.aspack.es\/news\/wp-content\/uploads\/2019\/01\/graphispag2017-2-1024x683.jpg 1024w, https:\/\/www.aspack.es\/news\/wp-content\/uploads\/2019\/01\/graphispag2017-2-300x200.jpg 300w, https:\/\/www.aspack.es\/news\/wp-content\/uploads\/2019\/01\/graphispag2017-2-768x512.jpg 768w, https:\/\/www.aspack.es\/news\/wp-content\/uploads\/2019\/01\/graphispag2017-2-480x320.jpg 480w, https:\/\/www.aspack.es\/news\/wp-content\/uploads\/2019\/01\/graphispag2017-2-750x500.jpg 750w\" sizes=\"auto, (max-width: 1020px) 100vw, 1020px\" \/><\/a><\/p>\n<p><strong>5. FESPA Global Print Expo 2019:<\/strong> del 14 al 17 de mayo en M\u00fanich. FESPA 2019 es la mayor exposici\u00f3n internacional de impresi\u00f3n profesional de gran formato en Europa. En esta edici\u00f3n m\u00e1s de 700 expositores mostrar\u00e1n sus \u00faltimas innovaciones y lanzamientos en los sectores de impresi\u00f3n digital y serigraf\u00eda para aplicaciones de dise\u00f1o gr\u00e1fico, se\u00f1alizaci\u00f3n, decoraci\u00f3n, envase y embalaje, industrial y textil. <a href=\"https:\/\/www.fespaglobalprintexpo.com\/\" target=\"_blank\">Aqu\u00ed<\/a> hay m\u00e1s informaci\u00f3n. Adem\u00e1s, en la cena de gala del evento, el 15 de mayo, se entregar\u00e1n los galardones de los FESPA Awards.<\/p>\n<p><strong>6. Congreso FESPA Europa del Sur: <\/strong>se celebrar\u00e1 los d\u00edas 19 y 20 de junio en Madrid. La quinta edici\u00f3n del South European Print Congress de FESPA se va a celebrar en Espa\u00f1a, tal como han decidido las cuatro asociaciones organizadoras: FESPA Espa\u00f1a, FESPA Francia, FESPA Italia y Apigraf, de Portugal.<\/p>\n<p><strong>7. Congreso ECMA:<\/strong> el encuentro anual de la Asociaci\u00f3n Europea de Fabricantes de Envases de Cart\u00f3n tendr\u00e1 lugar los d\u00edas 19 y 20 de septiembre en Malta.<\/p>\n<p><strong>8. Labelexpo Europa 2019:<\/strong>\u00a0es el mayor evento de etiquetas del mundo. Comenz\u00f3 su andadura en Londres en 1980 y en 1985 se mud\u00f3 a Bruselas. La pr\u00f3xima edici\u00f3n de Labelexpo va a tener lugar del 24 al 27 de septiembre en la capital belga.\u00a0En la <a href=\"https:\/\/www.labelexpo-europe.com\/welcome-labelexpo-europe\" target=\"_blank\">p\u00e1gina web del evento<\/a> est\u00e1 toda la informaci\u00f3n.<\/p>\n<p><strong>9. C!Print Madrid: <\/strong>del 24 al 26 de septiembre en Madrid. Despu\u00e9s de una quinta edici\u00f3n en la que hubo m\u00e1s de 12.900 visitantes (un 8,7 por ciento m\u00e1s que en 2017) y 250 expositores, los organizadores de C!Print Madrid ya est\u00e1n inmersos en los trabajos de preparaci\u00f3n de la sexta edici\u00f3n del sal\u00f3n. <a href=\"https:\/\/salon-cprint.es\/\" target=\"_blank\">Aqu\u00ed<\/a> hay m\u00e1s informaci\u00f3n.<\/p>\n<p><strong>10. Foro de la Cadena de Valor del Envase de Cart\u00f3n de ASPACK:<\/strong> 24 de octubre en Barcelona. Despu\u00e9s del \u00e9xito de la \u00faltima edici\u00f3n del Foro, celebrado en la ciudad condal en febrero de 2018 y centrado en las \u00faltimas tendencias de consumo, la pr\u00f3xima edici\u00f3n de este encuentro tendr\u00e1 lugar el 24 de octubre y estar\u00e1 dedicado al dise\u00f1o de packaging. El mismo d\u00eda celebraremos tambi\u00e9n la Asamblea General de Aspack y una reuni\u00f3n del grupo de fabricantes de envases plegables.<\/p>\n<p><strong>11. Empack, Logistics, Label &amp; Print y Packaging Innovations 2019:<\/strong>\u00a0Las ferias Empack, Logistics, Label &amp; Print y Packaging Innovations se consolidan como uno de los referentes en el sector en Espa\u00f1a. La pr\u00f3xima edici\u00f3n de estas ferias se va a celebrar los d\u00edas 13 y 14 de noviembre de 2019.<\/p>\n","protected":false},"excerpt":{"rendered":"<p>En las primeras semanas del 2019 llega el momento de organizar la agenda. En ASPACK queremos facilitaros esta tarea haciendo un repaso de los grandes eventos del sector del envase de cart\u00f3n que nos esperan este a\u00f1o. 1. Reuni\u00f3n del grupo de fabricantes de envases plegables de ASPACK: la reuni\u00f3n se celebrar\u00e1 el 6 de&hellip;<\/p>\n","protected":false},"author":1,"featured_media":821,"comment_status":"closed","ping_status":"open","sticky":false,"template":"","format":"standard","meta":{"footnotes":""},"categories":[17,19],"tags":[],"class_list":["post-820","post","type-post","status-publish","format-standard","has-post-thumbnail","hentry","category-el-sector","category-eventos"],"yoast_head":"<!-- This site is optimized with the Yoast SEO plugin v25.9 - https:\/\/yoast.com\/wordpress\/plugins\/seo\/ -->\n<title>Los grandes eventos del sector del envase de cart\u00f3n para este 2019 - ASPACK NEWS<\/title>\n<meta name=\"robots\" content=\"index, follow, max-snippet:-1, max-image-preview:large, max-video-preview:-1\" \/>\n<link rel=\"canonical\" href=\"https:\/\/www.aspack.es\/news\/los-grandes-eventos-del-sector-del-envase-de-carton-para-este-2019\/\" \/>\n<meta property=\"og:locale\" content=\"es_ES\" \/>\n<meta property=\"og:type\" content=\"article\" \/>\n<meta property=\"og:title\" content=\"Los grandes eventos del sector del envase de cart\u00f3n para este 2019 - ASPACK NEWS\" \/>\n<meta property=\"og:description\" content=\"En las primeras semanas del 2019 llega el momento de organizar la agenda. En ASPACK queremos facilitaros esta tarea haciendo un repaso de los grandes eventos del sector del envase de cart\u00f3n que nos esperan este a\u00f1o. 1. Reuni\u00f3n del grupo de fabricantes de envases plegables de ASPACK: la reuni\u00f3n se celebrar\u00e1 el 6 de&hellip;\" \/>\n<meta property=\"og:url\" content=\"https:\/\/www.aspack.es\/news\/los-grandes-eventos-del-sector-del-envase-de-carton-para-este-2019\/\" \/>\n<meta property=\"og:site_name\" content=\"ASPACK NEWS\" \/>\n<meta property=\"article:published_time\" content=\"2019-01-28T08:51:52+00:00\" \/>\n<meta property=\"article:modified_time\" content=\"2019-02-13T13:36:15+00:00\" \/>\n<meta property=\"og:image\" content=\"https:\/\/www.aspack.es\/news\/wp-content\/uploads\/2019\/01\/agenda2.jpg\" \/>\n\t<meta property=\"og:image:width\" content=\"1920\" \/>\n\t<meta property=\"og:image:height\" content=\"1280\" \/>\n\t<meta property=\"og:image:type\" content=\"image\/jpeg\" \/>\n<meta name=\"author\" content=\"admin\" \/>\n<meta name=\"twitter:card\" content=\"summary_large_image\" \/>\n<meta name=\"twitter:label1\" content=\"Escrito por\" \/>\n\t<meta name=\"twitter:data1\" content=\"admin\" \/>\n\t<meta name=\"twitter:label2\" content=\"Tiempo de lectura\" \/>\n\t<meta name=\"twitter:data2\" content=\"3 minutos\" \/>\n<script type=\"application\/ld+json\" class=\"yoast-schema-graph\">{\"@context\":\"https:\/\/schema.org\",\"@graph\":[{\"@type\":\"WebPage\",\"@id\":\"https:\/\/www.aspack.es\/news\/los-grandes-eventos-del-sector-del-envase-de-carton-para-este-2019\/\",\"url\":\"https:\/\/www.aspack.es\/news\/los-grandes-eventos-del-sector-del-envase-de-carton-para-este-2019\/\",\"name\":\"Los grandes eventos del sector del envase de cart\u00f3n para este 2019 - ASPACK NEWS\",\"isPartOf\":{\"@id\":\"http:\/\/www.aspack.es\/news\/#website\"},\"primaryImageOfPage\":{\"@id\":\"https:\/\/www.aspack.es\/news\/los-grandes-eventos-del-sector-del-envase-de-carton-para-este-2019\/#primaryimage\"},\"image\":{\"@id\":\"https:\/\/www.aspack.es\/news\/los-grandes-eventos-del-sector-del-envase-de-carton-para-este-2019\/#primaryimage\"},\"thumbnailUrl\":\"https:\/\/www.aspack.es\/news\/wp-content\/uploads\/2019\/01\/agenda2.jpg\",\"datePublished\":\"2019-01-28T08:51:52+00:00\",\"dateModified\":\"2019-02-13T13:36:15+00:00\",\"author\":{\"@id\":\"http:\/\/www.aspack.es\/news\/#\/schema\/person\/0019098322836346476fc7dfdbd26d95\"},\"breadcrumb\":{\"@id\":\"https:\/\/www.aspack.es\/news\/los-grandes-eventos-del-sector-del-envase-de-carton-para-este-2019\/#breadcrumb\"},\"inLanguage\":\"es\",\"potentialAction\":[{\"@type\":\"ReadAction\",\"target\":[\"https:\/\/www.aspack.es\/news\/los-grandes-eventos-del-sector-del-envase-de-carton-para-este-2019\/\"]}]},{\"@type\":\"ImageObject\",\"inLanguage\":\"es\",\"@id\":\"https:\/\/www.aspack.es\/news\/los-grandes-eventos-del-sector-del-envase-de-carton-para-este-2019\/#primaryimage\",\"url\":\"https:\/\/www.aspack.es\/news\/wp-content\/uploads\/2019\/01\/agenda2.jpg\",\"contentUrl\":\"https:\/\/www.aspack.es\/news\/wp-content\/uploads\/2019\/01\/agenda2.jpg\",\"width\":1920,\"height\":1280},{\"@type\":\"BreadcrumbList\",\"@id\":\"https:\/\/www.aspack.es\/news\/los-grandes-eventos-del-sector-del-envase-de-carton-para-este-2019\/#breadcrumb\",\"itemListElement\":[{\"@type\":\"ListItem\",\"position\":1,\"name\":\"Portada\",\"item\":\"http:\/\/www.aspack.es\/news\/\"},{\"@type\":\"ListItem\",\"position\":2,\"name\":\"Los grandes eventos del sector del envase de cart\u00f3n para este 2019\"}]},{\"@type\":\"WebSite\",\"@id\":\"http:\/\/www.aspack.es\/news\/#website\",\"url\":\"http:\/\/www.aspack.es\/news\/\",\"name\":\"ASPACK NEWS\",\"description\":\"El peri?dico digital de los envases de cart?n\",\"potentialAction\":[{\"@type\":\"SearchAction\",\"target\":{\"@type\":\"EntryPoint\",\"urlTemplate\":\"http:\/\/www.aspack.es\/news\/?s={search_term_string}\"},\"query-input\":{\"@type\":\"PropertyValueSpecification\",\"valueRequired\":true,\"valueName\":\"search_term_string\"}}],\"inLanguage\":\"es\"},{\"@type\":\"Person\",\"@id\":\"http:\/\/www.aspack.es\/news\/#\/schema\/person\/0019098322836346476fc7dfdbd26d95\",\"name\":\"admin\",\"image\":{\"@type\":\"ImageObject\",\"inLanguage\":\"es\",\"@id\":\"http:\/\/www.aspack.es\/news\/#\/schema\/person\/image\/\",\"url\":\"https:\/\/secure.gravatar.com\/avatar\/6a6c60542c39a2d052b8b1e8c5145e669bf888b9b229b3da0e43092daac8a32e?s=96&d=mm&r=g\",\"contentUrl\":\"https:\/\/secure.gravatar.com\/avatar\/6a6c60542c39a2d052b8b1e8c5145e669bf888b9b229b3da0e43092daac8a32e?s=96&d=mm&r=g\",\"caption\":\"admin\"},\"url\":\"https:\/\/www.aspack.es\/news\/author\/admin\/\"}]}<\/script>\n<!-- \/ Yoast SEO plugin. -->","yoast_head_json":{"title":"Los grandes eventos del sector del envase de cart\u00f3n para este 2019 - ASPACK NEWS","robots":{"index":"index","follow":"follow","max-snippet":"max-snippet:-1","max-image-preview":"max-image-preview:large","max-video-preview":"max-video-preview:-1"},"canonical":"https:\/\/www.aspack.es\/news\/los-grandes-eventos-del-sector-del-envase-de-carton-para-este-2019\/","og_locale":"es_ES","og_type":"article","og_title":"Los grandes eventos del sector del envase de cart\u00f3n para este 2019 - ASPACK NEWS","og_description":"En las primeras semanas del 2019 llega el momento de organizar la agenda. En ASPACK queremos facilitaros esta tarea haciendo un repaso de los grandes eventos del sector del envase de cart\u00f3n que nos esperan este a\u00f1o. 1. Reuni\u00f3n del grupo de fabricantes de envases plegables de ASPACK: la reuni\u00f3n se celebrar\u00e1 el 6 de&hellip;","og_url":"https:\/\/www.aspack.es\/news\/los-grandes-eventos-del-sector-del-envase-de-carton-para-este-2019\/","og_site_name":"ASPACK NEWS","article_published_time":"2019-01-28T08:51:52+00:00","article_modified_time":"2019-02-13T13:36:15+00:00","og_image":[{"width":1920,"height":1280,"url":"https:\/\/www.aspack.es\/news\/wp-content\/uploads\/2019\/01\/agenda2.jpg","type":"image\/jpeg"}],"author":"admin","twitter_card":"summary_large_image","twitter_misc":{"Escrito por":"admin","Tiempo de lectura":"3 minutos"},"schema":{"@context":"https:\/\/schema.org","@graph":[{"@type":"WebPage","@id":"https:\/\/www.aspack.es\/news\/los-grandes-eventos-del-sector-del-envase-de-carton-para-este-2019\/","url":"https:\/\/www.aspack.es\/news\/los-grandes-eventos-del-sector-del-envase-de-carton-para-este-2019\/","name":"Los grandes eventos del sector del envase de cart\u00f3n para este 2019 - ASPACK NEWS","isPartOf":{"@id":"http:\/\/www.aspack.es\/news\/#website"},"primaryImageOfPage":{"@id":"https:\/\/www.aspack.es\/news\/los-grandes-eventos-del-sector-del-envase-de-carton-para-este-2019\/#primaryimage"},"image":{"@id":"https:\/\/www.aspack.es\/news\/los-grandes-eventos-del-sector-del-envase-de-carton-para-este-2019\/#primaryimage"},"thumbnailUrl":"https:\/\/www.aspack.es\/news\/wp-content\/uploads\/2019\/01\/agenda2.jpg","datePublished":"2019-01-28T08:51:52+00:00","dateModified":"2019-02-13T13:36:15+00:00","author":{"@id":"http:\/\/www.aspack.es\/news\/#\/schema\/person\/0019098322836346476fc7dfdbd26d95"},"breadcrumb":{"@id":"https:\/\/www.aspack.es\/news\/los-grandes-eventos-del-sector-del-envase-de-carton-para-este-2019\/#breadcrumb"},"inLanguage":"es","potentialAction":[{"@type":"ReadAction","target":["https:\/\/www.aspack.es\/news\/los-grandes-eventos-del-sector-del-envase-de-carton-para-este-2019\/"]}]},{"@type":"ImageObject","inLanguage":"es","@id":"https:\/\/www.aspack.es\/news\/los-grandes-eventos-del-sector-del-envase-de-carton-para-este-2019\/#primaryimage","url":"https:\/\/www.aspack.es\/news\/wp-content\/uploads\/2019\/01\/agenda2.jpg","contentUrl":"https:\/\/www.aspack.es\/news\/wp-content\/uploads\/2019\/01\/agenda2.jpg","width":1920,"height":1280},{"@type":"BreadcrumbList","@id":"https:\/\/www.aspack.es\/news\/los-grandes-eventos-del-sector-del-envase-de-carton-para-este-2019\/#breadcrumb","itemListElement":[{"@type":"ListItem","position":1,"name":"Portada","item":"http:\/\/www.aspack.es\/news\/"},{"@type":"ListItem","position":2,"name":"Los grandes eventos del sector del envase de cart\u00f3n para este 2019"}]},{"@type":"WebSite","@id":"http:\/\/www.aspack.es\/news\/#website","url":"http:\/\/www.aspack.es\/news\/","name":"ASPACK NEWS","description":"El peri?dico digital de los envases de cart?n","potentialAction":[{"@type":"SearchAction","target":{"@type":"EntryPoint","urlTemplate":"http:\/\/www.aspack.es\/news\/?s={search_term_string}"},"query-input":{"@type":"PropertyValueSpecification","valueRequired":true,"valueName":"search_term_string"}}],"inLanguage":"es"},{"@type":"Person","@id":"http:\/\/www.aspack.es\/news\/#\/schema\/person\/0019098322836346476fc7dfdbd26d95","name":"admin","image":{"@type":"ImageObject","inLanguage":"es","@id":"http:\/\/www.aspack.es\/news\/#\/schema\/person\/image\/","url":"https:\/\/secure.gravatar.com\/avatar\/6a6c60542c39a2d052b8b1e8c5145e669bf888b9b229b3da0e43092daac8a32e?s=96&d=mm&r=g","contentUrl":"https:\/\/secure.gravatar.com\/avatar\/6a6c60542c39a2d052b8b1e8c5145e669bf888b9b229b3da0e43092daac8a32e?s=96&d=mm&r=g","caption":"admin"},"url":"https:\/\/www.aspack.es\/news\/author\/admin\/"}]}},"_links":{"self":[{"href":"https:\/\/www.aspack.es\/news\/wp-json\/wp\/v2\/posts\/820","targetHints":{"allow":["GET"]}}],"collection":[{"href":"https:\/\/www.aspack.es\/news\/wp-json\/wp\/v2\/posts"}],"about":[{"href":"https:\/\/www.aspack.es\/news\/wp-json\/wp\/v2\/types\/post"}],"author":[{"embeddable":true,"href":"https:\/\/www.aspack.es\/news\/wp-json\/wp\/v2\/users\/1"}],"replies":[{"embeddable":true,"href":"https:\/\/www.aspack.es\/news\/wp-json\/wp\/v2\/comments?post=820"}],"version-history":[{"count":1,"href":"https:\/\/www.aspack.es\/news\/wp-json\/wp\/v2\/posts\/820\/revisions"}],"predecessor-version":[{"id":823,"href":"https:\/\/www.aspack.es\/news\/wp-json\/wp\/v2\/posts\/820\/revisions\/823"}],"wp:featuredmedia":[{"embeddable":true,"href":"https:\/\/www.aspack.es\/news\/wp-json\/wp\/v2\/media\/821"}],"wp:attachment":[{"href":"https:\/\/www.aspack.es\/news\/wp-json\/wp\/v2\/media?parent=820"}],"wp:term":[{"taxonomy":"category","embeddable":true,"href":"https:\/\/www.aspack.es\/news\/wp-json\/wp\/v2\/categories?post=820"},{"taxonomy":"post_tag","embeddable":true,"href":"https:\/\/www.aspack.es\/news\/wp-json\/wp\/v2\/tags?post=820"}],"curies":[{"name":"wp","href":"https:\/\/api.w.org\/{rel}","templated":true}]}}