{"id":828,"date":"2019-02-08T11:04:43","date_gmt":"2019-02-08T11:04:43","guid":{"rendered":"http:\/\/www.aspack.es\/news\/?p=828"},"modified":"2019-03-20T10:15:39","modified_gmt":"2019-03-20T10:15:39","slug":"la-junta-directiva-de-aspack-acuerda-un-plan-de-captacion-de-asociados-en-espana-y-portugal","status":"publish","type":"post","link":"https:\/\/www.aspack.es\/news\/la-junta-directiva-de-aspack-acuerda-un-plan-de-captacion-de-asociados-en-espana-y-portugal\/","title":{"rendered":"La Junta Directiva de ASPACK acuerda un plan de captaci\u00f3n de asociados en Espa\u00f1a y Portugal"},"content":{"rendered":"<p>La Junta Directiva de ASPACK se reuni\u00f3 el 5 de febrero en Madrid en un encuentro centrado en el repaso de la evoluci\u00f3n del Plan Estrat\u00e9gico 2016-2019. \u201cEl plan est\u00e1 cumplido al 80 por ciento \u2013explic\u00f3 Pablo Serrano, el Secretario General de la asociaci\u00f3n\u2013 y este a\u00f1o terminaremos lo que queda\u201d.<\/p>\n<p>Los dos aspectos en los que se va a centrar la Junta Directiva en los pr\u00f3ximos meses van a ser la formaci\u00f3n y la captaci\u00f3n de asociados. Para el primer punto han decidido lanzar una encuesta de necesidades a los asociados, para determinar qu\u00e9 tipo de formaci\u00f3n es m\u00e1s necesaria y en qu\u00e9 tem\u00e1ticas.<\/p>\n<p>Para el segundo, el de la captaci\u00f3n de asociados, los miembros de la Junta se han comprometido a dar a conocer la asociaci\u00f3n a otros empresarios del sector y en los pr\u00f3ximos meses se celebrar\u00e1n almuerzos en distintas zonas geogr\u00e1ficas para presentar la asociaci\u00f3n a empresas dedicadas a la fabricaci\u00f3n de envase de cart\u00f3n de Espa\u00f1a y de Portugal, para abrir tambi\u00e9n la asociaci\u00f3n a empresas del pa\u00eds vecino.<\/p>\n<p>Estos compromisos de la Junta Directiva se pusieron tambi\u00e9n sobre la mesa el d\u00eda 6 de febrero, en la reuni\u00f3n del Grupo de Trabajo de Fabricantes de Envases Plegables que se celebr\u00f3 en el Fedrigoni Club, en Madrid.<\/p>\n<p>Roberto Mancini, Director de Fedrigoni Espa\u00f1a, y Sylvia Garc\u00eda, Responsable de Marketing, mostraron a los asistentes las \u00faltimas novedades de la firma en cuanto a papel innovador y de alta calidad. Uno de los que m\u00e1s llam\u00f3 la atenci\u00f3n fue un papel especialmente dise\u00f1ado para el mercado del aceite y del vino que repele el l\u00edquido sin incluir pl\u00e1stico en su composici\u00f3n.<\/p>\n<p>Los miembros del Grupo de Fabricantes de Envases Plegables tambi\u00e9n hablaron sobre el pr\u00f3ximo gran evento de la asociaci\u00f3n: el Foro de la Cadena de Valor del Envase de Cart\u00f3n, que se celebrar\u00e1 en octubre en Barcelona y que estar\u00e1 centrado en el dise\u00f1o de packaging y en el uso de cart\u00f3n como alternativa al pl\u00e1stico.<\/p>\n","protected":false},"excerpt":{"rendered":"<p>La Junta Directiva de ASPACK se reuni\u00f3 el 5 de febrero en Madrid en un encuentro centrado en el repaso de la evoluci\u00f3n del Plan Estrat\u00e9gico 2016-2019. \u201cEl plan est\u00e1 cumplido al 80 por ciento \u2013explic\u00f3 Pablo Serrano, el Secretario General de la asociaci\u00f3n\u2013 y este a\u00f1o terminaremos lo que queda\u201d. Los dos aspectos en&hellip;<\/p>\n","protected":false},"author":1,"featured_media":829,"comment_status":"closed","ping_status":"open","sticky":false,"template":"","format":"standard","meta":{"footnotes":""},"categories":[18,17],"tags":[],"class_list":["post-828","post","type-post","status-publish","format-standard","has-post-thumbnail","hentry","category-asociados","category-el-sector"],"yoast_head":"<!-- This site is optimized with the Yoast SEO plugin v25.9 - https:\/\/yoast.com\/wordpress\/plugins\/seo\/ -->\n<title>La Junta Directiva de ASPACK acuerda un plan de captaci\u00f3n de asociados en Espa\u00f1a y Portugal - ASPACK NEWS<\/title>\n<meta name=\"robots\" content=\"index, follow, max-snippet:-1, max-image-preview:large, max-video-preview:-1\" \/>\n<link rel=\"canonical\" href=\"https:\/\/www.aspack.es\/news\/la-junta-directiva-de-aspack-acuerda-un-plan-de-captacion-de-asociados-en-espana-y-portugal\/\" \/>\n<meta property=\"og:locale\" content=\"es_ES\" \/>\n<meta property=\"og:type\" content=\"article\" \/>\n<meta property=\"og:title\" content=\"La Junta Directiva de ASPACK acuerda un plan de captaci\u00f3n de asociados en Espa\u00f1a y Portugal - ASPACK NEWS\" \/>\n<meta property=\"og:description\" content=\"La Junta Directiva de ASPACK se reuni\u00f3 el 5 de febrero en Madrid en un encuentro centrado en el repaso de la evoluci\u00f3n del Plan Estrat\u00e9gico 2016-2019. \u201cEl plan est\u00e1 cumplido al 80 por ciento \u2013explic\u00f3 Pablo Serrano, el Secretario General de la asociaci\u00f3n\u2013 y este a\u00f1o terminaremos lo que queda\u201d. Los dos aspectos en&hellip;\" \/>\n<meta property=\"og:url\" content=\"https:\/\/www.aspack.es\/news\/la-junta-directiva-de-aspack-acuerda-un-plan-de-captacion-de-asociados-en-espana-y-portugal\/\" \/>\n<meta property=\"og:site_name\" content=\"ASPACK NEWS\" \/>\n<meta property=\"article:published_time\" content=\"2019-02-08T11:04:43+00:00\" \/>\n<meta property=\"article:modified_time\" content=\"2019-03-20T10:15:39+00:00\" \/>\n<meta property=\"og:image\" content=\"https:\/\/www.aspack.es\/news\/wp-content\/uploads\/2019\/02\/Grupo-Plegables-ASPACK.jpg\" \/>\n\t<meta property=\"og:image:width\" content=\"4032\" \/>\n\t<meta property=\"og:image:height\" content=\"2378\" \/>\n\t<meta property=\"og:image:type\" content=\"image\/jpeg\" \/>\n<meta name=\"author\" content=\"admin\" \/>\n<meta name=\"twitter:card\" content=\"summary_large_image\" \/>\n<meta name=\"twitter:label1\" content=\"Escrito por\" \/>\n\t<meta name=\"twitter:data1\" content=\"admin\" \/>\n\t<meta name=\"twitter:label2\" content=\"Tiempo de lectura\" \/>\n\t<meta name=\"twitter:data2\" content=\"2 minutos\" \/>\n<script type=\"application\/ld+json\" class=\"yoast-schema-graph\">{\"@context\":\"https:\/\/schema.org\",\"@graph\":[{\"@type\":\"WebPage\",\"@id\":\"https:\/\/www.aspack.es\/news\/la-junta-directiva-de-aspack-acuerda-un-plan-de-captacion-de-asociados-en-espana-y-portugal\/\",\"url\":\"https:\/\/www.aspack.es\/news\/la-junta-directiva-de-aspack-acuerda-un-plan-de-captacion-de-asociados-en-espana-y-portugal\/\",\"name\":\"La Junta Directiva de ASPACK acuerda un plan de captaci\u00f3n de asociados en Espa\u00f1a y Portugal - ASPACK NEWS\",\"isPartOf\":{\"@id\":\"http:\/\/www.aspack.es\/news\/#website\"},\"primaryImageOfPage\":{\"@id\":\"https:\/\/www.aspack.es\/news\/la-junta-directiva-de-aspack-acuerda-un-plan-de-captacion-de-asociados-en-espana-y-portugal\/#primaryimage\"},\"image\":{\"@id\":\"https:\/\/www.aspack.es\/news\/la-junta-directiva-de-aspack-acuerda-un-plan-de-captacion-de-asociados-en-espana-y-portugal\/#primaryimage\"},\"thumbnailUrl\":\"https:\/\/www.aspack.es\/news\/wp-content\/uploads\/2019\/02\/Grupo-Plegables-ASPACK.jpg\",\"datePublished\":\"2019-02-08T11:04:43+00:00\",\"dateModified\":\"2019-03-20T10:15:39+00:00\",\"author\":{\"@id\":\"http:\/\/www.aspack.es\/news\/#\/schema\/person\/0019098322836346476fc7dfdbd26d95\"},\"breadcrumb\":{\"@id\":\"https:\/\/www.aspack.es\/news\/la-junta-directiva-de-aspack-acuerda-un-plan-de-captacion-de-asociados-en-espana-y-portugal\/#breadcrumb\"},\"inLanguage\":\"es\",\"potentialAction\":[{\"@type\":\"ReadAction\",\"target\":[\"https:\/\/www.aspack.es\/news\/la-junta-directiva-de-aspack-acuerda-un-plan-de-captacion-de-asociados-en-espana-y-portugal\/\"]}]},{\"@type\":\"ImageObject\",\"inLanguage\":\"es\",\"@id\":\"https:\/\/www.aspack.es\/news\/la-junta-directiva-de-aspack-acuerda-un-plan-de-captacion-de-asociados-en-espana-y-portugal\/#primaryimage\",\"url\":\"https:\/\/www.aspack.es\/news\/wp-content\/uploads\/2019\/02\/Grupo-Plegables-ASPACK.jpg\",\"contentUrl\":\"https:\/\/www.aspack.es\/news\/wp-content\/uploads\/2019\/02\/Grupo-Plegables-ASPACK.jpg\",\"width\":4032,\"height\":2378},{\"@type\":\"BreadcrumbList\",\"@id\":\"https:\/\/www.aspack.es\/news\/la-junta-directiva-de-aspack-acuerda-un-plan-de-captacion-de-asociados-en-espana-y-portugal\/#breadcrumb\",\"itemListElement\":[{\"@type\":\"ListItem\",\"position\":1,\"name\":\"Portada\",\"item\":\"http:\/\/www.aspack.es\/news\/\"},{\"@type\":\"ListItem\",\"position\":2,\"name\":\"La Junta Directiva de ASPACK acuerda un plan de captaci\u00f3n de asociados en Espa\u00f1a y Portugal\"}]},{\"@type\":\"WebSite\",\"@id\":\"http:\/\/www.aspack.es\/news\/#website\",\"url\":\"http:\/\/www.aspack.es\/news\/\",\"name\":\"ASPACK NEWS\",\"description\":\"El peri?dico digital de los envases de cart?n\",\"potentialAction\":[{\"@type\":\"SearchAction\",\"target\":{\"@type\":\"EntryPoint\",\"urlTemplate\":\"http:\/\/www.aspack.es\/news\/?s={search_term_string}\"},\"query-input\":{\"@type\":\"PropertyValueSpecification\",\"valueRequired\":true,\"valueName\":\"search_term_string\"}}],\"inLanguage\":\"es\"},{\"@type\":\"Person\",\"@id\":\"http:\/\/www.aspack.es\/news\/#\/schema\/person\/0019098322836346476fc7dfdbd26d95\",\"name\":\"admin\",\"image\":{\"@type\":\"ImageObject\",\"inLanguage\":\"es\",\"@id\":\"http:\/\/www.aspack.es\/news\/#\/schema\/person\/image\/\",\"url\":\"https:\/\/secure.gravatar.com\/avatar\/6a6c60542c39a2d052b8b1e8c5145e669bf888b9b229b3da0e43092daac8a32e?s=96&d=mm&r=g\",\"contentUrl\":\"https:\/\/secure.gravatar.com\/avatar\/6a6c60542c39a2d052b8b1e8c5145e669bf888b9b229b3da0e43092daac8a32e?s=96&d=mm&r=g\",\"caption\":\"admin\"},\"url\":\"https:\/\/www.aspack.es\/news\/author\/admin\/\"}]}<\/script>\n<!-- \/ Yoast SEO plugin. -->","yoast_head_json":{"title":"La Junta Directiva de ASPACK acuerda un plan de captaci\u00f3n de asociados en Espa\u00f1a y Portugal - ASPACK NEWS","robots":{"index":"index","follow":"follow","max-snippet":"max-snippet:-1","max-image-preview":"max-image-preview:large","max-video-preview":"max-video-preview:-1"},"canonical":"https:\/\/www.aspack.es\/news\/la-junta-directiva-de-aspack-acuerda-un-plan-de-captacion-de-asociados-en-espana-y-portugal\/","og_locale":"es_ES","og_type":"article","og_title":"La Junta Directiva de ASPACK acuerda un plan de captaci\u00f3n de asociados en Espa\u00f1a y Portugal - ASPACK NEWS","og_description":"La Junta Directiva de ASPACK se reuni\u00f3 el 5 de febrero en Madrid en un encuentro centrado en el repaso de la evoluci\u00f3n del Plan Estrat\u00e9gico 2016-2019. \u201cEl plan est\u00e1 cumplido al 80 por ciento \u2013explic\u00f3 Pablo Serrano, el Secretario General de la asociaci\u00f3n\u2013 y este a\u00f1o terminaremos lo que queda\u201d. Los dos aspectos en&hellip;","og_url":"https:\/\/www.aspack.es\/news\/la-junta-directiva-de-aspack-acuerda-un-plan-de-captacion-de-asociados-en-espana-y-portugal\/","og_site_name":"ASPACK NEWS","article_published_time":"2019-02-08T11:04:43+00:00","article_modified_time":"2019-03-20T10:15:39+00:00","og_image":[{"width":4032,"height":2378,"url":"https:\/\/www.aspack.es\/news\/wp-content\/uploads\/2019\/02\/Grupo-Plegables-ASPACK.jpg","type":"image\/jpeg"}],"author":"admin","twitter_card":"summary_large_image","twitter_misc":{"Escrito por":"admin","Tiempo de lectura":"2 minutos"},"schema":{"@context":"https:\/\/schema.org","@graph":[{"@type":"WebPage","@id":"https:\/\/www.aspack.es\/news\/la-junta-directiva-de-aspack-acuerda-un-plan-de-captacion-de-asociados-en-espana-y-portugal\/","url":"https:\/\/www.aspack.es\/news\/la-junta-directiva-de-aspack-acuerda-un-plan-de-captacion-de-asociados-en-espana-y-portugal\/","name":"La Junta Directiva de ASPACK acuerda un plan de captaci\u00f3n de asociados en Espa\u00f1a y Portugal - ASPACK NEWS","isPartOf":{"@id":"http:\/\/www.aspack.es\/news\/#website"},"primaryImageOfPage":{"@id":"https:\/\/www.aspack.es\/news\/la-junta-directiva-de-aspack-acuerda-un-plan-de-captacion-de-asociados-en-espana-y-portugal\/#primaryimage"},"image":{"@id":"https:\/\/www.aspack.es\/news\/la-junta-directiva-de-aspack-acuerda-un-plan-de-captacion-de-asociados-en-espana-y-portugal\/#primaryimage"},"thumbnailUrl":"https:\/\/www.aspack.es\/news\/wp-content\/uploads\/2019\/02\/Grupo-Plegables-ASPACK.jpg","datePublished":"2019-02-08T11:04:43+00:00","dateModified":"2019-03-20T10:15:39+00:00","author":{"@id":"http:\/\/www.aspack.es\/news\/#\/schema\/person\/0019098322836346476fc7dfdbd26d95"},"breadcrumb":{"@id":"https:\/\/www.aspack.es\/news\/la-junta-directiva-de-aspack-acuerda-un-plan-de-captacion-de-asociados-en-espana-y-portugal\/#breadcrumb"},"inLanguage":"es","potentialAction":[{"@type":"ReadAction","target":["https:\/\/www.aspack.es\/news\/la-junta-directiva-de-aspack-acuerda-un-plan-de-captacion-de-asociados-en-espana-y-portugal\/"]}]},{"@type":"ImageObject","inLanguage":"es","@id":"https:\/\/www.aspack.es\/news\/la-junta-directiva-de-aspack-acuerda-un-plan-de-captacion-de-asociados-en-espana-y-portugal\/#primaryimage","url":"https:\/\/www.aspack.es\/news\/wp-content\/uploads\/2019\/02\/Grupo-Plegables-ASPACK.jpg","contentUrl":"https:\/\/www.aspack.es\/news\/wp-content\/uploads\/2019\/02\/Grupo-Plegables-ASPACK.jpg","width":4032,"height":2378},{"@type":"BreadcrumbList","@id":"https:\/\/www.aspack.es\/news\/la-junta-directiva-de-aspack-acuerda-un-plan-de-captacion-de-asociados-en-espana-y-portugal\/#breadcrumb","itemListElement":[{"@type":"ListItem","position":1,"name":"Portada","item":"http:\/\/www.aspack.es\/news\/"},{"@type":"ListItem","position":2,"name":"La Junta Directiva de ASPACK acuerda un plan de captaci\u00f3n de asociados en Espa\u00f1a y Portugal"}]},{"@type":"WebSite","@id":"http:\/\/www.aspack.es\/news\/#website","url":"http:\/\/www.aspack.es\/news\/","name":"ASPACK NEWS","description":"El peri?dico digital de los envases de cart?n","potentialAction":[{"@type":"SearchAction","target":{"@type":"EntryPoint","urlTemplate":"http:\/\/www.aspack.es\/news\/?s={search_term_string}"},"query-input":{"@type":"PropertyValueSpecification","valueRequired":true,"valueName":"search_term_string"}}],"inLanguage":"es"},{"@type":"Person","@id":"http:\/\/www.aspack.es\/news\/#\/schema\/person\/0019098322836346476fc7dfdbd26d95","name":"admin","image":{"@type":"ImageObject","inLanguage":"es","@id":"http:\/\/www.aspack.es\/news\/#\/schema\/person\/image\/","url":"https:\/\/secure.gravatar.com\/avatar\/6a6c60542c39a2d052b8b1e8c5145e669bf888b9b229b3da0e43092daac8a32e?s=96&d=mm&r=g","contentUrl":"https:\/\/secure.gravatar.com\/avatar\/6a6c60542c39a2d052b8b1e8c5145e669bf888b9b229b3da0e43092daac8a32e?s=96&d=mm&r=g","caption":"admin"},"url":"https:\/\/www.aspack.es\/news\/author\/admin\/"}]}},"_links":{"self":[{"href":"https:\/\/www.aspack.es\/news\/wp-json\/wp\/v2\/posts\/828","targetHints":{"allow":["GET"]}}],"collection":[{"href":"https:\/\/www.aspack.es\/news\/wp-json\/wp\/v2\/posts"}],"about":[{"href":"https:\/\/www.aspack.es\/news\/wp-json\/wp\/v2\/types\/post"}],"author":[{"embeddable":true,"href":"https:\/\/www.aspack.es\/news\/wp-json\/wp\/v2\/users\/1"}],"replies":[{"embeddable":true,"href":"https:\/\/www.aspack.es\/news\/wp-json\/wp\/v2\/comments?post=828"}],"version-history":[{"count":1,"href":"https:\/\/www.aspack.es\/news\/wp-json\/wp\/v2\/posts\/828\/revisions"}],"predecessor-version":[{"id":830,"href":"https:\/\/www.aspack.es\/news\/wp-json\/wp\/v2\/posts\/828\/revisions\/830"}],"wp:featuredmedia":[{"embeddable":true,"href":"https:\/\/www.aspack.es\/news\/wp-json\/wp\/v2\/media\/829"}],"wp:attachment":[{"href":"https:\/\/www.aspack.es\/news\/wp-json\/wp\/v2\/media?parent=828"}],"wp:term":[{"taxonomy":"category","embeddable":true,"href":"https:\/\/www.aspack.es\/news\/wp-json\/wp\/v2\/categories?post=828"},{"taxonomy":"post_tag","embeddable":true,"href":"https:\/\/www.aspack.es\/news\/wp-json\/wp\/v2\/tags?post=828"}],"curies":[{"name":"wp","href":"https:\/\/api.w.org\/{rel}","templated":true}]}}