{"id":838,"date":"2019-02-13T06:34:17","date_gmt":"2019-02-13T06:34:17","guid":{"rendered":"http:\/\/www.aspack.es\/news\/?p=838"},"modified":"2019-03-20T10:15:31","modified_gmt":"2019-03-20T10:15:31","slug":"la-industria-de-la-alimentacion-y-la-distribucion-busca-un-futuro-mas-sostenible","status":"publish","type":"post","link":"https:\/\/www.aspack.es\/news\/la-industria-de-la-alimentacion-y-la-distribucion-busca-un-futuro-mas-sostenible\/","title":{"rendered":"La industria de la alimentaci\u00f3n y la distribuci\u00f3n busca un futuro m\u00e1s sostenible"},"content":{"rendered":"<p>Un nuevo modelo econ\u00f3mico, centrado en el desarrollo sostenible y en las necesidades de los consumidores. Este es el tema principal que se va a tratar en el congreso de Desarrollo Sostenible que organizan AECOC, la Asociaci\u00f3n de Fabricantes y Distribuidores; y FIAB, la Federaci\u00f3n Espa\u00f1ola de Industrias de la Alimentaci\u00f3n y Bebidas, y que tendr\u00e1 lugar el d\u00eda 26 de febrero en Madrid.<\/p>\n<p>El Congreso quiere ser un punto de encuentro y de reflexi\u00f3n de referencia para el sector agroalimentario sobre la importancia de impulsar un modelo de crecimiento que compatibilice los objetivos econ\u00f3micos con el bienestar social y medioambiental y que permita satisfacer las necesidades del presente sin comprometer las de las generaciones futuras.<\/p>\n<p>La cadena agroalimentaria quiere impulsar la sostenibilidad y transparencia del sector, as\u00ed como el cumplimiento de la Agenda 2030 para el Desarrollo Sostenible. El Congreso ser\u00e1 tambi\u00e9n una plataforma de divulgaci\u00f3n de las buenas pr\u00e1cticas que muchas compa\u00f1\u00edas espa\u00f1olas ya est\u00e1n impulsando.<\/p>\n<p>El programa completo, la informaci\u00f3n sobre el Congreso y las inscripciones pueden consultarse en <a href=\"https:\/\/www.aecoc.es\/minisite\/congreso-desarrollo-sostenible\/\" target=\"_blank\">su p\u00e1gina web<\/a>.<\/p>\n<p>AFCO \u2013la asociaci\u00f3n espa\u00f1ola de fabricantes de envases y embalajes de cart\u00f3n ondulado\u2013 es uno de los patrocinadores del evento y, gracias a nuestro acuerdo con ellos, los asociados pueden asistir al evento. Si ten\u00e9is cualquier duda sobre la inscripci\u00f3n, pod\u00e9is poneros en contacto con nosotros en el tel\u00e9fono 913077444 o en el email aspack@aspack.es.<\/p>\n","protected":false},"excerpt":{"rendered":"<p>Un nuevo modelo econ\u00f3mico, centrado en el desarrollo sostenible y en las necesidades de los consumidores. Este es el tema principal que se va a tratar en el congreso de Desarrollo Sostenible que organizan AECOC, la Asociaci\u00f3n de Fabricantes y Distribuidores; y FIAB, la Federaci\u00f3n Espa\u00f1ola de Industrias de la Alimentaci\u00f3n y Bebidas, y que&hellip;<\/p>\n","protected":false},"author":1,"featured_media":839,"comment_status":"closed","ping_status":"open","sticky":false,"template":"","format":"standard","meta":{"footnotes":""},"categories":[17,19],"tags":[],"class_list":["post-838","post","type-post","status-publish","format-standard","has-post-thumbnail","hentry","category-el-sector","category-eventos"],"yoast_head":"<!-- This site is optimized with the Yoast SEO plugin v25.9 - https:\/\/yoast.com\/wordpress\/plugins\/seo\/ -->\n<title>La industria de la alimentaci\u00f3n y la distribuci\u00f3n busca un futuro m\u00e1s sostenible - ASPACK NEWS<\/title>\n<meta name=\"robots\" content=\"index, follow, max-snippet:-1, max-image-preview:large, max-video-preview:-1\" \/>\n<link rel=\"canonical\" href=\"https:\/\/www.aspack.es\/news\/la-industria-de-la-alimentacion-y-la-distribucion-busca-un-futuro-mas-sostenible\/\" \/>\n<meta property=\"og:locale\" content=\"es_ES\" \/>\n<meta property=\"og:type\" content=\"article\" \/>\n<meta property=\"og:title\" content=\"La industria de la alimentaci\u00f3n y la distribuci\u00f3n busca un futuro m\u00e1s sostenible - ASPACK NEWS\" \/>\n<meta property=\"og:description\" content=\"Un nuevo modelo econ\u00f3mico, centrado en el desarrollo sostenible y en las necesidades de los consumidores. Este es el tema principal que se va a tratar en el congreso de Desarrollo Sostenible que organizan AECOC, la Asociaci\u00f3n de Fabricantes y Distribuidores; y FIAB, la Federaci\u00f3n Espa\u00f1ola de Industrias de la Alimentaci\u00f3n y Bebidas, y que&hellip;\" \/>\n<meta property=\"og:url\" content=\"https:\/\/www.aspack.es\/news\/la-industria-de-la-alimentacion-y-la-distribucion-busca-un-futuro-mas-sostenible\/\" \/>\n<meta property=\"og:site_name\" content=\"ASPACK NEWS\" \/>\n<meta property=\"article:published_time\" content=\"2019-02-13T06:34:17+00:00\" \/>\n<meta property=\"article:modified_time\" content=\"2019-03-20T10:15:31+00:00\" \/>\n<meta property=\"og:image\" content=\"https:\/\/www.aspack.es\/news\/wp-content\/uploads\/2019\/02\/CONGRESO-AECOC8-1200x565.jpg\" \/>\n\t<meta property=\"og:image:width\" content=\"1200\" \/>\n\t<meta property=\"og:image:height\" content=\"565\" \/>\n\t<meta property=\"og:image:type\" content=\"image\/jpeg\" \/>\n<meta name=\"author\" content=\"admin\" \/>\n<meta name=\"twitter:card\" content=\"summary_large_image\" \/>\n<meta name=\"twitter:label1\" content=\"Escrito por\" \/>\n\t<meta name=\"twitter:data1\" content=\"admin\" \/>\n\t<meta name=\"twitter:label2\" content=\"Tiempo de lectura\" \/>\n\t<meta name=\"twitter:data2\" content=\"1 minuto\" \/>\n<script type=\"application\/ld+json\" class=\"yoast-schema-graph\">{\"@context\":\"https:\/\/schema.org\",\"@graph\":[{\"@type\":\"WebPage\",\"@id\":\"https:\/\/www.aspack.es\/news\/la-industria-de-la-alimentacion-y-la-distribucion-busca-un-futuro-mas-sostenible\/\",\"url\":\"https:\/\/www.aspack.es\/news\/la-industria-de-la-alimentacion-y-la-distribucion-busca-un-futuro-mas-sostenible\/\",\"name\":\"La industria de la alimentaci\u00f3n y la distribuci\u00f3n busca un futuro m\u00e1s sostenible - ASPACK NEWS\",\"isPartOf\":{\"@id\":\"http:\/\/www.aspack.es\/news\/#website\"},\"primaryImageOfPage\":{\"@id\":\"https:\/\/www.aspack.es\/news\/la-industria-de-la-alimentacion-y-la-distribucion-busca-un-futuro-mas-sostenible\/#primaryimage\"},\"image\":{\"@id\":\"https:\/\/www.aspack.es\/news\/la-industria-de-la-alimentacion-y-la-distribucion-busca-un-futuro-mas-sostenible\/#primaryimage\"},\"thumbnailUrl\":\"https:\/\/www.aspack.es\/news\/wp-content\/uploads\/2019\/02\/CONGRESO-AECOC8-1200x565.jpg\",\"datePublished\":\"2019-02-13T06:34:17+00:00\",\"dateModified\":\"2019-03-20T10:15:31+00:00\",\"author\":{\"@id\":\"http:\/\/www.aspack.es\/news\/#\/schema\/person\/0019098322836346476fc7dfdbd26d95\"},\"breadcrumb\":{\"@id\":\"https:\/\/www.aspack.es\/news\/la-industria-de-la-alimentacion-y-la-distribucion-busca-un-futuro-mas-sostenible\/#breadcrumb\"},\"inLanguage\":\"es\",\"potentialAction\":[{\"@type\":\"ReadAction\",\"target\":[\"https:\/\/www.aspack.es\/news\/la-industria-de-la-alimentacion-y-la-distribucion-busca-un-futuro-mas-sostenible\/\"]}]},{\"@type\":\"ImageObject\",\"inLanguage\":\"es\",\"@id\":\"https:\/\/www.aspack.es\/news\/la-industria-de-la-alimentacion-y-la-distribucion-busca-un-futuro-mas-sostenible\/#primaryimage\",\"url\":\"https:\/\/www.aspack.es\/news\/wp-content\/uploads\/2019\/02\/CONGRESO-AECOC8-1200x565.jpg\",\"contentUrl\":\"https:\/\/www.aspack.es\/news\/wp-content\/uploads\/2019\/02\/CONGRESO-AECOC8-1200x565.jpg\",\"width\":1200,\"height\":565},{\"@type\":\"BreadcrumbList\",\"@id\":\"https:\/\/www.aspack.es\/news\/la-industria-de-la-alimentacion-y-la-distribucion-busca-un-futuro-mas-sostenible\/#breadcrumb\",\"itemListElement\":[{\"@type\":\"ListItem\",\"position\":1,\"name\":\"Portada\",\"item\":\"http:\/\/www.aspack.es\/news\/\"},{\"@type\":\"ListItem\",\"position\":2,\"name\":\"La industria de la alimentaci\u00f3n y la distribuci\u00f3n busca un futuro m\u00e1s sostenible\"}]},{\"@type\":\"WebSite\",\"@id\":\"http:\/\/www.aspack.es\/news\/#website\",\"url\":\"http:\/\/www.aspack.es\/news\/\",\"name\":\"ASPACK NEWS\",\"description\":\"El peri?dico digital de los envases de cart?n\",\"potentialAction\":[{\"@type\":\"SearchAction\",\"target\":{\"@type\":\"EntryPoint\",\"urlTemplate\":\"http:\/\/www.aspack.es\/news\/?s={search_term_string}\"},\"query-input\":{\"@type\":\"PropertyValueSpecification\",\"valueRequired\":true,\"valueName\":\"search_term_string\"}}],\"inLanguage\":\"es\"},{\"@type\":\"Person\",\"@id\":\"http:\/\/www.aspack.es\/news\/#\/schema\/person\/0019098322836346476fc7dfdbd26d95\",\"name\":\"admin\",\"image\":{\"@type\":\"ImageObject\",\"inLanguage\":\"es\",\"@id\":\"http:\/\/www.aspack.es\/news\/#\/schema\/person\/image\/\",\"url\":\"https:\/\/secure.gravatar.com\/avatar\/6a6c60542c39a2d052b8b1e8c5145e669bf888b9b229b3da0e43092daac8a32e?s=96&d=mm&r=g\",\"contentUrl\":\"https:\/\/secure.gravatar.com\/avatar\/6a6c60542c39a2d052b8b1e8c5145e669bf888b9b229b3da0e43092daac8a32e?s=96&d=mm&r=g\",\"caption\":\"admin\"},\"url\":\"https:\/\/www.aspack.es\/news\/author\/admin\/\"}]}<\/script>\n<!-- \/ Yoast SEO plugin. -->","yoast_head_json":{"title":"La industria de la alimentaci\u00f3n y la distribuci\u00f3n busca un futuro m\u00e1s sostenible - ASPACK NEWS","robots":{"index":"index","follow":"follow","max-snippet":"max-snippet:-1","max-image-preview":"max-image-preview:large","max-video-preview":"max-video-preview:-1"},"canonical":"https:\/\/www.aspack.es\/news\/la-industria-de-la-alimentacion-y-la-distribucion-busca-un-futuro-mas-sostenible\/","og_locale":"es_ES","og_type":"article","og_title":"La industria de la alimentaci\u00f3n y la distribuci\u00f3n busca un futuro m\u00e1s sostenible - ASPACK NEWS","og_description":"Un nuevo modelo econ\u00f3mico, centrado en el desarrollo sostenible y en las necesidades de los consumidores. Este es el tema principal que se va a tratar en el congreso de Desarrollo Sostenible que organizan AECOC, la Asociaci\u00f3n de Fabricantes y Distribuidores; y FIAB, la Federaci\u00f3n Espa\u00f1ola de Industrias de la Alimentaci\u00f3n y Bebidas, y que&hellip;","og_url":"https:\/\/www.aspack.es\/news\/la-industria-de-la-alimentacion-y-la-distribucion-busca-un-futuro-mas-sostenible\/","og_site_name":"ASPACK NEWS","article_published_time":"2019-02-13T06:34:17+00:00","article_modified_time":"2019-03-20T10:15:31+00:00","og_image":[{"width":1200,"height":565,"url":"https:\/\/www.aspack.es\/news\/wp-content\/uploads\/2019\/02\/CONGRESO-AECOC8-1200x565.jpg","type":"image\/jpeg"}],"author":"admin","twitter_card":"summary_large_image","twitter_misc":{"Escrito por":"admin","Tiempo de lectura":"1 minuto"},"schema":{"@context":"https:\/\/schema.org","@graph":[{"@type":"WebPage","@id":"https:\/\/www.aspack.es\/news\/la-industria-de-la-alimentacion-y-la-distribucion-busca-un-futuro-mas-sostenible\/","url":"https:\/\/www.aspack.es\/news\/la-industria-de-la-alimentacion-y-la-distribucion-busca-un-futuro-mas-sostenible\/","name":"La industria de la alimentaci\u00f3n y la distribuci\u00f3n busca un futuro m\u00e1s sostenible - ASPACK NEWS","isPartOf":{"@id":"http:\/\/www.aspack.es\/news\/#website"},"primaryImageOfPage":{"@id":"https:\/\/www.aspack.es\/news\/la-industria-de-la-alimentacion-y-la-distribucion-busca-un-futuro-mas-sostenible\/#primaryimage"},"image":{"@id":"https:\/\/www.aspack.es\/news\/la-industria-de-la-alimentacion-y-la-distribucion-busca-un-futuro-mas-sostenible\/#primaryimage"},"thumbnailUrl":"https:\/\/www.aspack.es\/news\/wp-content\/uploads\/2019\/02\/CONGRESO-AECOC8-1200x565.jpg","datePublished":"2019-02-13T06:34:17+00:00","dateModified":"2019-03-20T10:15:31+00:00","author":{"@id":"http:\/\/www.aspack.es\/news\/#\/schema\/person\/0019098322836346476fc7dfdbd26d95"},"breadcrumb":{"@id":"https:\/\/www.aspack.es\/news\/la-industria-de-la-alimentacion-y-la-distribucion-busca-un-futuro-mas-sostenible\/#breadcrumb"},"inLanguage":"es","potentialAction":[{"@type":"ReadAction","target":["https:\/\/www.aspack.es\/news\/la-industria-de-la-alimentacion-y-la-distribucion-busca-un-futuro-mas-sostenible\/"]}]},{"@type":"ImageObject","inLanguage":"es","@id":"https:\/\/www.aspack.es\/news\/la-industria-de-la-alimentacion-y-la-distribucion-busca-un-futuro-mas-sostenible\/#primaryimage","url":"https:\/\/www.aspack.es\/news\/wp-content\/uploads\/2019\/02\/CONGRESO-AECOC8-1200x565.jpg","contentUrl":"https:\/\/www.aspack.es\/news\/wp-content\/uploads\/2019\/02\/CONGRESO-AECOC8-1200x565.jpg","width":1200,"height":565},{"@type":"BreadcrumbList","@id":"https:\/\/www.aspack.es\/news\/la-industria-de-la-alimentacion-y-la-distribucion-busca-un-futuro-mas-sostenible\/#breadcrumb","itemListElement":[{"@type":"ListItem","position":1,"name":"Portada","item":"http:\/\/www.aspack.es\/news\/"},{"@type":"ListItem","position":2,"name":"La industria de la alimentaci\u00f3n y la distribuci\u00f3n busca un futuro m\u00e1s sostenible"}]},{"@type":"WebSite","@id":"http:\/\/www.aspack.es\/news\/#website","url":"http:\/\/www.aspack.es\/news\/","name":"ASPACK NEWS","description":"El peri?dico digital de los envases de cart?n","potentialAction":[{"@type":"SearchAction","target":{"@type":"EntryPoint","urlTemplate":"http:\/\/www.aspack.es\/news\/?s={search_term_string}"},"query-input":{"@type":"PropertyValueSpecification","valueRequired":true,"valueName":"search_term_string"}}],"inLanguage":"es"},{"@type":"Person","@id":"http:\/\/www.aspack.es\/news\/#\/schema\/person\/0019098322836346476fc7dfdbd26d95","name":"admin","image":{"@type":"ImageObject","inLanguage":"es","@id":"http:\/\/www.aspack.es\/news\/#\/schema\/person\/image\/","url":"https:\/\/secure.gravatar.com\/avatar\/6a6c60542c39a2d052b8b1e8c5145e669bf888b9b229b3da0e43092daac8a32e?s=96&d=mm&r=g","contentUrl":"https:\/\/secure.gravatar.com\/avatar\/6a6c60542c39a2d052b8b1e8c5145e669bf888b9b229b3da0e43092daac8a32e?s=96&d=mm&r=g","caption":"admin"},"url":"https:\/\/www.aspack.es\/news\/author\/admin\/"}]}},"_links":{"self":[{"href":"https:\/\/www.aspack.es\/news\/wp-json\/wp\/v2\/posts\/838","targetHints":{"allow":["GET"]}}],"collection":[{"href":"https:\/\/www.aspack.es\/news\/wp-json\/wp\/v2\/posts"}],"about":[{"href":"https:\/\/www.aspack.es\/news\/wp-json\/wp\/v2\/types\/post"}],"author":[{"embeddable":true,"href":"https:\/\/www.aspack.es\/news\/wp-json\/wp\/v2\/users\/1"}],"replies":[{"embeddable":true,"href":"https:\/\/www.aspack.es\/news\/wp-json\/wp\/v2\/comments?post=838"}],"version-history":[{"count":1,"href":"https:\/\/www.aspack.es\/news\/wp-json\/wp\/v2\/posts\/838\/revisions"}],"predecessor-version":[{"id":840,"href":"https:\/\/www.aspack.es\/news\/wp-json\/wp\/v2\/posts\/838\/revisions\/840"}],"wp:featuredmedia":[{"embeddable":true,"href":"https:\/\/www.aspack.es\/news\/wp-json\/wp\/v2\/media\/839"}],"wp:attachment":[{"href":"https:\/\/www.aspack.es\/news\/wp-json\/wp\/v2\/media?parent=838"}],"wp:term":[{"taxonomy":"category","embeddable":true,"href":"https:\/\/www.aspack.es\/news\/wp-json\/wp\/v2\/categories?post=838"},{"taxonomy":"post_tag","embeddable":true,"href":"https:\/\/www.aspack.es\/news\/wp-json\/wp\/v2\/tags?post=838"}],"curies":[{"name":"wp","href":"https:\/\/api.w.org\/{rel}","templated":true}]}}