{"id":944,"date":"2019-09-13T07:58:15","date_gmt":"2019-09-13T07:58:15","guid":{"rendered":"http:\/\/www.aspack.es\/news\/?p=944"},"modified":"2019-10-14T15:03:03","modified_gmt":"2019-10-14T15:03:03","slug":"la-proteccion-del-medio-ambiente-y-la-sostenibilidad-son-tendencias-clave-que-afectan-al-diseno-de-los-envases","status":"publish","type":"post","link":"https:\/\/www.aspack.es\/news\/la-proteccion-del-medio-ambiente-y-la-sostenibilidad-son-tendencias-clave-que-afectan-al-diseno-de-los-envases\/","title":{"rendered":"\u201cLa protecci\u00f3n del medio ambiente y la sostenibilidad son tendencias clave que afectan al dise\u00f1o de los envases\u201d"},"content":{"rendered":"<p>Despu\u00e9s de m\u00e1s de 50 a\u00f1os en el mercado de la impresi\u00f3n comercial, Kodak ha empezado a trabajar en el del packaging. Uno de los primeros pasos que han dado para conocer y darse a conocer en este segmento\u00a0en Espa\u00f1a ha sido asociarse a ASPACK. Hablamos con Luis Virgos, Regional Sales Manager para Iberia Latinoam\u00e9rica, sobre la actualidad de Kodak y de la industria.<\/p>\n<p><strong>Kodak es una marca tradicionalmente asociada al mundo de la fotograf\u00eda, la impresi\u00f3n, el suministro de maquinaria \u00bfc\u00f3mo hab\u00e9is decidido sumaros a ASPACK, una asociaci\u00f3n de fabricantes de packaging de cart\u00f3n?<\/strong><\/p>\n<p>Kodak ha sido l\u00edder en tecnolog\u00eda de inyecci\u00f3n de tinta digital durante m\u00e1s de 50 a\u00f1os, ofreciendo soluciones a m\u00faltiples mercados, incluyendo aplicaciones editoriales, comerciales y transaccionales. En 2018 nos expandimos al mercado del packaging con la introducci\u00f3n de rotativas y sistemas de impresi\u00f3n Kodak PROSPER para cajas de cart\u00f3n compacto y aplicaciones de cart\u00f3n corrugado. En junio de 2018, UTECO Italia desarroll\u00f3 una nueva y revolucionaria rotativa digital, la Sapphire EVO, para el mercado de envases flexibles utilizando la tecnolog\u00eda de inyecci\u00f3n de tinta KODAK Stream. Adem\u00e1s, la empresa estadounidense Bretting Corporation anunci\u00f3 una soluci\u00f3n digital para imprimir productos de papel como servilletas. Un informe reciente de Keypoint Intelligence detalla el enfoque estrat\u00e9gico de Kodak en el mercado de packaging.<\/p>\n<p>Al unirnos a ASPACK esperamos obtener m\u00e1s informaci\u00f3n sobre las empresas miembros y proporcionar informaci\u00f3n sobre c\u00f3mo la inyecci\u00f3n de tinta digital de alta velocidad de Kodak puede permitir el crecimiento empresarial de los miembros de ASPACK y aumentar sus relaciones con las marcas.<\/p>\n<p><strong>\u00bfQu\u00e9 pod\u00e9is ofrecer a los asociados de ASPACK para facilitarles el d\u00eda a d\u00eda en sus empresas?<\/strong><\/p>\n<p>Kodak proporciona soluciones digitales de alta velocidad con calidad offset que permiten la impresi\u00f3n de tiradas cortas de forma econ\u00f3mica que satisfacen los tiempos de producci\u00f3n demandados por las marcas. Adem\u00e1s, las soluciones de impresi\u00f3n de Kodak permiten la personalizaci\u00f3n del contenido en l\u00ednea integrando la soluci\u00f3n inkjet en las prensas convencionales o en los equipos de acabado, lo que permite una implementaci\u00f3n rentable y una mayor flexibilidad de fabricaci\u00f3n. Como l\u00edder de impresi\u00f3n en la industria, Kodak tambi\u00e9n puede compartir las tendencias mundiales y las mejores pr\u00e1cticas en implementaci\u00f3n digital para ayudar a los asociados en su transformaci\u00f3n para implementar la impresi\u00f3n digital de manera rentable.<\/p>\n<p><strong>\u00bfCu\u00e1l es la posici\u00f3n de Kodak en el mercado del packaging?<\/strong><\/p>\n<p>Kodak ha sido un proveedor de soluciones l\u00edder en el mercado para la industria de la impresi\u00f3n comercial durante m\u00e1s de 50 a\u00f1os, proporcionando soluciones de preimpresi\u00f3n y flujo de trabajo flexogr\u00e1fico y offset con marcas como el flujo de trabajo PRINERGY, o la plancha SONORA sin procesado. A trav\u00e9s de los avances en la tecnolog\u00eda de tinta digital certificada para el contacto con alimentos, las soluciones de inyecci\u00f3n de tinta de alta velocidad de Kodak, con equipos como nuestro nuevo sistema PROSPER Plus, KODAK se est\u00e1 expandiendo en el mercado del packaging, permitiendo a los convertidores expandir sus capacidades de producci\u00f3n, mejorar su eficiencia, reducir el impacto ambiental e incrementar su negocio.<\/p>\n<p><strong>\u00bfCu\u00e1les son las tendencias que hab\u00e9is observado en los \u00faltimos a\u00f1os en el mundo del packaging y c\u00f3mo os est\u00e1is adaptando a ellas?<\/strong><\/p>\n<p>Los consumidores est\u00e1n buscando productos que cumplan con los requisitos de su estilo de vida, lo que incluye una mayor proliferaci\u00f3n de productos para una vida saludable y en movimiento, y los requisitos de packaging asociados para seguridad, autenticidad, seguimiento y protecci\u00f3n. Mientras tanto, las marcas est\u00e1n trabajando arduamente para seguir el ritmo de las demandas siempre cambiantes de los consumidores. Por ejemplo, en la d\u00e9cada de 1990, la tienda minorista promedio de los EE. UU ten\u00eda en stock unos 7.000 productos. Hoy en d\u00eda, esa cantidad ha aumentado a m\u00e1s de 30.000 productos.<\/p>\n<p>Adem\u00e1s, el packaging se est\u00e1 volviendo m\u00e1s sofisticado, conectando al consumidor con la marca, con c\u00f3digos QR que permiten al envase \u00abhablar\u00bb con los tel\u00e9fonos inteligentes e incrementar las compras del consumidor. Otra tendencia clave es la protecci\u00f3n del medio ambiente y la sostenibilidad. Estas preocupaciones afectan al dise\u00f1o del envase, buscando sustratos m\u00e1s reciclables, ecol\u00f3gicos y biodegradables. El envase \u00abbajo demanda\u00bb impreso digitalmente ayuda a reducir el desperdicio y el inventario y elimina la necesidad de planchas convencionales y productos qu\u00edmicos asociados.<\/p>\n<p>Kodak proporciona soluciones econ\u00f3micas de tecnolog\u00eda de inyecci\u00f3n de tinta en respuesta a estas tendencias para los convertidores que mejoran la productividad de sus herramientas convencionales y extienden su flexibilidad de fabricaci\u00f3n.<\/p>\n<p><strong>\u00bfCre\u00e9is que los fabricantes de envases se est\u00e1n adaptando a estas nuevas tendencias o es necesario m\u00e1s apoyo y m\u00e1s labor de ense\u00f1anza? <\/strong><\/p>\n<p>Parece que los fabricantes de envases tardan en adoptar estas tendencias de packaging en impresi\u00f3n digital. Como resultado, se necesita m\u00e1s entrenamiento y formaci\u00f3n. Durante los recientes eventos comerciales en los que hemos participado, las marcas han expresado la opini\u00f3n de que los convertidores de envases no se est\u00e1n moviendo lo suficientemente r\u00e1pido en la adoptaci\u00f3n de la tecnolog\u00eda digital y, en respuesta, algunas marcas est\u00e1n trayendo la impresi\u00f3n digital de manera interna.<\/p>\n<p>La penetraci\u00f3n de la impresi\u00f3n digital en cajas de cart\u00f3n compacto y corrugado se estima en 2% en 2018, seg\u00fan PIRA \/ Smithers, y crecer\u00e1 a 5% para 2023. Eso parece bajo, pero significa que una gran cantidad de envases impresos se est\u00e1n moviendo a impresi\u00f3n digital. Kodak participa en muchos foros comerciales para ampliar la formaci\u00f3n sobre estas tendencias con lo \u00faltimo en tecnolog\u00edas de impresi\u00f3n digital para ayudar a los convertidores de envases en esta transformaci\u00f3n. Recientemente, podemos ver que los consumidores se est\u00e1n moviendo muy r\u00e1pidamente para adoptar las comunicaciones digitales y las marcas quieren moverse m\u00e1s r\u00e1pido para seguir el ritmo de sus consumidores. Las marcas est\u00e1n implementando acciones de marketing directo con promociones y programas de comercio electr\u00f3nico en paralelo a los minoristas. Adem\u00e1s, las herramientas digitales pueden permitir una mayor automatizaci\u00f3n y eficiencia en la producci\u00f3n. Estas son todas las \u00e1reas de educaci\u00f3n y desarrollo de productos en las que Kodak se enfoca en la actualidad.<\/p>\n<p><strong>Las tiradas cortas y la personalizaci\u00f3n son cada vez m\u00e1s demandadas \u00bfQu\u00e9 pod\u00e9is ofrecer a vuestros clientes en este sentido?<\/strong><\/p>\n<p>Kodak ofrece sistemas de impresi\u00f3n de inyecci\u00f3n de tinta de alta velocidad para su integraci\u00f3n y rotativas digitales en color que permiten al convertidor producir de forma rentable tiradas cortas y envases personalizados, con soluciones de impresi\u00f3n en l\u00ednea que se pueden montar en sus prensas convencionales o l\u00edneas de acabado, lo que prolonga la vida \u00fatil de esos activos. Las soluciones de impresi\u00f3n de Kodak imprimen a velocidades de hasta 900 metros por minuto, manteniendo el ritmo del equipo convencional y brindando una excelente calidad de imagen. Las tintas digitales de Kodak est\u00e1n certificadas para el uso en contacto indirecto con alimentos y son las tintas digitales con el precio m\u00e1s econ\u00f3mico en el mercado hasta 35% menos que otros fabricantes. El resultado es un precio de impresi\u00f3n muy atractivo para agregar impresi\u00f3n digital a sus trabajos actuales.<\/p>\n<p><strong>\u00bfY cu\u00e1les cre\u00e9is que son las principales oportunidades del sector del envase de cart\u00f3n que los fabricantes podr\u00edan aprovechar?<\/strong><\/p>\n<p>Esta es una breve lista de oportunidades en las que Kodak est\u00e1 involucrado hoy:<\/p>\n<ul>\n<li>Activar los modelos de negocio de eCommerce.<\/li>\n<li>Incrementar la velocidad de comercializaci\u00f3n de un producto para las marcas.<\/li>\n<li>Obtener una rentabilidad adicional con las tiradas cortas.<\/li>\n<li>Incrementar las ventas para peque\u00f1as y medianas marcas en envases con bajo MOQ (Cantidad m\u00ednima de pedido).<\/li>\n<li>Desarrollar modelos de producci\u00f3n \u201cWeb to Print\u201d.<\/li>\n<li>Personalizar el packaging obteniendo el compromiso del consumidor con la marca.<\/li>\n<li>Mejorar los procesos para incrementar los beneficios de sostenibilidad al imprimir solo lo que se necesita y as\u00ed eliminar la necesidad de planchas, productos qu\u00edmicos y otros consumibles de los procesos de impresi\u00f3n convencionales.<\/li>\n<li>Responder de forma r\u00e1pida a los cambios regulatorios y de marketing que requieran variabilidad en el etiquetado, en el contenido y en los mensajes<\/li>\n<\/ul>\n<p><strong>Os hab\u00e9is sumado recientemente a ASPACK \u00bfQu\u00e9 es lo que m\u00e1s os ha llamado la atenci\u00f3n de la asociaci\u00f3n para uniros al proyecto?<\/strong><\/p>\n<p>Kodak se complace en unirse a ASPACK ya que ampliamos nuestra participaci\u00f3n en el mercado de envases con nuestro lanzamiento estrat\u00e9gico de nuevas soluciones para el mercado del packaging. Es el momento adecuado para que Kodak se una a ASPACK y conecte con las empresas l\u00edderes en el mercado del cart\u00f3n compacto, contribuyendo a establecer la direcci\u00f3n futura de la industria para fomentar el uso de la nueva tecnolog\u00eda digital de inyecci\u00f3n de tinta que cumpla con los requisitos de cambio de los consumidores y las marcas, contribuyendo a garantizar la posici\u00f3n competitiva de los miembros de ASPACK.<\/p>\n","protected":false},"excerpt":{"rendered":"<p>Despu\u00e9s de m\u00e1s de 50 a\u00f1os en el mercado de la impresi\u00f3n comercial, Kodak ha empezado a trabajar en el del packaging. Uno de los primeros pasos que han dado para conocer y darse a conocer en este segmento\u00a0en Espa\u00f1a ha sido asociarse a ASPACK. Hablamos con Luis Virgos, Regional Sales Manager para Iberia Latinoam\u00e9rica,&hellip;<\/p>\n","protected":false},"author":1,"featured_media":945,"comment_status":"closed","ping_status":"open","sticky":false,"template":"","format":"standard","meta":{"footnotes":""},"categories":[18,17,20],"tags":[],"class_list":["post-944","post","type-post","status-publish","format-standard","has-post-thumbnail","hentry","category-asociados","category-el-sector","category-entrevistas"],"yoast_head":"<!-- This site is optimized with the Yoast SEO plugin v25.9 - https:\/\/yoast.com\/wordpress\/plugins\/seo\/ -->\n<title>\u201cLa protecci\u00f3n del medio ambiente y la sostenibilidad son tendencias clave que afectan al dise\u00f1o de los envases\u201d - ASPACK NEWS<\/title>\n<meta name=\"robots\" content=\"index, follow, max-snippet:-1, max-image-preview:large, max-video-preview:-1\" \/>\n<link rel=\"canonical\" href=\"http:\/\/www.aspack.es\/news\/la-proteccion-del-medio-ambiente-y-la-sostenibilidad-son-tendencias-clave-que-afectan-al-diseno-de-los-envases\/\" \/>\n<meta property=\"og:locale\" content=\"es_ES\" \/>\n<meta property=\"og:type\" content=\"article\" \/>\n<meta property=\"og:title\" content=\"\u201cLa protecci\u00f3n del medio ambiente y la sostenibilidad son tendencias clave que afectan al dise\u00f1o de los envases\u201d - ASPACK NEWS\" \/>\n<meta property=\"og:description\" content=\"Despu\u00e9s de m\u00e1s de 50 a\u00f1os en el mercado de la impresi\u00f3n comercial, Kodak ha empezado a trabajar en el del packaging. Uno de los primeros pasos que han dado para conocer y darse a conocer en este segmento\u00a0en Espa\u00f1a ha sido asociarse a ASPACK. Hablamos con Luis Virgos, Regional Sales Manager para Iberia Latinoam\u00e9rica,&hellip;\" \/>\n<meta property=\"og:url\" content=\"http:\/\/www.aspack.es\/news\/la-proteccion-del-medio-ambiente-y-la-sostenibilidad-son-tendencias-clave-que-afectan-al-diseno-de-los-envases\/\" \/>\n<meta property=\"og:site_name\" content=\"ASPACK NEWS\" \/>\n<meta property=\"article:published_time\" content=\"2019-09-13T07:58:15+00:00\" \/>\n<meta property=\"article:modified_time\" content=\"2019-10-14T15:03:03+00:00\" \/>\n<meta property=\"og:image\" content=\"http:\/\/www.aspack.es\/news\/wp-content\/uploads\/2019\/09\/LuisVirgos.jpg\" \/>\n\t<meta property=\"og:image:width\" content=\"1800\" \/>\n\t<meta property=\"og:image:height\" content=\"1727\" \/>\n\t<meta property=\"og:image:type\" content=\"image\/jpeg\" \/>\n<meta name=\"author\" content=\"admin\" \/>\n<meta name=\"twitter:card\" content=\"summary_large_image\" \/>\n<meta name=\"twitter:label1\" content=\"Escrito por\" \/>\n\t<meta name=\"twitter:data1\" content=\"admin\" \/>\n\t<meta name=\"twitter:label2\" content=\"Tiempo de lectura\" \/>\n\t<meta name=\"twitter:data2\" content=\"8 minutos\" \/>\n<script type=\"application\/ld+json\" class=\"yoast-schema-graph\">{\"@context\":\"https:\/\/schema.org\",\"@graph\":[{\"@type\":\"WebPage\",\"@id\":\"http:\/\/www.aspack.es\/news\/la-proteccion-del-medio-ambiente-y-la-sostenibilidad-son-tendencias-clave-que-afectan-al-diseno-de-los-envases\/\",\"url\":\"http:\/\/www.aspack.es\/news\/la-proteccion-del-medio-ambiente-y-la-sostenibilidad-son-tendencias-clave-que-afectan-al-diseno-de-los-envases\/\",\"name\":\"\u201cLa protecci\u00f3n del medio ambiente y la sostenibilidad son tendencias clave que afectan al dise\u00f1o de los envases\u201d - ASPACK NEWS\",\"isPartOf\":{\"@id\":\"http:\/\/www.aspack.es\/news\/#website\"},\"primaryImageOfPage\":{\"@id\":\"http:\/\/www.aspack.es\/news\/la-proteccion-del-medio-ambiente-y-la-sostenibilidad-son-tendencias-clave-que-afectan-al-diseno-de-los-envases\/#primaryimage\"},\"image\":{\"@id\":\"http:\/\/www.aspack.es\/news\/la-proteccion-del-medio-ambiente-y-la-sostenibilidad-son-tendencias-clave-que-afectan-al-diseno-de-los-envases\/#primaryimage\"},\"thumbnailUrl\":\"https:\/\/www.aspack.es\/news\/wp-content\/uploads\/2019\/09\/LuisVirgos.jpg\",\"datePublished\":\"2019-09-13T07:58:15+00:00\",\"dateModified\":\"2019-10-14T15:03:03+00:00\",\"author\":{\"@id\":\"http:\/\/www.aspack.es\/news\/#\/schema\/person\/0019098322836346476fc7dfdbd26d95\"},\"breadcrumb\":{\"@id\":\"http:\/\/www.aspack.es\/news\/la-proteccion-del-medio-ambiente-y-la-sostenibilidad-son-tendencias-clave-que-afectan-al-diseno-de-los-envases\/#breadcrumb\"},\"inLanguage\":\"es\",\"potentialAction\":[{\"@type\":\"ReadAction\",\"target\":[\"http:\/\/www.aspack.es\/news\/la-proteccion-del-medio-ambiente-y-la-sostenibilidad-son-tendencias-clave-que-afectan-al-diseno-de-los-envases\/\"]}]},{\"@type\":\"ImageObject\",\"inLanguage\":\"es\",\"@id\":\"http:\/\/www.aspack.es\/news\/la-proteccion-del-medio-ambiente-y-la-sostenibilidad-son-tendencias-clave-que-afectan-al-diseno-de-los-envases\/#primaryimage\",\"url\":\"https:\/\/www.aspack.es\/news\/wp-content\/uploads\/2019\/09\/LuisVirgos.jpg\",\"contentUrl\":\"https:\/\/www.aspack.es\/news\/wp-content\/uploads\/2019\/09\/LuisVirgos.jpg\",\"width\":1800,\"height\":1727},{\"@type\":\"BreadcrumbList\",\"@id\":\"http:\/\/www.aspack.es\/news\/la-proteccion-del-medio-ambiente-y-la-sostenibilidad-son-tendencias-clave-que-afectan-al-diseno-de-los-envases\/#breadcrumb\",\"itemListElement\":[{\"@type\":\"ListItem\",\"position\":1,\"name\":\"Portada\",\"item\":\"http:\/\/www.aspack.es\/news\/\"},{\"@type\":\"ListItem\",\"position\":2,\"name\":\"\u201cLa protecci\u00f3n del medio ambiente y la sostenibilidad son tendencias clave que afectan al dise\u00f1o de los envases\u201d\"}]},{\"@type\":\"WebSite\",\"@id\":\"http:\/\/www.aspack.es\/news\/#website\",\"url\":\"http:\/\/www.aspack.es\/news\/\",\"name\":\"ASPACK NEWS\",\"description\":\"El peri?dico digital de los envases de cart?n\",\"potentialAction\":[{\"@type\":\"SearchAction\",\"target\":{\"@type\":\"EntryPoint\",\"urlTemplate\":\"http:\/\/www.aspack.es\/news\/?s={search_term_string}\"},\"query-input\":{\"@type\":\"PropertyValueSpecification\",\"valueRequired\":true,\"valueName\":\"search_term_string\"}}],\"inLanguage\":\"es\"},{\"@type\":\"Person\",\"@id\":\"http:\/\/www.aspack.es\/news\/#\/schema\/person\/0019098322836346476fc7dfdbd26d95\",\"name\":\"admin\",\"image\":{\"@type\":\"ImageObject\",\"inLanguage\":\"es\",\"@id\":\"http:\/\/www.aspack.es\/news\/#\/schema\/person\/image\/\",\"url\":\"https:\/\/secure.gravatar.com\/avatar\/6a6c60542c39a2d052b8b1e8c5145e669bf888b9b229b3da0e43092daac8a32e?s=96&d=mm&r=g\",\"contentUrl\":\"https:\/\/secure.gravatar.com\/avatar\/6a6c60542c39a2d052b8b1e8c5145e669bf888b9b229b3da0e43092daac8a32e?s=96&d=mm&r=g\",\"caption\":\"admin\"},\"url\":\"https:\/\/www.aspack.es\/news\/author\/admin\/\"}]}<\/script>\n<!-- \/ Yoast SEO plugin. -->","yoast_head_json":{"title":"\u201cLa protecci\u00f3n del medio ambiente y la sostenibilidad son tendencias clave que afectan al dise\u00f1o de los envases\u201d - ASPACK NEWS","robots":{"index":"index","follow":"follow","max-snippet":"max-snippet:-1","max-image-preview":"max-image-preview:large","max-video-preview":"max-video-preview:-1"},"canonical":"http:\/\/www.aspack.es\/news\/la-proteccion-del-medio-ambiente-y-la-sostenibilidad-son-tendencias-clave-que-afectan-al-diseno-de-los-envases\/","og_locale":"es_ES","og_type":"article","og_title":"\u201cLa protecci\u00f3n del medio ambiente y la sostenibilidad son tendencias clave que afectan al dise\u00f1o de los envases\u201d - ASPACK NEWS","og_description":"Despu\u00e9s de m\u00e1s de 50 a\u00f1os en el mercado de la impresi\u00f3n comercial, Kodak ha empezado a trabajar en el del packaging. Uno de los primeros pasos que han dado para conocer y darse a conocer en este segmento\u00a0en Espa\u00f1a ha sido asociarse a ASPACK. Hablamos con Luis Virgos, Regional Sales Manager para Iberia Latinoam\u00e9rica,&hellip;","og_url":"http:\/\/www.aspack.es\/news\/la-proteccion-del-medio-ambiente-y-la-sostenibilidad-son-tendencias-clave-que-afectan-al-diseno-de-los-envases\/","og_site_name":"ASPACK NEWS","article_published_time":"2019-09-13T07:58:15+00:00","article_modified_time":"2019-10-14T15:03:03+00:00","og_image":[{"width":1800,"height":1727,"url":"http:\/\/www.aspack.es\/news\/wp-content\/uploads\/2019\/09\/LuisVirgos.jpg","type":"image\/jpeg"}],"author":"admin","twitter_card":"summary_large_image","twitter_misc":{"Escrito por":"admin","Tiempo de lectura":"8 minutos"},"schema":{"@context":"https:\/\/schema.org","@graph":[{"@type":"WebPage","@id":"http:\/\/www.aspack.es\/news\/la-proteccion-del-medio-ambiente-y-la-sostenibilidad-son-tendencias-clave-que-afectan-al-diseno-de-los-envases\/","url":"http:\/\/www.aspack.es\/news\/la-proteccion-del-medio-ambiente-y-la-sostenibilidad-son-tendencias-clave-que-afectan-al-diseno-de-los-envases\/","name":"\u201cLa protecci\u00f3n del medio ambiente y la sostenibilidad son tendencias clave que afectan al dise\u00f1o de los envases\u201d - ASPACK NEWS","isPartOf":{"@id":"http:\/\/www.aspack.es\/news\/#website"},"primaryImageOfPage":{"@id":"http:\/\/www.aspack.es\/news\/la-proteccion-del-medio-ambiente-y-la-sostenibilidad-son-tendencias-clave-que-afectan-al-diseno-de-los-envases\/#primaryimage"},"image":{"@id":"http:\/\/www.aspack.es\/news\/la-proteccion-del-medio-ambiente-y-la-sostenibilidad-son-tendencias-clave-que-afectan-al-diseno-de-los-envases\/#primaryimage"},"thumbnailUrl":"https:\/\/www.aspack.es\/news\/wp-content\/uploads\/2019\/09\/LuisVirgos.jpg","datePublished":"2019-09-13T07:58:15+00:00","dateModified":"2019-10-14T15:03:03+00:00","author":{"@id":"http:\/\/www.aspack.es\/news\/#\/schema\/person\/0019098322836346476fc7dfdbd26d95"},"breadcrumb":{"@id":"http:\/\/www.aspack.es\/news\/la-proteccion-del-medio-ambiente-y-la-sostenibilidad-son-tendencias-clave-que-afectan-al-diseno-de-los-envases\/#breadcrumb"},"inLanguage":"es","potentialAction":[{"@type":"ReadAction","target":["http:\/\/www.aspack.es\/news\/la-proteccion-del-medio-ambiente-y-la-sostenibilidad-son-tendencias-clave-que-afectan-al-diseno-de-los-envases\/"]}]},{"@type":"ImageObject","inLanguage":"es","@id":"http:\/\/www.aspack.es\/news\/la-proteccion-del-medio-ambiente-y-la-sostenibilidad-son-tendencias-clave-que-afectan-al-diseno-de-los-envases\/#primaryimage","url":"https:\/\/www.aspack.es\/news\/wp-content\/uploads\/2019\/09\/LuisVirgos.jpg","contentUrl":"https:\/\/www.aspack.es\/news\/wp-content\/uploads\/2019\/09\/LuisVirgos.jpg","width":1800,"height":1727},{"@type":"BreadcrumbList","@id":"http:\/\/www.aspack.es\/news\/la-proteccion-del-medio-ambiente-y-la-sostenibilidad-son-tendencias-clave-que-afectan-al-diseno-de-los-envases\/#breadcrumb","itemListElement":[{"@type":"ListItem","position":1,"name":"Portada","item":"http:\/\/www.aspack.es\/news\/"},{"@type":"ListItem","position":2,"name":"\u201cLa protecci\u00f3n del medio ambiente y la sostenibilidad son tendencias clave que afectan al dise\u00f1o de los envases\u201d"}]},{"@type":"WebSite","@id":"http:\/\/www.aspack.es\/news\/#website","url":"http:\/\/www.aspack.es\/news\/","name":"ASPACK NEWS","description":"El peri?dico digital de los envases de cart?n","potentialAction":[{"@type":"SearchAction","target":{"@type":"EntryPoint","urlTemplate":"http:\/\/www.aspack.es\/news\/?s={search_term_string}"},"query-input":{"@type":"PropertyValueSpecification","valueRequired":true,"valueName":"search_term_string"}}],"inLanguage":"es"},{"@type":"Person","@id":"http:\/\/www.aspack.es\/news\/#\/schema\/person\/0019098322836346476fc7dfdbd26d95","name":"admin","image":{"@type":"ImageObject","inLanguage":"es","@id":"http:\/\/www.aspack.es\/news\/#\/schema\/person\/image\/","url":"https:\/\/secure.gravatar.com\/avatar\/6a6c60542c39a2d052b8b1e8c5145e669bf888b9b229b3da0e43092daac8a32e?s=96&d=mm&r=g","contentUrl":"https:\/\/secure.gravatar.com\/avatar\/6a6c60542c39a2d052b8b1e8c5145e669bf888b9b229b3da0e43092daac8a32e?s=96&d=mm&r=g","caption":"admin"},"url":"https:\/\/www.aspack.es\/news\/author\/admin\/"}]}},"_links":{"self":[{"href":"https:\/\/www.aspack.es\/news\/wp-json\/wp\/v2\/posts\/944","targetHints":{"allow":["GET"]}}],"collection":[{"href":"https:\/\/www.aspack.es\/news\/wp-json\/wp\/v2\/posts"}],"about":[{"href":"https:\/\/www.aspack.es\/news\/wp-json\/wp\/v2\/types\/post"}],"author":[{"embeddable":true,"href":"https:\/\/www.aspack.es\/news\/wp-json\/wp\/v2\/users\/1"}],"replies":[{"embeddable":true,"href":"https:\/\/www.aspack.es\/news\/wp-json\/wp\/v2\/comments?post=944"}],"version-history":[{"count":5,"href":"https:\/\/www.aspack.es\/news\/wp-json\/wp\/v2\/posts\/944\/revisions"}],"predecessor-version":[{"id":954,"href":"https:\/\/www.aspack.es\/news\/wp-json\/wp\/v2\/posts\/944\/revisions\/954"}],"wp:featuredmedia":[{"embeddable":true,"href":"https:\/\/www.aspack.es\/news\/wp-json\/wp\/v2\/media\/945"}],"wp:attachment":[{"href":"https:\/\/www.aspack.es\/news\/wp-json\/wp\/v2\/media?parent=944"}],"wp:term":[{"taxonomy":"category","embeddable":true,"href":"https:\/\/www.aspack.es\/news\/wp-json\/wp\/v2\/categories?post=944"},{"taxonomy":"post_tag","embeddable":true,"href":"https:\/\/www.aspack.es\/news\/wp-json\/wp\/v2\/tags?post=944"}],"curies":[{"name":"wp","href":"https:\/\/api.w.org\/{rel}","templated":true}]}}