{"id":998,"date":"2019-11-12T10:23:47","date_gmt":"2019-11-12T10:23:47","guid":{"rendered":"http:\/\/www.aspack.es\/news\/?p=998"},"modified":"2019-12-12T12:40:18","modified_gmt":"2019-12-12T12:40:18","slug":"coca-cola-apuesta-por-el-envase-de-carton-y-eliminara-las-anillas-de-plastico-a-partir-de-2020","status":"publish","type":"post","link":"https:\/\/www.aspack.es\/news\/coca-cola-apuesta-por-el-envase-de-carton-y-eliminara-las-anillas-de-plastico-a-partir-de-2020\/","title":{"rendered":"Coca Cola apuesta por el envase de cart\u00f3n y eliminar\u00e1 las anillas de pl\u00e1stico a partir de 2020"},"content":{"rendered":"<p>La sostenibilidad y la b\u00fasqueda de soluciones ecol\u00f3gicas para el packaging son tendencias imparables a las que cada vez se suman m\u00e1s marcas. Una de las \u00faltimas ha sido Coca Cola, que ha anunciado que va a dejar de utilizar anillas de pl\u00e1stico para unir los packs de latas de refrescos y que en su lugar utilizar\u00e1 packaging de cart\u00f3n.<\/p>\n<p>Adem\u00e1s, van a aligerar el peso de los envases y se eliminar\u00e1 el film que se utiliza para unir botellas de pl\u00e1stico de medio litro.<\/p>\n<p>Estas iniciativas se enmarcan dentro de la estrategia de sostenibilidad de Coca Cola, que para finales de este 2019 espera haber eliminado el 88 por ciento de las anillas de pl\u00e1stico de sus packs de latas en Europa occidental y terminar con ellas definitivamente durante el a\u00f1o que viene.<\/p>\n<p>Estas novedades fueron presentadas por el presidente de Coca Cola en Europa occidental, Tim Brett, en octubre en una conferencia de prensa en la que afirm\u00f3 que Coca Cola no quiere seguir viendo c\u00f3mo sus envases contribuyen a la contaminaci\u00f3n del medio ambiente y de los mares. \u201cTenemos que hacer algo y hay que hacerlo mejor y m\u00e1s r\u00e1pido\u201d, afirm\u00f3.<\/p>\n<p>En esta l\u00ednea, la firma tambi\u00e9n ha puesto en el mercado botellas de pl\u00e1stico fabricadas con material reciclado y tiene el objetivo de que para 2023 la mitad de todas sus botellas de pl\u00e1stico en Europa Occidental est\u00e9n fabricadas con pl\u00e1stico reciclado.<\/p>\n<p>Seg\u00fan los c\u00e1lculos de Coca Cola, eliminar las anillas de pl\u00e1stico y el film que recubre los packs de latas y botellas va a suponer el ahorro de m\u00e1s de 11.000 toneladas de pl\u00e1stico al a\u00f1o en Europa Occidental.<\/p>\n","protected":false},"excerpt":{"rendered":"<p>La sostenibilidad y la b\u00fasqueda de soluciones ecol\u00f3gicas para el packaging son tendencias imparables a las que cada vez se suman m\u00e1s marcas. Una de las \u00faltimas ha sido Coca Cola, que ha anunciado que va a dejar de utilizar anillas de pl\u00e1stico para unir los packs de latas de refrescos y que en su&hellip;<\/p>\n","protected":false},"author":1,"featured_media":1000,"comment_status":"closed","ping_status":"open","sticky":false,"template":"","format":"standard","meta":{"footnotes":""},"categories":[17],"tags":[],"class_list":["post-998","post","type-post","status-publish","format-standard","has-post-thumbnail","hentry","category-el-sector"],"yoast_head":"<!-- This site is optimized with the Yoast SEO plugin v25.9 - https:\/\/yoast.com\/wordpress\/plugins\/seo\/ -->\n<title>Coca Cola apuesta por el envase de cart\u00f3n y eliminar\u00e1 las anillas de pl\u00e1stico a partir de 2020 - ASPACK NEWS<\/title>\n<meta name=\"robots\" content=\"index, follow, max-snippet:-1, max-image-preview:large, max-video-preview:-1\" \/>\n<link rel=\"canonical\" href=\"http:\/\/www.aspack.es\/news\/coca-cola-apuesta-por-el-envase-de-carton-y-eliminara-las-anillas-de-plastico-a-partir-de-2020\/\" \/>\n<meta property=\"og:locale\" content=\"es_ES\" \/>\n<meta property=\"og:type\" content=\"article\" \/>\n<meta property=\"og:title\" content=\"Coca Cola apuesta por el envase de cart\u00f3n y eliminar\u00e1 las anillas de pl\u00e1stico a partir de 2020 - ASPACK NEWS\" \/>\n<meta property=\"og:description\" content=\"La sostenibilidad y la b\u00fasqueda de soluciones ecol\u00f3gicas para el packaging son tendencias imparables a las que cada vez se suman m\u00e1s marcas. Una de las \u00faltimas ha sido Coca Cola, que ha anunciado que va a dejar de utilizar anillas de pl\u00e1stico para unir los packs de latas de refrescos y que en su&hellip;\" \/>\n<meta property=\"og:url\" content=\"http:\/\/www.aspack.es\/news\/coca-cola-apuesta-por-el-envase-de-carton-y-eliminara-las-anillas-de-plastico-a-partir-de-2020\/\" \/>\n<meta property=\"og:site_name\" content=\"ASPACK NEWS\" \/>\n<meta property=\"article:published_time\" content=\"2019-11-12T10:23:47+00:00\" \/>\n<meta property=\"article:modified_time\" content=\"2019-12-12T12:40:18+00:00\" \/>\n<meta property=\"og:image\" content=\"http:\/\/www.aspack.es\/news\/wp-content\/uploads\/2019\/11\/coca-cola-envase-carton.jpg\" \/>\n\t<meta property=\"og:image:width\" content=\"1000\" \/>\n\t<meta property=\"og:image:height\" content=\"673\" \/>\n\t<meta property=\"og:image:type\" content=\"image\/jpeg\" \/>\n<meta name=\"author\" content=\"admin\" \/>\n<meta name=\"twitter:card\" content=\"summary_large_image\" \/>\n<meta name=\"twitter:label1\" content=\"Escrito por\" \/>\n\t<meta name=\"twitter:data1\" content=\"admin\" \/>\n\t<meta name=\"twitter:label2\" content=\"Tiempo de lectura\" \/>\n\t<meta name=\"twitter:data2\" content=\"1 minuto\" \/>\n<script type=\"application\/ld+json\" class=\"yoast-schema-graph\">{\"@context\":\"https:\/\/schema.org\",\"@graph\":[{\"@type\":\"WebPage\",\"@id\":\"http:\/\/www.aspack.es\/news\/coca-cola-apuesta-por-el-envase-de-carton-y-eliminara-las-anillas-de-plastico-a-partir-de-2020\/\",\"url\":\"http:\/\/www.aspack.es\/news\/coca-cola-apuesta-por-el-envase-de-carton-y-eliminara-las-anillas-de-plastico-a-partir-de-2020\/\",\"name\":\"Coca Cola apuesta por el envase de cart\u00f3n y eliminar\u00e1 las anillas de pl\u00e1stico a partir de 2020 - ASPACK NEWS\",\"isPartOf\":{\"@id\":\"https:\/\/www.aspack.es\/news\/#website\"},\"primaryImageOfPage\":{\"@id\":\"http:\/\/www.aspack.es\/news\/coca-cola-apuesta-por-el-envase-de-carton-y-eliminara-las-anillas-de-plastico-a-partir-de-2020\/#primaryimage\"},\"image\":{\"@id\":\"http:\/\/www.aspack.es\/news\/coca-cola-apuesta-por-el-envase-de-carton-y-eliminara-las-anillas-de-plastico-a-partir-de-2020\/#primaryimage\"},\"thumbnailUrl\":\"https:\/\/www.aspack.es\/news\/wp-content\/uploads\/2019\/11\/coca-cola-envase-carton.jpg\",\"datePublished\":\"2019-11-12T10:23:47+00:00\",\"dateModified\":\"2019-12-12T12:40:18+00:00\",\"author\":{\"@id\":\"https:\/\/www.aspack.es\/news\/#\/schema\/person\/0019098322836346476fc7dfdbd26d95\"},\"breadcrumb\":{\"@id\":\"http:\/\/www.aspack.es\/news\/coca-cola-apuesta-por-el-envase-de-carton-y-eliminara-las-anillas-de-plastico-a-partir-de-2020\/#breadcrumb\"},\"inLanguage\":\"es\",\"potentialAction\":[{\"@type\":\"ReadAction\",\"target\":[\"http:\/\/www.aspack.es\/news\/coca-cola-apuesta-por-el-envase-de-carton-y-eliminara-las-anillas-de-plastico-a-partir-de-2020\/\"]}]},{\"@type\":\"ImageObject\",\"inLanguage\":\"es\",\"@id\":\"http:\/\/www.aspack.es\/news\/coca-cola-apuesta-por-el-envase-de-carton-y-eliminara-las-anillas-de-plastico-a-partir-de-2020\/#primaryimage\",\"url\":\"https:\/\/www.aspack.es\/news\/wp-content\/uploads\/2019\/11\/coca-cola-envase-carton.jpg\",\"contentUrl\":\"https:\/\/www.aspack.es\/news\/wp-content\/uploads\/2019\/11\/coca-cola-envase-carton.jpg\",\"width\":1000,\"height\":673},{\"@type\":\"BreadcrumbList\",\"@id\":\"http:\/\/www.aspack.es\/news\/coca-cola-apuesta-por-el-envase-de-carton-y-eliminara-las-anillas-de-plastico-a-partir-de-2020\/#breadcrumb\",\"itemListElement\":[{\"@type\":\"ListItem\",\"position\":1,\"name\":\"Portada\",\"item\":\"https:\/\/www.aspack.es\/news\/\"},{\"@type\":\"ListItem\",\"position\":2,\"name\":\"Coca Cola apuesta por el envase de cart\u00f3n y eliminar\u00e1 las anillas de pl\u00e1stico a partir de 2020\"}]},{\"@type\":\"WebSite\",\"@id\":\"https:\/\/www.aspack.es\/news\/#website\",\"url\":\"https:\/\/www.aspack.es\/news\/\",\"name\":\"ASPACK NEWS\",\"description\":\"El peri?dico digital de los envases de cart?n\",\"potentialAction\":[{\"@type\":\"SearchAction\",\"target\":{\"@type\":\"EntryPoint\",\"urlTemplate\":\"https:\/\/www.aspack.es\/news\/?s={search_term_string}\"},\"query-input\":{\"@type\":\"PropertyValueSpecification\",\"valueRequired\":true,\"valueName\":\"search_term_string\"}}],\"inLanguage\":\"es\"},{\"@type\":\"Person\",\"@id\":\"https:\/\/www.aspack.es\/news\/#\/schema\/person\/0019098322836346476fc7dfdbd26d95\",\"name\":\"admin\",\"image\":{\"@type\":\"ImageObject\",\"inLanguage\":\"es\",\"@id\":\"https:\/\/www.aspack.es\/news\/#\/schema\/person\/image\/\",\"url\":\"https:\/\/secure.gravatar.com\/avatar\/6a6c60542c39a2d052b8b1e8c5145e669bf888b9b229b3da0e43092daac8a32e?s=96&d=mm&r=g\",\"contentUrl\":\"https:\/\/secure.gravatar.com\/avatar\/6a6c60542c39a2d052b8b1e8c5145e669bf888b9b229b3da0e43092daac8a32e?s=96&d=mm&r=g\",\"caption\":\"admin\"},\"url\":\"https:\/\/www.aspack.es\/news\/author\/admin\/\"}]}<\/script>\n<!-- \/ Yoast SEO plugin. -->","yoast_head_json":{"title":"Coca Cola apuesta por el envase de cart\u00f3n y eliminar\u00e1 las anillas de pl\u00e1stico a partir de 2020 - ASPACK NEWS","robots":{"index":"index","follow":"follow","max-snippet":"max-snippet:-1","max-image-preview":"max-image-preview:large","max-video-preview":"max-video-preview:-1"},"canonical":"http:\/\/www.aspack.es\/news\/coca-cola-apuesta-por-el-envase-de-carton-y-eliminara-las-anillas-de-plastico-a-partir-de-2020\/","og_locale":"es_ES","og_type":"article","og_title":"Coca Cola apuesta por el envase de cart\u00f3n y eliminar\u00e1 las anillas de pl\u00e1stico a partir de 2020 - ASPACK NEWS","og_description":"La sostenibilidad y la b\u00fasqueda de soluciones ecol\u00f3gicas para el packaging son tendencias imparables a las que cada vez se suman m\u00e1s marcas. Una de las \u00faltimas ha sido Coca Cola, que ha anunciado que va a dejar de utilizar anillas de pl\u00e1stico para unir los packs de latas de refrescos y que en su&hellip;","og_url":"http:\/\/www.aspack.es\/news\/coca-cola-apuesta-por-el-envase-de-carton-y-eliminara-las-anillas-de-plastico-a-partir-de-2020\/","og_site_name":"ASPACK NEWS","article_published_time":"2019-11-12T10:23:47+00:00","article_modified_time":"2019-12-12T12:40:18+00:00","og_image":[{"width":1000,"height":673,"url":"http:\/\/www.aspack.es\/news\/wp-content\/uploads\/2019\/11\/coca-cola-envase-carton.jpg","type":"image\/jpeg"}],"author":"admin","twitter_card":"summary_large_image","twitter_misc":{"Escrito por":"admin","Tiempo de lectura":"1 minuto"},"schema":{"@context":"https:\/\/schema.org","@graph":[{"@type":"WebPage","@id":"http:\/\/www.aspack.es\/news\/coca-cola-apuesta-por-el-envase-de-carton-y-eliminara-las-anillas-de-plastico-a-partir-de-2020\/","url":"http:\/\/www.aspack.es\/news\/coca-cola-apuesta-por-el-envase-de-carton-y-eliminara-las-anillas-de-plastico-a-partir-de-2020\/","name":"Coca Cola apuesta por el envase de cart\u00f3n y eliminar\u00e1 las anillas de pl\u00e1stico a partir de 2020 - ASPACK NEWS","isPartOf":{"@id":"https:\/\/www.aspack.es\/news\/#website"},"primaryImageOfPage":{"@id":"http:\/\/www.aspack.es\/news\/coca-cola-apuesta-por-el-envase-de-carton-y-eliminara-las-anillas-de-plastico-a-partir-de-2020\/#primaryimage"},"image":{"@id":"http:\/\/www.aspack.es\/news\/coca-cola-apuesta-por-el-envase-de-carton-y-eliminara-las-anillas-de-plastico-a-partir-de-2020\/#primaryimage"},"thumbnailUrl":"https:\/\/www.aspack.es\/news\/wp-content\/uploads\/2019\/11\/coca-cola-envase-carton.jpg","datePublished":"2019-11-12T10:23:47+00:00","dateModified":"2019-12-12T12:40:18+00:00","author":{"@id":"https:\/\/www.aspack.es\/news\/#\/schema\/person\/0019098322836346476fc7dfdbd26d95"},"breadcrumb":{"@id":"http:\/\/www.aspack.es\/news\/coca-cola-apuesta-por-el-envase-de-carton-y-eliminara-las-anillas-de-plastico-a-partir-de-2020\/#breadcrumb"},"inLanguage":"es","potentialAction":[{"@type":"ReadAction","target":["http:\/\/www.aspack.es\/news\/coca-cola-apuesta-por-el-envase-de-carton-y-eliminara-las-anillas-de-plastico-a-partir-de-2020\/"]}]},{"@type":"ImageObject","inLanguage":"es","@id":"http:\/\/www.aspack.es\/news\/coca-cola-apuesta-por-el-envase-de-carton-y-eliminara-las-anillas-de-plastico-a-partir-de-2020\/#primaryimage","url":"https:\/\/www.aspack.es\/news\/wp-content\/uploads\/2019\/11\/coca-cola-envase-carton.jpg","contentUrl":"https:\/\/www.aspack.es\/news\/wp-content\/uploads\/2019\/11\/coca-cola-envase-carton.jpg","width":1000,"height":673},{"@type":"BreadcrumbList","@id":"http:\/\/www.aspack.es\/news\/coca-cola-apuesta-por-el-envase-de-carton-y-eliminara-las-anillas-de-plastico-a-partir-de-2020\/#breadcrumb","itemListElement":[{"@type":"ListItem","position":1,"name":"Portada","item":"https:\/\/www.aspack.es\/news\/"},{"@type":"ListItem","position":2,"name":"Coca Cola apuesta por el envase de cart\u00f3n y eliminar\u00e1 las anillas de pl\u00e1stico a partir de 2020"}]},{"@type":"WebSite","@id":"https:\/\/www.aspack.es\/news\/#website","url":"https:\/\/www.aspack.es\/news\/","name":"ASPACK NEWS","description":"El peri?dico digital de los envases de cart?n","potentialAction":[{"@type":"SearchAction","target":{"@type":"EntryPoint","urlTemplate":"https:\/\/www.aspack.es\/news\/?s={search_term_string}"},"query-input":{"@type":"PropertyValueSpecification","valueRequired":true,"valueName":"search_term_string"}}],"inLanguage":"es"},{"@type":"Person","@id":"https:\/\/www.aspack.es\/news\/#\/schema\/person\/0019098322836346476fc7dfdbd26d95","name":"admin","image":{"@type":"ImageObject","inLanguage":"es","@id":"https:\/\/www.aspack.es\/news\/#\/schema\/person\/image\/","url":"https:\/\/secure.gravatar.com\/avatar\/6a6c60542c39a2d052b8b1e8c5145e669bf888b9b229b3da0e43092daac8a32e?s=96&d=mm&r=g","contentUrl":"https:\/\/secure.gravatar.com\/avatar\/6a6c60542c39a2d052b8b1e8c5145e669bf888b9b229b3da0e43092daac8a32e?s=96&d=mm&r=g","caption":"admin"},"url":"https:\/\/www.aspack.es\/news\/author\/admin\/"}]}},"_links":{"self":[{"href":"https:\/\/www.aspack.es\/news\/wp-json\/wp\/v2\/posts\/998","targetHints":{"allow":["GET"]}}],"collection":[{"href":"https:\/\/www.aspack.es\/news\/wp-json\/wp\/v2\/posts"}],"about":[{"href":"https:\/\/www.aspack.es\/news\/wp-json\/wp\/v2\/types\/post"}],"author":[{"embeddable":true,"href":"https:\/\/www.aspack.es\/news\/wp-json\/wp\/v2\/users\/1"}],"replies":[{"embeddable":true,"href":"https:\/\/www.aspack.es\/news\/wp-json\/wp\/v2\/comments?post=998"}],"version-history":[{"count":2,"href":"https:\/\/www.aspack.es\/news\/wp-json\/wp\/v2\/posts\/998\/revisions"}],"predecessor-version":[{"id":1010,"href":"https:\/\/www.aspack.es\/news\/wp-json\/wp\/v2\/posts\/998\/revisions\/1010"}],"wp:featuredmedia":[{"embeddable":true,"href":"https:\/\/www.aspack.es\/news\/wp-json\/wp\/v2\/media\/1000"}],"wp:attachment":[{"href":"https:\/\/www.aspack.es\/news\/wp-json\/wp\/v2\/media?parent=998"}],"wp:term":[{"taxonomy":"category","embeddable":true,"href":"https:\/\/www.aspack.es\/news\/wp-json\/wp\/v2\/categories?post=998"},{"taxonomy":"post_tag","embeddable":true,"href":"https:\/\/www.aspack.es\/news\/wp-json\/wp\/v2\/tags?post=998"}],"curies":[{"name":"wp","href":"https:\/\/api.w.org\/{rel}","templated":true}]}}